{"id":488,"date":"2021-05-25T09:42:00","date_gmt":"2021-05-25T09:42:00","guid":{"rendered":"http:\/\/raicesandaluzas.com\/revista\/?p=488"},"modified":"2021-07-12T09:47:11","modified_gmt":"2021-07-12T09:47:11","slug":"miguel-poveda-y-victor-manuel-pondran-voz-al-flamenco-y-la-mineria-en-la-60-edicion-del-festival-del-cante-de-las-minas","status":"publish","type":"post","link":"https:\/\/raicesandaluzas.com\/revista\/2021\/05\/25\/miguel-poveda-y-victor-manuel-pondran-voz-al-flamenco-y-la-mineria-en-la-60-edicion-del-festival-del-cante-de-las-minas\/","title":{"rendered":"Miguel Poveda y V\u00edctor Manuel pondr\u00e1n voz al flamenco y la miner\u00eda en la 60 edici\u00f3n del Festival del Cante de Las Minas"},"content":{"rendered":"\n<p>El m\u00edtico tablao flamenco madrile\u00f1o \u2018El Corral de la Morer\u00eda\u2019 -que cumple 65 a\u00f1os tras su reciente reapertura-, sede del Festival del Cante de las Minas en la capital del Reino de Espa\u00f1a y con un aforo reducido para cumplir con las exigencias sanitarias, ha sido el lugar elegido un a\u00f1o m\u00e1s para presentar la programaci\u00f3n de galas y actuaciones de la que ser\u00e1 la 60 edici\u00f3n del certamen unionense.<br>El acto, que ha contado con D. Armando del Rey -copropietario y director de Corral de la Morer\u00eda- como anfitri\u00f3n, ha reunido en el tablao madrile\u00f1o a D\u00f1a. Lyra Pui\u0161yt\u0117-Bostroem, embajadora de la Rep\u00fablica de Lituania en el Reino de Espa\u00f1a; D. Jos\u00e9 Ram\u00f3n Palaz\u00f3n, director general del Instituto de las Industrias Culturales y las Artes de la Comunidad Aut\u00f3noma de la Regi\u00f3n de Murcia; D\u00f1a. Elena Jos\u00e9 Lozano Bleda, concejala de Cultura del Excmo. Ayuntamiento de La Uni\u00f3n; as\u00ed como miembros de la Equipo de Gobierno del Ayuntamiento de La Uni\u00f3n, t\u00e9cnicos de la Fundaci\u00f3n Cante de las Minas y medios de comunicaci\u00f3n convocados.<br>Se trata de una edici\u00f3n que retoma las actuaciones en vivo tras un a\u00f1o de pausa para disfrutar \u201cdel mejor flamenco y romper las fronteras\u201d, tal y como destac\u00f3 el director general del ICA, quien defini\u00f3 la vuelta del festival como el \u201cb\u00e1lsamo emocional que todos necesitamos en estos d\u00edas raros; las experiencias y sentimientos que solo pueden ofrecer los espect\u00e1culos en vivo\u201d. \u201cEs una edici\u00f3n nueva y fresca en la que volver a sentir y curar el ama gracias a la cultura y el flamenco\u201d, a\u00f1adi\u00f3.<br>Fue la concejala de Cultura del Ayuntamiento de La Uni\u00f3n, Elena Jos\u00e9 Lozano, la encargada de dar las claves de la programaci\u00f3n de esta 60 edici\u00f3n en la que el festival ha apostado por la valent\u00eda de volver a ponerse en marcha de forma presencial, \u201cvolver a emocionar a la gente y vibrar con la visita al municipio y con el flamenco\u201d.<br>Ser\u00e1 V\u00edctor Manuel el pregonero de esta nueva edici\u00f3n, \u201cun pregonero de lujo que nos vuelve a recordar el origen esencial del festival que es la miner\u00eda y que est\u00e1 presente en todo el territorio\u201d, tal y como inform\u00f3 la concejala. Su espect\u00e1culo recordar\u00e1 las canciones de sus primeros a\u00f1os y la vida en las minas que el cantante ha vivido a trav\u00e9s de sus ra\u00edces familiares. Se suma Miguel Poveda para llevar esa parte de flamenco y el quej\u00edo en una figura que lleva el nombre de La Uni\u00f3n all\u00ed donde va como L\u00e1mpara Minera.<br>Como \u201cde las crisis siempre salen fortalezas\u201d, el festival se refuerza con \u2018El Cante en la Calle\u2019, enriquecido y potenciado en esta edici\u00f3n con siete l\u00e1mparas mineras que ofrecer\u00e1n flamenco al m\u00e1ximo nivel de forma gratuita a los pies del Mercado.<br>La concejala quiso agradecer a las diferentes sedes que organizan las fases selectivas \u201cpor ponerse en marcha y hacer que llegue el flamenco a toda Espa\u00f1a y que as\u00ed llegue en agosto hasta La Uni\u00f3n\u201d, as\u00ed como a las administraciones y artistas por apostar por la presencialidad en esta edici\u00f3n tan especial.<br>El acto cont\u00f3 tambi\u00e9n con la asistencia del bailar\u00edn y core\u00f3grafo Antonio Najarro, quien destac\u00f3 la val\u00eda del festival de \u201cayudar a los artistas a que podamos exhibir nuestros trabajos en estos momentos que tanto necesitamos\u201d. \u201cTenemos la suerte de poder decir que estamos bailando en nuestro pa\u00eds y eso es gracias a vosotros\u201d, a\u00f1adi\u00f3. Por su parte, el violinista Paco Montalvo, tambi\u00e9n presente en la presentaci\u00f3n, hizo referencia a su ilusi\u00f3n por volver a este festival internacional. \u201cCuando me preguntan lugares especiales donde he tenido la suerte de actuar, sin lugar a dudas el Festival del Cante de las Minas es uno de ellos. Son de esas noches en las que los artistas tenemos un momento muy especial en el que queremos dar lo m\u00e1ximo\u201d, afirm\u00f3.<br><\/p>\n\n\n\n<p><strong>Programaci\u00f3n<\/strong><br>El programa de galas para este a\u00f1o se inicia con la gala de ganadores el 29 de julio, con la participaci\u00f3n de Mat\u00edas L\u00f3pez Exp\u00f3sito \u2018El Mati\u2019 (L\u00e1mpara Minera), Alejandro Solano (Fil\u00f3n),<br>Olga Llorente (Desplante), y Jos\u00e9 Ferm\u00edn Fern\u00e1ndez (Bord\u00f3n). Ser\u00e1 al d\u00eda siguiente cuando tendr\u00e1 lugar la actuaci\u00f3n de la Compa\u00f1\u00eda de Danza de Antonio Najarro, que traer\u00e1 a La Uni\u00f3n el espect\u00e1culo \u2018Alento\u2019, donde el exdirector del Ballet Nacional de Espa\u00f1a ofrece su visi\u00f3n personal de la danza cl\u00e1sica espa\u00f1ola, en un montaje que refleja su estilo como creador.<br>El cantautor, compositor y productor asturiano V\u00edctor Manuel traer\u00e1 a La Uni\u00f3n su nueva gira \u201cVolver para cantarlo\u201d el s\u00e1bado 31 de julio, en un recorrido po\u00e9tico por su vida y la de la sociedad espa\u00f1ola con las canciones de la mano. Con su espect\u00e1culo se remarca el origen del festival, con un homenaje a trav\u00e9s de la m\u00fasica a los mineros.<br>Tras su exitoso paso por la Catedral del Cante, Paco Montalvo, m\u00e1ximo representante a nivel mundial del viol\u00edn flamenco, har\u00e1 parada de nuevo en la ciudad minera con su gira \u2018Leyenda\u2019 el domingo 1 de agosto.<br>El lunes 2 de agosto ser\u00e1 el turno del cantaor Miguel Poveda, quien se hiciera con cuatro premios en el Festival del Cante de las Minas de 1993, entre ellos la preciada \u2018L\u00e1mpara Minera\u2019. El barcelon\u00e9s, quien siente gran cari\u00f1o por la ciudad que le vio nacer art\u00edsticamente, sigue alcanzando cotas de \u00e9xito sin precedentes, habi\u00e9ndose convertido en un referente y uno de los artistas m\u00e1s respetados del mundo del flamenco.<br>El programa de galas tendr\u00e1 su broche de oro con la actuaci\u00f3n de \u2018La joya del piano flamenco\u2019 el martes 3 de agosto. El pianista Dorantes viajar\u00e1 con su jazz-flamenco por sus sentidos y su realidad cultural con su espect\u00e1culo \u201cIdentidad\u201d, su primera obra introspectiva. En esta ocasi\u00f3n, el pianista sevillano contar\u00e1 con la colaboraci\u00f3n del cantaor Pedro \u2018El Grana\u00edno\u2019.<br>Tras las galas llegar\u00e1 el momento de los concursos de cante, guitarra, baile e instrumentista flamencos, cuyos semifinalistas clasificados en las diferentes pruebas selectivas realizadas a lo largo de la geograf\u00eda de nuestro pa\u00eds, participar\u00e1n en las semifinales los d\u00edas 4, 5 y 6 de agosto. El s\u00e1bado 7 de agosto, la final reunir\u00e1 a los mejores concursantes que se disputar\u00e1n los trofeos \u2018L\u00e1mpara Minera\u2019 (primer premio en la categor\u00eda de cante flamenco, y dotado con la cantidad de 16.000 euros), \u2018Bord\u00f3n Minero\u2019 (primer premio en la categor\u00eda de guitarra flamenca, y dotado con la cantidad de 6.000 euros), \u2018Desplante\u2019 (primer premio en la categor\u00eda de baile flamenco y dotado con la cantidad de 6.000 euros tanto en la categor\u00eda femenina como masculina) y \u2018Fil\u00f3n\u2019 (primer premio en la categor\u00eda de instrumentista flamenco, dotado con la cantidad de 6.000 euros).<\/p>\n\n\n\n<p><br><strong>UNA EDICI\u00d3N ESPECIAL QUE REUNIR\u00c1 A OCHO L\u00c1MPARAS MINERAS<\/strong><br>El Festival Internacional del Cante de las Minas, en su apuesta fuerte por sus ganadores en los \u00faltimos a\u00f1os, juntar\u00e1 para esta edici\u00f3n especial a un total de ocho ganadores del trofeo \u2018L\u00e1mpara Minera\u2019, m\u00e1ximo galard\u00f3n en la categor\u00eda de cante flamenco.<br>As\u00ed, el programa de actuaciones \u2018El Cante en la Calle\u2019, que cada a\u00f1o acerca el flamenco a la ciudadan\u00eda y visitantes en la \u2018Avenida del Flamenco\u2019 de forma gratuita, contar\u00e1 en la presente edici\u00f3n con un total de siete ganadores del preciado trofeo, y que junto con Miguel Poveda (gala flamenca del 2 de agosto) sumar\u00e1n los ocho m\u00e1ximos ganadores que se dar\u00e1n cita en una misma edici\u00f3n.<br>La Uni\u00f3n disfrutar\u00e1 cada tarde de cante flamenco al aire libre, a los pies de la \u2018Catedral del Cante\u2019, con las voces y el arte de Mar\u00eda Jos\u00e9 Carrasco (L\u00e1mpara Minera 2018) el pr\u00f3ximo 29 de julio, quien vendr\u00e1 acompa\u00f1ada de su hija, la joven cantaora revelaci\u00f3n Reyes Carrasco (ganadora de la categor\u00eda infantil del concurso del programa televisivo \u201cTierra de Talento\u201d, que emite Canal Sur); el cantaor sevillano Manuel Cuevas (L\u00e1mpara Minera 2002) ser\u00e1 el encargado de dar voz a las tardes de La Uni\u00f3n el 30 de julio, a quien suceder\u00e1 Juan Pinilla (L\u00e1mpara Minera 2007) el 31 de julio. La cantaora malague\u00f1a Antonia Contreras (L\u00e1mpara Minera 2016) volver\u00e1 a La Uni\u00f3n el 1 de agosto, un d\u00eda antes que la cantaora extreme\u00f1a Celia Romero (L\u00e1mpara Minera 2011) quien actuar\u00e1 el 2 de agosto. La cantaora almeriense Mar\u00eda Jos\u00e9 P\u00e9rez (L\u00e1mpara Minera 2015) actuar\u00e1 el 5 de agosto, y cerrar\u00e1 el programa de actuaciones de L\u00e1mparas Mineras el cantaor extreme\u00f1o Miguel de Tena (L\u00e1mpara Minera 2006) el 6 de agosto.<\/p>\n\n\n\n<p><br><strong>LITUANIA, PA\u00cdS HOMENAJEADO<\/strong><br>El Festival Internacional del Cante de las Minas homenajea este a\u00f1o a la Rep\u00fablica de Lituania, a quien otorgar\u00e1 el premio \u2018Catedral del Cante\u2019 por su labor en la promoci\u00f3n del flamenco a trav\u00e9s del Consulado de la Rep\u00fablica de Lituania en Espa\u00f1a, desde donde hace m\u00e1s de una d\u00e9cada se viene desarrollando un amplio programa de actividades formativas como son las clases de cante jondo en la Academia Lituana de M\u00fasica y Teatro (Vilnius).<\/p>\n\n\n\n<p><br><strong>VICTOR MANUEL, PREGONERO DE LUJO<\/strong><br>El cantautor asturiano V\u00edctor Manuel, hijo de ferroviario, pero nieto de mineros, ser\u00e1 el encargado de pregonar la 60 edici\u00f3n del Festival de La Uni\u00f3n. El compositor, cantante y productor musical y cinematogr\u00e1fico, ha dedicado algunas de sus mejores canciones a la miner\u00eda, al trabajo en las profundas galer\u00edas y en los tajos oscuros. Varias de esas canciones, como \u2018El abuelo V\u00edctor\u2019, \u2018Asturias\u2019 o \u2018La planta 14\u2019 -canci\u00f3n en la que el int\u00e9rprete asturiano revive el dramatismo al pie de un pozo minero cuando sobreviene la tragedia-, se han convertido en himnos de la miner\u00eda asturiana con gui\u00f1os a la lucha obrera del momento.<\/p>\n\n\n\n<p><br><strong>UN FESTIVAL SEGURO, AL AIRE LIBRE<\/strong><br>La pandemia ocasionada por la Covid-19 ha obligado a tomar medidas para hacer del Festival del Cante de las Minas una experiencia cultural segura. Por ello, y aprovechando las ventajas de una climatolog\u00eda envidiable, la 60 edici\u00f3n del festival vuelve a sus or\u00edgenes cuando se celebraban los primeros concursos al aire libre, tanto en la terraza Arg\u00fcelles como en los jardines Mery.<br>En esta edici\u00f3n cambiamos la m\u00edtica \u2018Catedral del Cante\u2019 por otro s\u00edmbolo de la actividad minera de la zona: La Maquinista de Levante. Fundada en 1890 por el empresario minero Miguel Zapata -conocido como \u2018T\u00edo Lobo\u2019-, se instal\u00f3 junto a la estaci\u00f3n del tren Herrer\u00edas-Cartagena, siendo centro<br>de apoyo a sus negocios en Portm\u00e1n. Esta fundici\u00f3n dispon\u00eda de talleres de fundici\u00f3n y produc\u00eda maquinaria pesada, calderer\u00eda y motores para el desag\u00fce de las minas, y posteriormente se convirti\u00f3 en empresa proveedora de las minas de Cartagena y Mazarr\u00f3n.<\/p>\n\n\n\n<p><br><strong>ABIRTO EL PLAZO PARA CONCURSAR<\/strong><br>Hasta el pr\u00f3ximo d\u00eda 1 de junio, siguen abiertos los plazos para que puedan formalizar su inscripci\u00f3n los artistas que deseen participar en alguno de los cuatro prestigiosos concursos que se celebran en el certamen unionense: el de cante flamenco (trofeo \u2018L\u00e1mpara Minera\u2019), el de guitarra flamenca (trofeo \u2018Bord\u00f3n Minero\u2019), el de baile flamenco (trofeo \u2018Desplante\u2019 masculino y femenino) y el de instrumentista flamenco (trofeo \u2018Fil\u00f3n\u2019). El plazo para inscribirse en este \u00faltimo concurso se cerrar\u00e1 unas semanas despu\u00e9s, concretamente el 15 de junio.<br>Las competiciones art\u00edsticas de La Uni\u00f3n est\u00e1n consideradas como un referente en el mundo del Flamenco entre cr\u00edtica y p\u00fablico, debido a la seriedad y el prestigio ganado a lo largo de su ya dilatada historia, como acredita el hecho de que por ellas hayan pasado para concursar grandes figuras de esta m\u00fasica, como por ejemplo Miguel Poveda, Vicente Amigo, Maite Mart\u00edn, Israel Galv\u00e1n, Pitingo, Luis de C\u00f3rdoba, Rosario \u2018La Tremendita\u2019 Javier Latorre, Abd\u00f3n Alcaraz, Pepe Bao, Carlos Pi\u00f1ana, Roc\u00edo M\u00e1rquez, Juan Habichuela Nieto, David Lagos, Agust\u00edn Carbonell \u2018El Bola\u2019, Alba Heredia, Eduardo Guerrero, Ricardo Fern\u00e1ndez del Moral o Sergio de Lope.<br>El Festival del Cante de las Minas viajar\u00e1 por todo el territorio nacional desde finales de mayo y hasta el mes de julio, donde realizar\u00e1 las diferentes pruebas selectivas de donde saldr\u00e1n los artistas que concursar\u00e1n en las semifinales en la ciudad minera. Ciudades como \u00c1lora (M\u00e1laga), Sagunto (Valencia), Valladolid, Madrid, Rojales, (Alicante), Viator (Almer\u00eda), Fabero (Le\u00f3n), Los Palacios y Villafranca (Sevilla) se convierten en los pr\u00f3ximos d\u00edas en sedes del Festival, y donde se disputar\u00e1 el sue\u00f1o de unos pocos por conseguir el camino a la excelencia flamenca.<br>Lydia Mart\u00edn<\/p>\n","protected":false},"excerpt":{"rendered":"<p>El m\u00edtico tablao flamenco madrile\u00f1o \u2018El Corral de la Morer\u00eda\u2019 -que cumple 65 a\u00f1os tras su reciente reapertura-, sede del Festival del Cante de las Minas en la capital del Reino de Espa\u00f1a y con un aforo reducido para cumplir con las exigencias sanitarias, ha sido el lugar elegido un a\u00f1o m\u00e1s para presentar la [&hellip;]<\/p>\n","protected":false},"author":1,"featured_media":489,"comment_status":"open","ping_status":"open","sticky":false,"template":"","format":"standard","meta":{"footnotes":""},"categories":[22],"tags":[],"class_list":{"0":"post-488","1":"post","2":"type-post","3":"status-publish","4":"format-standard","5":"has-post-thumbnail","7":"category-flamenco"},"_links":{"self":[{"href":"https:\/\/raicesandaluzas.com\/revista\/wp-json\/wp\/v2\/posts\/488","targetHints":{"allow":["GET"]}}],"collection":[{"href":"https:\/\/raicesandaluzas.com\/revista\/wp-json\/wp\/v2\/posts"}],"about":[{"href":"https:\/\/raicesandaluzas.com\/revista\/wp-json\/wp\/v2\/types\/post"}],"author":[{"embeddable":true,"href":"https:\/\/raicesandaluzas.com\/revista\/wp-json\/wp\/v2\/users\/1"}],"replies":[{"embeddable":true,"href":"https:\/\/raicesandaluzas.com\/revista\/wp-json\/wp\/v2\/comments?post=488"}],"version-history":[{"count":1,"href":"https:\/\/raicesandaluzas.com\/revista\/wp-json\/wp\/v2\/posts\/488\/revisions"}],"predecessor-version":[{"id":490,"href":"https:\/\/raicesandaluzas.com\/revista\/wp-json\/wp\/v2\/posts\/488\/revisions\/490"}],"wp:featuredmedia":[{"embeddable":true,"href":"https:\/\/raicesandaluzas.com\/revista\/wp-json\/wp\/v2\/media\/489"}],"wp:attachment":[{"href":"https:\/\/raicesandaluzas.com\/revista\/wp-json\/wp\/v2\/media?parent=488"}],"wp:term":[{"taxonomy":"category","embeddable":true,"href":"https:\/\/raicesandaluzas.com\/revista\/wp-json\/wp\/v2\/categories?post=488"},{"taxonomy":"post_tag","embeddable":true,"href":"https:\/\/raicesandaluzas.com\/revista\/wp-json\/wp\/v2\/tags?post=488"}],"curies":[{"name":"wp","href":"https:\/\/api.w.org\/{rel}","templated":true}]}}