{"id":482,"date":"2018-08-11T08:39:00","date_gmt":"2018-08-11T08:39:00","guid":{"rendered":"http:\/\/raicesandaluzas.com\/revista\/?p=482"},"modified":"2021-07-16T11:21:43","modified_gmt":"2021-07-16T11:21:43","slug":"maria-jose-carrasco-conquista-la-lampara-minera-2018","status":"publish","type":"post","link":"https:\/\/raicesandaluzas.com\/revista\/2018\/08\/11\/maria-jose-carrasco-conquista-la-lampara-minera-2018\/","title":{"rendered":"Mar\u00eda Jos\u00e9 Carrasco conquista la L\u00e1mpara Minera 2018"},"content":{"rendered":"\n<p>Mar\u00eda Jos\u00e9 Ru\u00edz Morales \u201cMar\u00eda Jos\u00e9 Carrasco\u201d se ha alzado esta noche con la L\u00e1mpara Minera de la LVIII edici\u00f3n del Festival Internacional del Cante de las Minas. El m\u00e1ximo galard\u00f3n del concurso de flamenco m\u00e1s importante del mundo est\u00e1 dotado con 15.000 euros. El jurado ha otorgado la m\u00e1xima puntuaci\u00f3n a esta aspirante de Los Palacios y Villaffranca de Sevilla por su completo recital, donde ha ejecutado de forma magistral la minera.&nbsp;<\/p>\n\n\n\n<p>Mar\u00eda Jos\u00e9 Carrasco pas\u00f3 por La Uni\u00f3n en 2004, 2005 y 2006 siendo finalista aunque no ha sido hasta 2018 cuando ha alcanzado la gloria de la L\u00e1mpara Minera.<\/p>\n\n\n\n<p>La sevillana ha confiesado que \u201cahora mismo estoy en una nube. Me acuerdo de tantas y tantas personas que me han ayudado\u201d. La cantaora se ha hecho popular por un tocado de romero con el que ha actuado las dos noches \u201cf\u00edjate que esta vez ha sido la \u00fanica vez que se me ha olvidado, pero me lo ha prestado una vecina de aqu\u00ed y mira que suerte\u201d<\/p>\n\n\n\n<p>La L\u00e1mpara Minera 2018 ha asegurado que ha sentido una magia y una conexi\u00f3n especial con el p\u00fablico de La Uni\u00f3n ya desde la noche de la semifinal y reconoce la importancia de este premio.&nbsp;<\/p>\n\n\n\n<p>En la categor\u00eda de baile, Hugo L\u00f3pez se ha alzado con el trofeo Desplante masculino dotado con 9.000 euros tras una brillante ejecuci\u00f3n de un taranto y una seguiriya sobre las tablas de la Catedral del Cante. El bailaor cordob\u00e9s ha asegurado \u201cestar flotando, lleno de alegr\u00eda. Adem\u00e1s, este premio es un poco de todos ellos, de todos mis compa\u00f1eros\u201d<\/p>\n\n\n\n<p>La mejor bailaora con el premio Desplante femenino (9.000\u20ac) de esta 58 edici\u00f3n del Festival ha sido la madrile\u00f1a M\u00f3nica Iglesias convirti\u00e9ndose, de esta forma, en la primera ganadora en categor\u00eda femenina. Para la artista, este premio supone \u201cuna gran emoci\u00f3n y el fruto a muchos esfuerzos y sacrificios\u201d.<\/p>\n\n\n\n<p>Por su parte, el pianista de Sevilla Andr\u00e9s Barrios ha resultado ganador de esta edici\u00f3n dentro de la categor\u00eda de instrumentista flamenco obteniendo el premio Fil\u00f3n dotado con 6.000 euros. Barrios ha sido el primer artista en abrir esta gran final. El sevillano considera el piano \u201cun instrumento muy amplio y vers\u00e1til para poder expresar lo m\u00e1s profundo del flamenco\u201d.<\/p>\n\n\n\n<p>El jurado ha considerado que Andr\u00e9s Carbonell \u201cEl Bola\u201d era merecedor del premio Bord\u00f3n que cada a\u00f1o se otorga al mejor guitarrista. El galard\u00f3n est\u00e1 dotado con 6.000\u20ac. Para el tocaor de Barcelona \u201ceste premio debe de poner a la guitarra flamenca en el sitio que le corresponde dentro de la m\u00fasica y del flamenco\u201d.<\/p>\n\n\n\n<figure class=\"wp-block-gallery columns-3 is-cropped wp-block-gallery-1 is-layout-flex wp-block-gallery-is-layout-flex\"><ul class=\"blocks-gallery-grid\"><li class=\"blocks-gallery-item\"><figure><a href=\"https:\/\/raicesandaluzas.com\/revista\/wp-content\/uploads\/2021\/07\/cante_minas_2018_04.jpg\"><img loading=\"lazy\" decoding=\"async\" width=\"900\" height=\"600\" src=\"https:\/\/raicesandaluzas.com\/revista\/wp-content\/uploads\/2021\/07\/cante_minas_2018_04.jpg\" alt=\"\" data-id=\"483\" data-full-url=\"https:\/\/raicesandaluzas.com\/revista\/wp-content\/uploads\/2021\/07\/cante_minas_2018_04.jpg\" data-link=\"https:\/\/raicesandaluzas.com\/revista\/?attachment_id=483\" class=\"wp-image-483\" srcset=\"https:\/\/raicesandaluzas.com\/revista\/wp-content\/uploads\/2021\/07\/cante_minas_2018_04.jpg 900w, https:\/\/raicesandaluzas.com\/revista\/wp-content\/uploads\/2021\/07\/cante_minas_2018_04-300x200.jpg 300w, https:\/\/raicesandaluzas.com\/revista\/wp-content\/uploads\/2021\/07\/cante_minas_2018_04-768x512.jpg 768w, https:\/\/raicesandaluzas.com\/revista\/wp-content\/uploads\/2021\/07\/cante_minas_2018_04-696x464.jpg 696w, https:\/\/raicesandaluzas.com\/revista\/wp-content\/uploads\/2021\/07\/cante_minas_2018_04-630x420.jpg 630w\" sizes=\"auto, (max-width: 900px) 100vw, 900px\" \/><\/a><\/figure><\/li><li class=\"blocks-gallery-item\"><figure><a href=\"https:\/\/raicesandaluzas.com\/revista\/wp-content\/uploads\/2021\/07\/cante_minas_2018_02.jpg\"><img loading=\"lazy\" decoding=\"async\" width=\"900\" height=\"600\" src=\"https:\/\/raicesandaluzas.com\/revista\/wp-content\/uploads\/2021\/07\/cante_minas_2018_02.jpg\" alt=\"\" data-id=\"484\" data-full-url=\"https:\/\/raicesandaluzas.com\/revista\/wp-content\/uploads\/2021\/07\/cante_minas_2018_02.jpg\" data-link=\"https:\/\/raicesandaluzas.com\/revista\/?attachment_id=484\" class=\"wp-image-484\" srcset=\"https:\/\/raicesandaluzas.com\/revista\/wp-content\/uploads\/2021\/07\/cante_minas_2018_02.jpg 900w, https:\/\/raicesandaluzas.com\/revista\/wp-content\/uploads\/2021\/07\/cante_minas_2018_02-300x200.jpg 300w, https:\/\/raicesandaluzas.com\/revista\/wp-content\/uploads\/2021\/07\/cante_minas_2018_02-768x512.jpg 768w, https:\/\/raicesandaluzas.com\/revista\/wp-content\/uploads\/2021\/07\/cante_minas_2018_02-696x464.jpg 696w, https:\/\/raicesandaluzas.com\/revista\/wp-content\/uploads\/2021\/07\/cante_minas_2018_02-630x420.jpg 630w\" sizes=\"auto, (max-width: 900px) 100vw, 900px\" \/><\/a><\/figure><\/li><li class=\"blocks-gallery-item\"><figure><a href=\"https:\/\/raicesandaluzas.com\/revista\/wp-content\/uploads\/2021\/07\/cante_minas_2018_03.jpg\"><img loading=\"lazy\" decoding=\"async\" width=\"900\" height=\"600\" src=\"https:\/\/raicesandaluzas.com\/revista\/wp-content\/uploads\/2021\/07\/cante_minas_2018_03.jpg\" alt=\"\" data-id=\"485\" data-full-url=\"https:\/\/raicesandaluzas.com\/revista\/wp-content\/uploads\/2021\/07\/cante_minas_2018_03.jpg\" data-link=\"https:\/\/raicesandaluzas.com\/revista\/?attachment_id=485\" class=\"wp-image-485\" srcset=\"https:\/\/raicesandaluzas.com\/revista\/wp-content\/uploads\/2021\/07\/cante_minas_2018_03.jpg 900w, https:\/\/raicesandaluzas.com\/revista\/wp-content\/uploads\/2021\/07\/cante_minas_2018_03-300x200.jpg 300w, https:\/\/raicesandaluzas.com\/revista\/wp-content\/uploads\/2021\/07\/cante_minas_2018_03-768x512.jpg 768w, https:\/\/raicesandaluzas.com\/revista\/wp-content\/uploads\/2021\/07\/cante_minas_2018_03-696x464.jpg 696w, https:\/\/raicesandaluzas.com\/revista\/wp-content\/uploads\/2021\/07\/cante_minas_2018_03-630x420.jpg 630w\" sizes=\"auto, (max-width: 900px) 100vw, 900px\" \/><\/a><\/figure><\/li><\/ul><\/figure>\n\n\n\n<p><strong>SEGUNDOS CLASIFICADOS Y OTROS PREMIOS<\/strong><\/p>\n\n\n\n<p>En la categor\u00eda de instrumentista flamenco ha obtenido el segundo premio (3.000\u20ac) el pianista Juan Antonio S\u00e1nchez de la Torre mientras que el segundo clasificado en baile masculino Adrian Santana ha conseguido 4.500\u20ac de premio. El segundo premio de guitarra flamenca ha ido a parar a Luis Medina (3.000\u20ac).<\/p>\n\n\n\n<p>Manuel Cuevas se ha alzado con el premio de cartageneras (3.000\u20ac) mientras que Francisco Escudero \u201cEl Perrete\u201d ha obtenido los premios de tarantas (3.000\u20ac) y dentro de la categor\u00eda de murcianas y otros cantes mineros por su interpretaci\u00f3n del murciana y levanticas (3.000\u20ac) han sido Evaristo Cuevas.&nbsp;<\/p>\n\n\n\n<p>En la categor\u00eda de malague\u00f1as, Jos\u00e9 Garc\u00eda \u201cEl Petro\u201d ha sido el vencedor con una dotaci\u00f3n de 3.000\u20ac. En la categor\u00eda de cantes bajoandalucez, Loreto Arn\u00e1iz \u201cLoreto de Diego\u201d por la interpretaci\u00f3n de una siguiriya con 3.000\u20ac. \u00c1lvaro Rodr\u00edguez se ha llevado el premio de los cantes bajo andaluces dentro del grupo de sole\u00e1s con otros 3.000\u20ac.<\/p>\n\n\n\n<p>Francisco Escudero \u201cEl Perrete\u201d tambi\u00e9n repetido por unos fandangos extreme\u00f1os con otro premio de 3.000\u20ac<\/p>\n\n\n\n<p>Y por \u00faltimo, dentro de la categor\u00eda de cantes, Araceli Campillos y Mar\u00eda del Carmen Gonz\u00e1lez con 3.000\u20ac como premio especial para j\u00f3venes cantaores.<\/p>\n\n\n\n<p>Fotograf\u00edas: Jos\u00e9 Serrano\/Manuel Arce<\/p>\n","protected":false},"excerpt":{"rendered":"<p>Mar\u00eda Jos\u00e9 Ru\u00edz Morales \u201cMar\u00eda Jos\u00e9 Carrasco\u201d se ha alzado esta noche con la L\u00e1mpara Minera de la LVIII edici\u00f3n del Festival Internacional del Cante de las Minas. El m\u00e1ximo galard\u00f3n del concurso de flamenco m\u00e1s importante del mundo est\u00e1 dotado con 15.000 euros. El jurado ha otorgado la m\u00e1xima puntuaci\u00f3n a esta aspirante de [&hellip;]<\/p>\n","protected":false},"author":1,"featured_media":486,"comment_status":"open","ping_status":"open","sticky":false,"template":"","format":"standard","meta":{"footnotes":""},"categories":[22],"tags":[],"class_list":{"0":"post-482","1":"post","2":"type-post","3":"status-publish","4":"format-standard","5":"has-post-thumbnail","7":"category-flamenco"},"_links":{"self":[{"href":"https:\/\/raicesandaluzas.com\/revista\/wp-json\/wp\/v2\/posts\/482","targetHints":{"allow":["GET"]}}],"collection":[{"href":"https:\/\/raicesandaluzas.com\/revista\/wp-json\/wp\/v2\/posts"}],"about":[{"href":"https:\/\/raicesandaluzas.com\/revista\/wp-json\/wp\/v2\/types\/post"}],"author":[{"embeddable":true,"href":"https:\/\/raicesandaluzas.com\/revista\/wp-json\/wp\/v2\/users\/1"}],"replies":[{"embeddable":true,"href":"https:\/\/raicesandaluzas.com\/revista\/wp-json\/wp\/v2\/comments?post=482"}],"version-history":[{"count":2,"href":"https:\/\/raicesandaluzas.com\/revista\/wp-json\/wp\/v2\/posts\/482\/revisions"}],"predecessor-version":[{"id":500,"href":"https:\/\/raicesandaluzas.com\/revista\/wp-json\/wp\/v2\/posts\/482\/revisions\/500"}],"wp:featuredmedia":[{"embeddable":true,"href":"https:\/\/raicesandaluzas.com\/revista\/wp-json\/wp\/v2\/media\/486"}],"wp:attachment":[{"href":"https:\/\/raicesandaluzas.com\/revista\/wp-json\/wp\/v2\/media?parent=482"}],"wp:term":[{"taxonomy":"category","embeddable":true,"href":"https:\/\/raicesandaluzas.com\/revista\/wp-json\/wp\/v2\/categories?post=482"},{"taxonomy":"post_tag","embeddable":true,"href":"https:\/\/raicesandaluzas.com\/revista\/wp-json\/wp\/v2\/tags?post=482"}],"curies":[{"name":"wp","href":"https:\/\/api.w.org\/{rel}","templated":true}]}}