{"id":473,"date":"2019-08-11T08:15:00","date_gmt":"2019-08-11T08:15:00","guid":{"rendered":"http:\/\/raicesandaluzas.com\/revista\/?p=473"},"modified":"2021-07-12T08:20:51","modified_gmt":"2021-07-12T08:20:51","slug":"matias-lopez-exposito-el-mati-ganador-de-la-lampara-minera-en-la-59-edicion-del-festival-del-cante-de-las-minas-de-la-union","status":"publish","type":"post","link":"https:\/\/raicesandaluzas.com\/revista\/2019\/08\/11\/matias-lopez-exposito-el-mati-ganador-de-la-lampara-minera-en-la-59-edicion-del-festival-del-cante-de-las-minas-de-la-union\/","title":{"rendered":"Mat\u00edas L\u00f3pez Exp\u00f3sito \u201cEl Mati\u201d ganador de la L\u00e1mpara Minera en la 59 edici\u00f3n del Festival del Cante de las Minas de La Uni\u00f3n"},"content":{"rendered":"\n<p>Mat\u00edas L\u00f3pez Exp\u00f3sito \u201cEl Mati\u201d de Barcelona ha resultado el ganador de la L\u00e1mpara Minera en la 59 edici\u00f3n del Festival del Cante de las Minas de La Uni\u00f3n. El jurado ha determinado otorgarle el principal galard\u00f3n del festival unionense \u201cpor su mayor dominio y conocimiento de los cantes mineros y ha demostrado su solvencia en otros estilos flamencos\u201d. El premio est\u00e1 dotado con 16.000 euros. Asimismo, el Mati ha ganado el primer premio de Mineras, dotado con 5.000 euros y el premio dentro del Grupo III de Cantes Bajo Andaluces, tambi\u00e9n cifrado en 5.000 euros, por su interpretaci\u00f3n de Seguiriya y Tientos.<\/p>\n\n\n\n<p>El Mati comienza su andadura art\u00edstica a la temprana edad de los 12 a\u00f1os, aunque no es hasta los 19 cuando decide dedicarse plenamente a ello. M\u00fasico polifac\u00e9tico, no solo le interesa el flamenco, sino que trabaja tambi\u00e9n con el jazz. Ha acompa\u00f1ado a artistas tan reconocidos como Esperanza Fern\u00e1ndez, Rafael Jim\u00e9nez \u201cFalo\u201d, \u201cEl Pele\u201d, Pepe Habichuela, Chano Dom\u00ednguez, Jorge Pardo, Manolo Mar\u00edn, Cristina Hoyos, Antonio Canales, Juan Antonio Su\u00e1rez \u201cCano\u201d, Sergio de Lope, Manuel Li\u00f1\u00e1n, Pastora Galv\u00e1n, Rafael Campallo o Israel Galv\u00e1n.<\/p>\n\n\n\n<p>Francisco Escudero M\u00e1rquez \u201cEl Perrete\u201d de Badajoz ha ganado el premio al Grupo I de Cantes Mineros, dotado con la cantidad de 5.000 euros por su interpretaci\u00f3n de la Taranta y Levantica y el Grupo II que son cantes de M\u00e1laga, Granada, C\u00f3rdoba y Huelva por su interpretaci\u00f3n de la Malague\u00f1a y Fandangos.<\/p>\n\n\n\n<p>El Premio Bord\u00f3n Minero, dotado con 6.000 euros, ha ido a parar al granadino Jos\u00e9 Ferm\u00edn Fern\u00e1ndez por su interpretaci\u00f3n de Taranto y Buler\u00eda. El Fil\u00f3n, tambi\u00e9n dotado con 6.000 euros, ha reca\u00eddo sobre el cartagenero, Alejandro Solano que con la marimba ha interpretado Taranto y Seguiriya-Buler\u00edas.<\/p>\n\n\n\n<p>Olga Aznar Garc\u00eda de Barcelona gana el Desplante Femenino dotado con 6.000 euros por su interpretaci\u00f3n de Caracoles y Tarantos. El premio Desplante Masculino ha resultado desierto este a\u00f1o por decisi\u00f3n del jurado.<\/p>\n\n\n\n<figure class=\"wp-block-gallery columns-3 is-cropped wp-block-gallery-1 is-layout-flex wp-block-gallery-is-layout-flex\"><ul class=\"blocks-gallery-grid\"><li class=\"blocks-gallery-item\"><figure><a href=\"https:\/\/raicesandaluzas.com\/revista\/wp-content\/uploads\/2021\/07\/cante_minas_2019_04.jpg\"><img loading=\"lazy\" decoding=\"async\" width=\"900\" height=\"600\" src=\"https:\/\/raicesandaluzas.com\/revista\/wp-content\/uploads\/2021\/07\/cante_minas_2019_04.jpg\" alt=\"\" data-id=\"474\" data-full-url=\"https:\/\/raicesandaluzas.com\/revista\/wp-content\/uploads\/2021\/07\/cante_minas_2019_04.jpg\" data-link=\"https:\/\/raicesandaluzas.com\/revista\/?attachment_id=474\" class=\"wp-image-474\" srcset=\"https:\/\/raicesandaluzas.com\/revista\/wp-content\/uploads\/2021\/07\/cante_minas_2019_04.jpg 900w, https:\/\/raicesandaluzas.com\/revista\/wp-content\/uploads\/2021\/07\/cante_minas_2019_04-300x200.jpg 300w, https:\/\/raicesandaluzas.com\/revista\/wp-content\/uploads\/2021\/07\/cante_minas_2019_04-768x512.jpg 768w, https:\/\/raicesandaluzas.com\/revista\/wp-content\/uploads\/2021\/07\/cante_minas_2019_04-696x464.jpg 696w, https:\/\/raicesandaluzas.com\/revista\/wp-content\/uploads\/2021\/07\/cante_minas_2019_04-630x420.jpg 630w\" sizes=\"auto, (max-width: 900px) 100vw, 900px\" \/><\/a><\/figure><\/li><li class=\"blocks-gallery-item\"><figure><a href=\"https:\/\/raicesandaluzas.com\/revista\/wp-content\/uploads\/2021\/07\/cante_minas_2019_05.jpg\"><img loading=\"lazy\" decoding=\"async\" width=\"900\" height=\"600\" src=\"https:\/\/raicesandaluzas.com\/revista\/wp-content\/uploads\/2021\/07\/cante_minas_2019_05.jpg\" alt=\"\" data-id=\"475\" data-full-url=\"https:\/\/raicesandaluzas.com\/revista\/wp-content\/uploads\/2021\/07\/cante_minas_2019_05.jpg\" data-link=\"https:\/\/raicesandaluzas.com\/revista\/?attachment_id=475\" class=\"wp-image-475\" srcset=\"https:\/\/raicesandaluzas.com\/revista\/wp-content\/uploads\/2021\/07\/cante_minas_2019_05.jpg 900w, https:\/\/raicesandaluzas.com\/revista\/wp-content\/uploads\/2021\/07\/cante_minas_2019_05-300x200.jpg 300w, https:\/\/raicesandaluzas.com\/revista\/wp-content\/uploads\/2021\/07\/cante_minas_2019_05-768x512.jpg 768w, https:\/\/raicesandaluzas.com\/revista\/wp-content\/uploads\/2021\/07\/cante_minas_2019_05-696x464.jpg 696w, https:\/\/raicesandaluzas.com\/revista\/wp-content\/uploads\/2021\/07\/cante_minas_2019_05-630x420.jpg 630w\" sizes=\"auto, (max-width: 900px) 100vw, 900px\" \/><\/a><\/figure><\/li><li class=\"blocks-gallery-item\"><figure><a href=\"https:\/\/raicesandaluzas.com\/revista\/wp-content\/uploads\/2021\/07\/cante_minas_2019_06.jpg\"><img loading=\"lazy\" decoding=\"async\" width=\"900\" height=\"600\" src=\"https:\/\/raicesandaluzas.com\/revista\/wp-content\/uploads\/2021\/07\/cante_minas_2019_06.jpg\" alt=\"\" data-id=\"476\" data-full-url=\"https:\/\/raicesandaluzas.com\/revista\/wp-content\/uploads\/2021\/07\/cante_minas_2019_06.jpg\" data-link=\"https:\/\/raicesandaluzas.com\/revista\/?attachment_id=476\" class=\"wp-image-476\" srcset=\"https:\/\/raicesandaluzas.com\/revista\/wp-content\/uploads\/2021\/07\/cante_minas_2019_06.jpg 900w, https:\/\/raicesandaluzas.com\/revista\/wp-content\/uploads\/2021\/07\/cante_minas_2019_06-300x200.jpg 300w, https:\/\/raicesandaluzas.com\/revista\/wp-content\/uploads\/2021\/07\/cante_minas_2019_06-768x512.jpg 768w, https:\/\/raicesandaluzas.com\/revista\/wp-content\/uploads\/2021\/07\/cante_minas_2019_06-696x464.jpg 696w, https:\/\/raicesandaluzas.com\/revista\/wp-content\/uploads\/2021\/07\/cante_minas_2019_06-630x420.jpg 630w\" sizes=\"auto, (max-width: 900px) 100vw, 900px\" \/><\/a><\/figure><\/li><li class=\"blocks-gallery-item\"><figure><a href=\"https:\/\/raicesandaluzas.com\/revista\/wp-content\/uploads\/2021\/07\/cante_minas_2019_07.jpg\"><img loading=\"lazy\" decoding=\"async\" width=\"900\" height=\"600\" src=\"https:\/\/raicesandaluzas.com\/revista\/wp-content\/uploads\/2021\/07\/cante_minas_2019_07.jpg\" alt=\"\" data-id=\"477\" data-full-url=\"https:\/\/raicesandaluzas.com\/revista\/wp-content\/uploads\/2021\/07\/cante_minas_2019_07.jpg\" data-link=\"https:\/\/raicesandaluzas.com\/revista\/?attachment_id=477\" class=\"wp-image-477\" srcset=\"https:\/\/raicesandaluzas.com\/revista\/wp-content\/uploads\/2021\/07\/cante_minas_2019_07.jpg 900w, https:\/\/raicesandaluzas.com\/revista\/wp-content\/uploads\/2021\/07\/cante_minas_2019_07-300x200.jpg 300w, https:\/\/raicesandaluzas.com\/revista\/wp-content\/uploads\/2021\/07\/cante_minas_2019_07-768x512.jpg 768w, https:\/\/raicesandaluzas.com\/revista\/wp-content\/uploads\/2021\/07\/cante_minas_2019_07-696x464.jpg 696w, https:\/\/raicesandaluzas.com\/revista\/wp-content\/uploads\/2021\/07\/cante_minas_2019_07-630x420.jpg 630w\" sizes=\"auto, (max-width: 900px) 100vw, 900px\" \/><\/a><\/figure><\/li><li class=\"blocks-gallery-item\"><figure><a href=\"https:\/\/raicesandaluzas.com\/revista\/wp-content\/uploads\/2021\/07\/cante_minas_2019_02.jpg\"><img loading=\"lazy\" decoding=\"async\" width=\"900\" height=\"600\" src=\"https:\/\/raicesandaluzas.com\/revista\/wp-content\/uploads\/2021\/07\/cante_minas_2019_02.jpg\" alt=\"\" data-id=\"478\" data-full-url=\"https:\/\/raicesandaluzas.com\/revista\/wp-content\/uploads\/2021\/07\/cante_minas_2019_02.jpg\" data-link=\"https:\/\/raicesandaluzas.com\/revista\/?attachment_id=478\" class=\"wp-image-478\" srcset=\"https:\/\/raicesandaluzas.com\/revista\/wp-content\/uploads\/2021\/07\/cante_minas_2019_02.jpg 900w, https:\/\/raicesandaluzas.com\/revista\/wp-content\/uploads\/2021\/07\/cante_minas_2019_02-300x200.jpg 300w, https:\/\/raicesandaluzas.com\/revista\/wp-content\/uploads\/2021\/07\/cante_minas_2019_02-768x512.jpg 768w, https:\/\/raicesandaluzas.com\/revista\/wp-content\/uploads\/2021\/07\/cante_minas_2019_02-696x464.jpg 696w, https:\/\/raicesandaluzas.com\/revista\/wp-content\/uploads\/2021\/07\/cante_minas_2019_02-630x420.jpg 630w\" sizes=\"auto, (max-width: 900px) 100vw, 900px\" \/><\/a><\/figure><\/li><li class=\"blocks-gallery-item\"><figure><a href=\"https:\/\/raicesandaluzas.com\/revista\/wp-content\/uploads\/2021\/07\/cante_minas_2019_03.jpg\"><img loading=\"lazy\" decoding=\"async\" width=\"900\" height=\"600\" src=\"https:\/\/raicesandaluzas.com\/revista\/wp-content\/uploads\/2021\/07\/cante_minas_2019_03.jpg\" alt=\"\" data-id=\"479\" data-full-url=\"https:\/\/raicesandaluzas.com\/revista\/wp-content\/uploads\/2021\/07\/cante_minas_2019_03.jpg\" data-link=\"https:\/\/raicesandaluzas.com\/revista\/?attachment_id=479\" class=\"wp-image-479\" srcset=\"https:\/\/raicesandaluzas.com\/revista\/wp-content\/uploads\/2021\/07\/cante_minas_2019_03.jpg 900w, https:\/\/raicesandaluzas.com\/revista\/wp-content\/uploads\/2021\/07\/cante_minas_2019_03-300x200.jpg 300w, https:\/\/raicesandaluzas.com\/revista\/wp-content\/uploads\/2021\/07\/cante_minas_2019_03-768x512.jpg 768w, https:\/\/raicesandaluzas.com\/revista\/wp-content\/uploads\/2021\/07\/cante_minas_2019_03-696x464.jpg 696w, https:\/\/raicesandaluzas.com\/revista\/wp-content\/uploads\/2021\/07\/cante_minas_2019_03-630x420.jpg 630w\" sizes=\"auto, (max-width: 900px) 100vw, 900px\" \/><\/a><\/figure><\/li><\/ul><figcaption class=\"blocks-gallery-caption\">Fotograf\u00edas: Jos\u00e9 Serrano\/Manuel Arce<\/figcaption><\/figure>\n","protected":false},"excerpt":{"rendered":"<p>Mat\u00edas L\u00f3pez Exp\u00f3sito \u201cEl Mati\u201d de Barcelona ha resultado el ganador de la L\u00e1mpara Minera en la 59 edici\u00f3n del Festival del Cante de las Minas de La Uni\u00f3n. El jurado ha determinado otorgarle el principal galard\u00f3n del festival unionense \u201cpor su mayor dominio y conocimiento de los cantes mineros y ha demostrado su solvencia [&hellip;]<\/p>\n","protected":false},"author":1,"featured_media":480,"comment_status":"open","ping_status":"open","sticky":false,"template":"","format":"standard","meta":{"footnotes":""},"categories":[22],"tags":[],"class_list":{"0":"post-473","1":"post","2":"type-post","3":"status-publish","4":"format-standard","5":"has-post-thumbnail","7":"category-flamenco"},"_links":{"self":[{"href":"https:\/\/raicesandaluzas.com\/revista\/wp-json\/wp\/v2\/posts\/473","targetHints":{"allow":["GET"]}}],"collection":[{"href":"https:\/\/raicesandaluzas.com\/revista\/wp-json\/wp\/v2\/posts"}],"about":[{"href":"https:\/\/raicesandaluzas.com\/revista\/wp-json\/wp\/v2\/types\/post"}],"author":[{"embeddable":true,"href":"https:\/\/raicesandaluzas.com\/revista\/wp-json\/wp\/v2\/users\/1"}],"replies":[{"embeddable":true,"href":"https:\/\/raicesandaluzas.com\/revista\/wp-json\/wp\/v2\/comments?post=473"}],"version-history":[{"count":1,"href":"https:\/\/raicesandaluzas.com\/revista\/wp-json\/wp\/v2\/posts\/473\/revisions"}],"predecessor-version":[{"id":481,"href":"https:\/\/raicesandaluzas.com\/revista\/wp-json\/wp\/v2\/posts\/473\/revisions\/481"}],"wp:featuredmedia":[{"embeddable":true,"href":"https:\/\/raicesandaluzas.com\/revista\/wp-json\/wp\/v2\/media\/480"}],"wp:attachment":[{"href":"https:\/\/raicesandaluzas.com\/revista\/wp-json\/wp\/v2\/media?parent=473"}],"wp:term":[{"taxonomy":"category","embeddable":true,"href":"https:\/\/raicesandaluzas.com\/revista\/wp-json\/wp\/v2\/categories?post=473"},{"taxonomy":"post_tag","embeddable":true,"href":"https:\/\/raicesandaluzas.com\/revista\/wp-json\/wp\/v2\/tags?post=473"}],"curies":[{"name":"wp","href":"https:\/\/api.w.org\/{rel}","templated":true}]}}