{"id":449,"date":"2021-06-29T08:54:04","date_gmt":"2021-06-29T08:54:04","guid":{"rendered":"http:\/\/raicesandaluzas.com\/revista\/?p=449"},"modified":"2021-06-29T08:54:07","modified_gmt":"2021-06-29T08:54:07","slug":"ultimos-dias-para-participar-en-el-xv-concurso-de-fotografia-rociera-del-cercat","status":"publish","type":"post","link":"https:\/\/raicesandaluzas.com\/revista\/2021\/06\/29\/ultimos-dias-para-participar-en-el-xv-concurso-de-fotografia-rociera-del-cercat\/","title":{"rendered":"\u00daltimos d\u00edas para participar en el XV Concurso de Fotograf\u00eda Rociera del CERCAT"},"content":{"rendered":"\n<p>Hasta ma\u00f1ana, 30 de junio, se puede participar en el XV Concurso de Fotograf\u00eda Rociera del Centro de Estudios Rocieros y Cultura Andaluza en Catalunya (CERCAT), que como en 2020 es una edici\u00f3n especial y adaptada a los tiempos de pandemia. Sin celebraciones de Semana Santa, Feria de Abril o Roc\u00edo, el CERCAT anima a los participantes a buscar en sus archivos fotogr\u00e1ficos y a participar con im\u00e1genes de pasadas ediciones.  <\/p>\n\n\n\n<p>En esta edici\u00f3n de nuevo especial especial, el certamen consolida su formato con dos temas principales y un tema especial. El tema principal y cl\u00e1sico es el de \u00abRomer\u00eda del Roc\u00edo\u00bb, que engloba todos los actos del movimiento rociero en Catalunya (Romer\u00eda del Roc\u00edo, cambios de vara, pregones rocieros, peregrinaciones, etc), as\u00ed como las fotograf\u00edas realizadas a las Hermandades afincadas en Catalunya que realizan los actos marianos en la Romer\u00eda de Almonte. El segundo tema es \u00abCatalunya cofrade\u00bb, que recoge cualquier expresi\u00f3n de la cultura y fe que realizan las Hermandades de Pasi\u00f3n en Catalunya. Asimismo, se establece el tema especial \u201cFeria de Abril catalana\u201d, que engloba cualquiera de sus ediciones y cualquier expresi\u00f3n de cultura popular que se celebre en el Real durante los d\u00edas de Feria.<\/p>\n\n\n\n<p>El concurso est\u00e1 abierto al p\u00fablico general y cada autor podr\u00e1 presentar cinco fotograf\u00edas que deben enviarse telem\u00e1ticamente a trav\u00e9s de la p\u00e1gina web\u00a0<a href=\"http:\/\/cercat.es\/inscripcion-concurso-2021.html\" target=\"_blank\" rel=\"noreferrer noopener\">www.cercat.es<\/a>. Las fotograf\u00edas deben ser archivos jpg, tener un tama\u00f1o m\u00ednimo en su parte m\u00e1s larga de 1.024 p\u00edxeles y con un peso m\u00e1ximo de 5 Mb. Para concursar se debe acceder a www.cercat.es, y cumplimentar el formulario de participaci\u00f3n en el que se podr\u00e1n adjuntar las fotograf\u00edas. El participante deber\u00e1 informar de los siguientes datos: Tema, t\u00edtulo de la imagen, nombre y apellidos del concursante, nombre y domicilio del concursante, direcci\u00f3n de correo electr\u00f3nico de contacto, tel\u00e9fono de contacto, y fecha y lugar donde se realiz\u00f3 la fotografia.<\/p>\n\n\n\n<p>En las categor\u00edas de Roc\u00edo y Catalunya cofrade se repartir\u00e1n tres primeros premios, dotados con 150 euros, 100 euros y 50 euros cada uno, y un cuarto tambi\u00e9n de 50 euros. Adem\u00e1s, el primero de cada una de las categor\u00edas recibir\u00e1 una medalla Federaci\u00f3 Catalana de Fotografia, que reconoce el concurso y colabora en la organizaci\u00f3n del mismo. En la categor\u00eda de Feria de Abril entregar\u00e1 un primer premio dotado con 100 euros.<\/p>\n\n\n\n<p>Se pueden presentar \u00a0fotograf\u00edas hasta el 30 del mismo mes. El jurado deliberar\u00e1 el 6 de julio y los premios se entregar\u00e1n el 10 de julio en un acto virtual, tal y como se realiz\u00f3 el pasado a\u00f1o 2020.<\/p>\n","protected":false},"excerpt":{"rendered":"<p>Hasta ma\u00f1ana, 30 de junio, se puede participar en el XV Concurso de Fotograf\u00eda Rociera del Centro de Estudios Rocieros y Cultura Andaluza en Catalunya (CERCAT), que como en 2020 es una edici\u00f3n especial y adaptada a los tiempos de pandemia. Sin celebraciones de Semana Santa, Feria de Abril o Roc\u00edo, el CERCAT anima a [&hellip;]<\/p>\n","protected":false},"author":1,"featured_media":420,"comment_status":"open","ping_status":"open","sticky":false,"template":"","format":"standard","meta":{"footnotes":""},"categories":[19,21],"tags":[],"class_list":{"0":"post-449","1":"post","2":"type-post","3":"status-publish","4":"format-standard","5":"has-post-thumbnail","7":"category-actualidad","8":"category-raices-rocieras"},"_links":{"self":[{"href":"https:\/\/raicesandaluzas.com\/revista\/wp-json\/wp\/v2\/posts\/449","targetHints":{"allow":["GET"]}}],"collection":[{"href":"https:\/\/raicesandaluzas.com\/revista\/wp-json\/wp\/v2\/posts"}],"about":[{"href":"https:\/\/raicesandaluzas.com\/revista\/wp-json\/wp\/v2\/types\/post"}],"author":[{"embeddable":true,"href":"https:\/\/raicesandaluzas.com\/revista\/wp-json\/wp\/v2\/users\/1"}],"replies":[{"embeddable":true,"href":"https:\/\/raicesandaluzas.com\/revista\/wp-json\/wp\/v2\/comments?post=449"}],"version-history":[{"count":1,"href":"https:\/\/raicesandaluzas.com\/revista\/wp-json\/wp\/v2\/posts\/449\/revisions"}],"predecessor-version":[{"id":450,"href":"https:\/\/raicesandaluzas.com\/revista\/wp-json\/wp\/v2\/posts\/449\/revisions\/450"}],"wp:featuredmedia":[{"embeddable":true,"href":"https:\/\/raicesandaluzas.com\/revista\/wp-json\/wp\/v2\/media\/420"}],"wp:attachment":[{"href":"https:\/\/raicesandaluzas.com\/revista\/wp-json\/wp\/v2\/media?parent=449"}],"wp:term":[{"taxonomy":"category","embeddable":true,"href":"https:\/\/raicesandaluzas.com\/revista\/wp-json\/wp\/v2\/categories?post=449"},{"taxonomy":"post_tag","embeddable":true,"href":"https:\/\/raicesandaluzas.com\/revista\/wp-json\/wp\/v2\/tags?post=449"}],"curies":[{"name":"wp","href":"https:\/\/api.w.org\/{rel}","templated":true}]}}