{"id":400,"date":"2021-05-20T11:27:20","date_gmt":"2021-05-20T11:27:20","guid":{"rendered":"http:\/\/raicesandaluzas.com\/revista\/?p=400"},"modified":"2021-05-20T11:27:54","modified_gmt":"2021-05-20T11:27:54","slug":"la-fecac-organiza-un-rocio-con-aforos-limitados-y-actos-virtuales","status":"publish","type":"post","link":"https:\/\/raicesandaluzas.com\/revista\/2021\/05\/20\/la-fecac-organiza-un-rocio-con-aforos-limitados-y-actos-virtuales\/","title":{"rendered":"La FECAC organiza un Roc\u00edo con aforos limitados y actos virtuales"},"content":{"rendered":"\n<p>Este 2021, como el a\u00f1o pasado, no podr\u00e1 celebrarse la Romer\u00eda del Roc\u00edo en Catalunya de manera convencional. As\u00ed como en el 2020 era impensable realizar ning\u00fan acto, en este a\u00f1o la mejor\u00eda del estado de la pandemia y la crisis sanitaria provocada por la Covid19 ha permitido a la Federaci\u00f3n de Entidades Culturales Andaluzas en Catalunya (FECAC) poder confeccionar un programa de actos para que los rocieros catalanes puedan estar cerca de la Virgen del Roc\u00edo. Todos los actos de celebraci\u00f3n de Pentecost\u00e9s se llevar\u00e1n a cabo en la Iglesia de Sant Mart\u00ed de Cerdanyola del Vall\u00e8s, donde la imagen de la Virgen est\u00e1 expuesta todo el a\u00f1o.<\/p>\n\n\n\n<p>El inicio del Roc\u00edo de Esperanza, como lo ha nombrado la FECAC, ser\u00e1 esta misma noche de jueves, 20 de mayo, a las 19 horas, con la misa de inicio de Pentecost\u00e9s oficiada por Mn. Joan Carles Montserrat Pulido a la que asistir\u00e1n los presidentes y Hermanos Mayores de las hermandades y la junta directiva de la FECAC.<\/p>\n\n\n\n<p>El viernes, 21 de mayo, a las 18 horas, el canal de <a href=\"https:\/\/www.youtube.com\/channel\/UC6lLiZfFwGYDnRIZz4FW_AQ\" target=\"_blank\" rel=\"noreferrer noopener\">youtube de la FECAC<\/a> retransmitir\u00e1 el saluda a cargo del presidente de la FECAC, Daniel Salinero, el rector de la Iglesia de Sant Mart\u00ed, Joan Carles Montserrat, el alcalde de Cerdanyola del Vall\u00e8s. Carlos Cord\u00f3n, y el alcalde de Terrassa, Jordi Ballart.<\/p>\n\n\n\n<p>La recepci\u00f3n de las hermandades ser\u00e1, como es tradicional, el s\u00e1bado de Pentecost\u00e9s, d\u00eda 22 de mayo. Las hermandades tendr\u00e1n media hora para reencontrarse con la Virgen e ir\u00e1n pasando, como siempre, por orden de antig\u00fcedad.<\/p>\n\n\n\n<p>El domingo, a las 11 horas, tendr\u00e1 lugar la Misa de Pentecost\u00e9s, que ser\u00e1 presidida por el Arzobispo electo de Sevilla y Administrador Diocesano de Terrassa, Monse\u00f1or Jos\u00e9 \u00c1ngel Saiz Meneses, que har\u00e1 la homilia y que ser\u00e1 retransmitida por el canal de Youtube de la FECAC. Al acto asistir\u00e1n los presidentes y los Hermanos Mayores de las hermandades y la junta directiva de la FECAC.<\/p>\n\n\n\n<p>Por \u00faltimo, el Rosario se rezar\u00e1 a partir de las 21 horas del domingo 23 de mayo y ser\u00e1 virtual, retransmitido por el canal de Youtube de la FECAC desde la Iglesia de Sant Mart\u00ed. &nbsp;<\/p>\n","protected":false},"excerpt":{"rendered":"<p>Este 2021, como el a\u00f1o pasado, no podr\u00e1 celebrarse la Romer\u00eda del Roc\u00edo en Catalunya de manera convencional. As\u00ed como en el 2020 era impensable realizar ning\u00fan acto, en este a\u00f1o la mejor\u00eda del estado de la pandemia y la crisis sanitaria provocada por la Covid19 ha permitido a la Federaci\u00f3n de Entidades Culturales Andaluzas [&hellip;]<\/p>\n","protected":false},"author":1,"featured_media":401,"comment_status":"open","ping_status":"open","sticky":false,"template":"","format":"standard","meta":{"footnotes":""},"categories":[21],"tags":[],"class_list":{"0":"post-400","1":"post","2":"type-post","3":"status-publish","4":"format-standard","5":"has-post-thumbnail","7":"category-raices-rocieras"},"_links":{"self":[{"href":"https:\/\/raicesandaluzas.com\/revista\/wp-json\/wp\/v2\/posts\/400","targetHints":{"allow":["GET"]}}],"collection":[{"href":"https:\/\/raicesandaluzas.com\/revista\/wp-json\/wp\/v2\/posts"}],"about":[{"href":"https:\/\/raicesandaluzas.com\/revista\/wp-json\/wp\/v2\/types\/post"}],"author":[{"embeddable":true,"href":"https:\/\/raicesandaluzas.com\/revista\/wp-json\/wp\/v2\/users\/1"}],"replies":[{"embeddable":true,"href":"https:\/\/raicesandaluzas.com\/revista\/wp-json\/wp\/v2\/comments?post=400"}],"version-history":[{"count":1,"href":"https:\/\/raicesandaluzas.com\/revista\/wp-json\/wp\/v2\/posts\/400\/revisions"}],"predecessor-version":[{"id":402,"href":"https:\/\/raicesandaluzas.com\/revista\/wp-json\/wp\/v2\/posts\/400\/revisions\/402"}],"wp:featuredmedia":[{"embeddable":true,"href":"https:\/\/raicesandaluzas.com\/revista\/wp-json\/wp\/v2\/media\/401"}],"wp:attachment":[{"href":"https:\/\/raicesandaluzas.com\/revista\/wp-json\/wp\/v2\/media?parent=400"}],"wp:term":[{"taxonomy":"category","embeddable":true,"href":"https:\/\/raicesandaluzas.com\/revista\/wp-json\/wp\/v2\/categories?post=400"},{"taxonomy":"post_tag","embeddable":true,"href":"https:\/\/raicesandaluzas.com\/revista\/wp-json\/wp\/v2\/tags?post=400"}],"curies":[{"name":"wp","href":"https:\/\/api.w.org\/{rel}","templated":true}]}}