{"id":397,"date":"2021-05-20T11:23:25","date_gmt":"2021-05-20T11:23:25","guid":{"rendered":"http:\/\/raicesandaluzas.com\/revista\/?p=397"},"modified":"2021-05-21T08:21:57","modified_gmt":"2021-05-21T08:21:57","slug":"hay-que-disfrutar-de-la-cultura-el-alimento-del-alma","status":"publish","type":"post","link":"https:\/\/raicesandaluzas.com\/revista\/2021\/05\/20\/hay-que-disfrutar-de-la-cultura-el-alimento-del-alma\/","title":{"rendered":"\u201cHay que disfrutar de la cultura, el alimento del alma\u201d"},"content":{"rendered":"\n<p class=\"has-drop-cap\">Hablamos con Juan Antonio Ruiz, de Sonanta Marketing Cultural, promotora del Festival de Arte Flamenco de Catalunya en Cornell\u00e0. El evento, que cierra este pr\u00f3ximo fin de semana su 37 edici\u00f3n y que como todos los actos culturales no pudieron celebrarse el a\u00f1o pasado, se est\u00e1 llevando a cabo con un \u00e9xito espectacular de p\u00fablico y con todas las medidas de seguridad para evitar contagios entre los asistentes. En esta edici\u00f3n del festival, que est\u00e1 organizado por el Ayuntamiento de Cornell\u00e0 de Llobregat y la Coordinadora de Entidades Flamencas y Andaluzas de la ciudad (Asociaci\u00f3n Andaluza Hijos de Alm\u00e1char, Pe\u00f1a Cultural Andaluza y Flamenca Recreativa Los Aficionaos, Centro Andaluz Blas Infante de Cornell\u00e0, Asociaci\u00f3n Cultural El Arte del Flamenco de Cornell\u00e0 de Llobregat, Hermandad de Nuestra Se\u00f1ora del Roc\u00edo de Cornell\u00e0 de Llobregat, Asociaci\u00f3n Cultural Andaluza Hijos de Paradas en Catalunya), se ha rendido homenaje a <a href=\"https:\/\/raicesandaluzas.com\/revista\/2021\/05\/03\/homenaje-a-antonio-el-bailarin-en-el-37-festival-de-arte-flamenco-de-catalunya-de-cornella\/\">Antonio el Bailar\u00edn<\/a>.<\/p>\n\n\n\n<p><strong>Pregunta. \u00bfC\u00f3mo est\u00e1 yendo el festival en cuanto a p\u00fablico? \u00bfLa gente tiene ganas de flamenco?<\/strong><\/p>\n\n\n\n<p><strong>Respuesta.<\/strong> A la gente se le nota con muchas ganas. Todos los d\u00edas se ha llenado. Como dicen los ingleses, hemos hecho \u201csold out\u201d, aunque nosotros hemos puesto en los carteles \u201ca rebosar\u201d, que es m\u00e1s nuestro, m\u00e1s andaluz. Es una pena porque el aforo es del 50% y se nos ha quedado mucha gente fuera. La gente tiene ganas porque adem\u00e1s se est\u00e1n haciendo los espect\u00e1culos con un protocolo muy exigente para mantener las distancias, controles, las mascarillas en todo momento, es algo muy seguro. La gente tiene ganas y est\u00e1 disfrutando.<\/p>\n\n\n\n<p><strong>P. \u00bfOs ha costado mucho organizar esta edici\u00f3n del festival?<\/strong><\/p>\n\n\n\n<p><strong>R.<\/strong> S\u00ed porque hasta el \u00faltimo momento hab\u00eda la duda de que se pod\u00eda volver a confinar a la gente y anularlo todo. Pero creo que han podido las ganas de hacerlo, la mentalidad con las que lo hemos hecho. Porque este a\u00f1o nos hemos volcado en la gente nuestra, que ha nacido en Cornell\u00e0 o que est\u00e1 muy vinculada a las entidades de Cornell\u00e0 y de Catalunya en general. Por eso hemos tenido a Chicuelo, a Pedro Sierra que ven\u00eda con Manuel Lombo, Ginesa, Ana Real, M\u00f3nica y Rafael Fern\u00e1ndez. No han entrado todos porque por suerte en la comarca y en Catalunya en general hay artistas de mucho nivel, pero hemos pretendido que despu\u00e9s de un a\u00f1o duro si pod\u00edamos echar una mano que fuera a nuestra gente.<\/p>\n\n\n\n<p><strong>P. \u00bfHab\u00e9is recibido m\u00e1s ayudas que otros a\u00f1os de las administraciones como el Ayuntamiento?<\/strong><\/p>\n\n\n\n<p><strong>R.<\/strong> No, el Ayuntamiento siempre colabora, es el \u00fanico que colabora, el resto de instituciones no est\u00e1n vinculadas. Pero entre la coordinadora de entidades y el Ayuntamiento que se vuelca totalmente lo defendemos y se hace posible.<\/p>\n\n\n\n<p><strong>P. Supongo que los artistas tambi\u00e9n estaban encantados de poder participar en el festival este a\u00f1o.<\/strong><\/p>\n\n\n\n<p><strong>R.<\/strong> S\u00ed, est\u00e1n con muchas ganas y se ha notado a la hora de actuar. Est\u00e1n haciendo unos recitales espectaculares. Hay mucho mono de subirse a un escenario y recibir el calor de la gente. Tambi\u00e9n ayuda el hecho de estar vinculados a la ciudad, aunque ahora vivan fuera, en Sevilla, en Madrid, no dejan de venir a su tierra, a su casa, y ver a sus amigos. Por ejemplo, Chicuelo estaba tocando a 500 metros de donde ha nacido y donde vive su madre. La motivaci\u00f3n se notaba, hab\u00eda un calor, un ambiente, unas ganas\u2026 La verdad es que est\u00e1 siendo muy bonito.<\/p>\n\n\n\n<p><strong>P. El p\u00fablico est\u00e1 respondiendo igual, con las mismas ganas.<\/strong><\/p>\n\n\n\n<p><strong>R.<\/strong> S\u00ed, s\u00ed, la gente entiende que las medidas son para el bien de todos y est\u00e1 disfrutando mucho. Lo cierto es que es un a\u00f1o que no s\u00e9 si es por los ganas o por qu\u00e9, pero en esta edici\u00f3n del festival se est\u00e1n creando unos ambientes incre\u00edbles. Estoy muy satisfecho a nivel personal.<\/p>\n\n\n\n<p><strong>P. Para promotoras como la vuestra este a\u00f1o en blanco ha sido muy duro, \u00bfno?<\/strong><\/p>\n\n\n\n<p><strong>R.<\/strong> Ha sido para no contarlo. Nosotros pasamos de hacer un concierto el 29 de febrero y de tener un a\u00f1o muy potente en cuanto a espect\u00e1culos y conciertos, pasamos a cero. Porque los restaurante, por ejemplo, a\u00fan han podido hacer algo, pero el mundo de la cultura nada, no hemos podido hacer nada. No hubo medias tintas. Es complicado aguantar, y ha habido compa\u00f1eros que no lo han aguantado, gente que se ha tenido que buscar la vida de otra forma, los m\u00fasicos lo han pasado y lo est\u00e1n pasando todav\u00eda fatal, porque el tema de las ayudas a los aut\u00f3nomos, que dan 600 euros para un a\u00f1o en blanco, no es viable. Y hay muchos que no han podido estar en un ERTE porque es un tipo de trabajo diferente. Ha sido muy duro, pero aqu\u00ed estamos de nuevo y a ver si poco a poco vamos levantando cabeza.<\/p>\n\n\n\n<p><strong>P. A parte del festival, \u00bfhab\u00e9is podido hacer otros espect\u00e1culos?<\/strong><\/p>\n\n\n\n<p><strong>R.<\/strong> Se est\u00e1n haciendo m\u00e1s cosas. Por ejemplo, en agosto pasado en Andaluc\u00eda pudimos hacer alg\u00fan festival al aire libre con el aforo limitado. Luego, hemos hecho alguna cosa en Madrid, Castilla, en alg\u00fan teatro. Hemos ido goteando un poco. Y ahora terminamos esto y en L\u2019Hospitalet con la FECEAL\u2019H (Federaci\u00f3n de Entidades Cultural Andaluzas de L\u2019Hospitalet de Llobregat) haremos cuatro o cinco cosas, una masterclass, un espect\u00e1culo de chirigotas que viene Mart\u00edn Jare, un concierto para el Roc\u00edo\u2026 Se empieza a mover el tema y nos estamos defendiendo.<\/p>\n\n\n\n<p><strong>P. \u00bfC\u00f3mo animar\u00edas a la gente a que no tuviera miedo de disfrutar de la cultura?<\/strong><\/p>\n\n\n\n<p><strong>R.<\/strong> La seguridad que hay en los actos que se organizan en teatros, en festivales, por ejemplo, est\u00e1 milimetrado. Se est\u00e1 cuidando mucho todo, las distancias de seguridad, la temperatura, los geles, las mascarillas. Son actos muy seguros a los que el p\u00fablico puede ir con toda la tranquilidad y disfrutar de la cultura y dejar a un lado por un momento el problema que estamos teniendo con el Covid. Es verdad que la imagen que se est\u00e1 dando del ocio es la que se ve en los informativos con la gente que se junta en las plazas a beber, pero la realidad es otra. La cultura es otra historia. Yo animo a que salgan y disfruten con todas las medidas de seguridad, cuid\u00e1ndose y protegi\u00e9ndose pero disfrutando de la cultura que es el alimento del alma. &nbsp;&nbsp;&nbsp;<\/p>\n\n\n\n<p><strong>A\u00fan quedan unas pocas entradas para los dos \u00faltimos espect\u00e1culos del festival en el Auditori de Sant Ildefons, el s\u00e1bado 22 de mayo a las 18 horas con Ginesa Ortega y Ana Real al cante, M\u00f3nica Fern\u00e1ndez al baila, y las guitarras de Javier Gavara, Rafael Fern\u00e1ndez y Juan Mar\u00eda Real; y el domingo, tambi\u00e9n a las 18 horas, con el espect\u00e1culo \u201cTablao\u201d. Entradas a 5,25 euros en <a href=\"http:\/\/entradescornella.cat\">http:\/\/entradescornella.cat<\/a>. \u00a0\u00a0<\/strong><\/p>\n\n\n\n<div><a href=\"https:\/\/raicesandaluzas.com\/revista\/wp-content\/uploads\/2021\/05\/FLAMENCO21.jpg\" class=\"td-modal-image\"><figure class=\"wp-block-image size-large td-caption-align-center td-img-style-shadow\"><img loading=\"lazy\" decoding=\"async\" width=\"634\" height=\"900\" src=\"https:\/\/raicesandaluzas.com\/revista\/wp-content\/uploads\/2021\/05\/FLAMENCO21.jpg\" alt=\"\" class=\"wp-image-405\" srcset=\"https:\/\/raicesandaluzas.com\/revista\/wp-content\/uploads\/2021\/05\/FLAMENCO21.jpg 634w, https:\/\/raicesandaluzas.com\/revista\/wp-content\/uploads\/2021\/05\/FLAMENCO21-211x300.jpg 211w, https:\/\/raicesandaluzas.com\/revista\/wp-content\/uploads\/2021\/05\/FLAMENCO21-296x420.jpg 296w\" sizes=\"auto, (max-width: 634px) 100vw, 634px\" \/><\/figure><\/a><\/div>\n","protected":false},"excerpt":{"rendered":"<p>Hablamos con Juan Antonio Ruiz, de Sonanta Marketing Cultural, promotora del Festival de Arte Flamenco de Catalunya en Cornell\u00e0. El evento, que cierra este pr\u00f3ximo fin de semana su 37 edici\u00f3n y que como todos los actos culturales no pudieron celebrarse el a\u00f1o pasado, se est\u00e1 llevando a cabo con un \u00e9xito espectacular de p\u00fablico [&hellip;]<\/p>\n","protected":false},"author":1,"featured_media":398,"comment_status":"open","ping_status":"open","sticky":false,"template":"","format":"standard","meta":{"footnotes":""},"categories":[20,22],"tags":[],"class_list":{"0":"post-397","1":"post","2":"type-post","3":"status-publish","4":"format-standard","5":"has-post-thumbnail","7":"category-entrevistas","8":"category-flamenco"},"_links":{"self":[{"href":"https:\/\/raicesandaluzas.com\/revista\/wp-json\/wp\/v2\/posts\/397","targetHints":{"allow":["GET"]}}],"collection":[{"href":"https:\/\/raicesandaluzas.com\/revista\/wp-json\/wp\/v2\/posts"}],"about":[{"href":"https:\/\/raicesandaluzas.com\/revista\/wp-json\/wp\/v2\/types\/post"}],"author":[{"embeddable":true,"href":"https:\/\/raicesandaluzas.com\/revista\/wp-json\/wp\/v2\/users\/1"}],"replies":[{"embeddable":true,"href":"https:\/\/raicesandaluzas.com\/revista\/wp-json\/wp\/v2\/comments?post=397"}],"version-history":[{"count":3,"href":"https:\/\/raicesandaluzas.com\/revista\/wp-json\/wp\/v2\/posts\/397\/revisions"}],"predecessor-version":[{"id":407,"href":"https:\/\/raicesandaluzas.com\/revista\/wp-json\/wp\/v2\/posts\/397\/revisions\/407"}],"wp:featuredmedia":[{"embeddable":true,"href":"https:\/\/raicesandaluzas.com\/revista\/wp-json\/wp\/v2\/media\/398"}],"wp:attachment":[{"href":"https:\/\/raicesandaluzas.com\/revista\/wp-json\/wp\/v2\/media?parent=397"}],"wp:term":[{"taxonomy":"category","embeddable":true,"href":"https:\/\/raicesandaluzas.com\/revista\/wp-json\/wp\/v2\/categories?post=397"},{"taxonomy":"post_tag","embeddable":true,"href":"https:\/\/raicesandaluzas.com\/revista\/wp-json\/wp\/v2\/tags?post=397"}],"curies":[{"name":"wp","href":"https:\/\/api.w.org\/{rel}","templated":true}]}}