{"id":391,"date":"2021-05-11T09:52:32","date_gmt":"2021-05-11T09:52:32","guid":{"rendered":"http:\/\/raicesandaluzas.com\/revista\/?p=391"},"modified":"2021-05-11T09:52:35","modified_gmt":"2021-05-11T09:52:35","slug":"sant-boi-celebra-su-cruz-de-mayo-a-pesar-de-la-pandemia","status":"publish","type":"post","link":"https:\/\/raicesandaluzas.com\/revista\/2021\/05\/11\/sant-boi-celebra-su-cruz-de-mayo-a-pesar-de-la-pandemia\/","title":{"rendered":"Sant Boi celebra su Cruz de Mayo a pesar de la pandemia"},"content":{"rendered":"\n<p>La A.C.A. Casa de Sevilla de Sant Boi ha celebrado durante el fin de semana del 8 y 9 de Mayo su 37 edici\u00f3n de la Cruz de Mayo, fiesta celebrada en muchos rincones de Andaluc\u00eda y que es la m\u00e1s importante para la entidad santboiana.&nbsp;<\/p>\n\n\n\n<p>Los actos comenzaron el s\u00e1bado 8 de Mayo con la actuaci\u00f3n de Maribel \u201cLa Canija\u201d que ofreci\u00f3 un recital versionando temas de grandes artistas flamenco adem\u00e1s de sus propios temas de \u00e9pocas pasadas y actuales. Por la tarde la esencia del escenario la llev\u00f3 la Escuela de baile Flamenco de la Casa de Sevilla de Sant Boi acompa\u00f1ada al grupo \u201cAflamencarte\u201d que dieron su toque final a la jornada del s\u00e1bado.<\/p>\n\n\n\n<p>El domingo vino de la manera m\u00e1s tradicional, la celebraci\u00f3n de la misa rociera cantada por Sandra G\u00f3mez y la guitarra de Miguel \u00c1ngel Pozo y oficiada por Pare Esteve. Este a\u00f1o el Coro Rociero \u201cRa\u00edces\u201d de la entidad no pudo musicalizar la eucarist\u00eda por las restricciones COVID. El broche de oro a esta 37 edici\u00f3n lo puso la guitarra de Jos\u00e9 Aguilar acompa\u00f1ando el cante de Juan Martos.&nbsp;<\/p>\n\n\n\n<p>La entidad espera volver el a\u00f1o que viene con una 38 edici\u00f3n en las circunstancias anteriores a la pandemia.\u00a0<\/p>\n\n\n\n<figure class=\"wp-block-gallery columns-2 is-cropped wp-block-gallery-1 is-layout-flex wp-block-gallery-is-layout-flex\"><ul class=\"blocks-gallery-grid\"><li class=\"blocks-gallery-item\"><figure><a href=\"https:\/\/raicesandaluzas.com\/revista\/wp-content\/uploads\/2021\/05\/cruz_mayo_sant_boi01.jpeg\"><img loading=\"lazy\" decoding=\"async\" width=\"900\" height=\"675\" src=\"https:\/\/raicesandaluzas.com\/revista\/wp-content\/uploads\/2021\/05\/cruz_mayo_sant_boi01.jpeg\" alt=\"\" data-id=\"393\" data-full-url=\"https:\/\/raicesandaluzas.com\/revista\/wp-content\/uploads\/2021\/05\/cruz_mayo_sant_boi01.jpeg\" data-link=\"https:\/\/raicesandaluzas.com\/revista\/?attachment_id=393\" class=\"wp-image-393\" srcset=\"https:\/\/raicesandaluzas.com\/revista\/wp-content\/uploads\/2021\/05\/cruz_mayo_sant_boi01.jpeg 900w, https:\/\/raicesandaluzas.com\/revista\/wp-content\/uploads\/2021\/05\/cruz_mayo_sant_boi01-300x225.jpeg 300w, https:\/\/raicesandaluzas.com\/revista\/wp-content\/uploads\/2021\/05\/cruz_mayo_sant_boi01-768x576.jpeg 768w, https:\/\/raicesandaluzas.com\/revista\/wp-content\/uploads\/2021\/05\/cruz_mayo_sant_boi01-696x522.jpeg 696w, https:\/\/raicesandaluzas.com\/revista\/wp-content\/uploads\/2021\/05\/cruz_mayo_sant_boi01-560x420.jpeg 560w, https:\/\/raicesandaluzas.com\/revista\/wp-content\/uploads\/2021\/05\/cruz_mayo_sant_boi01-80x60.jpeg 80w, https:\/\/raicesandaluzas.com\/revista\/wp-content\/uploads\/2021\/05\/cruz_mayo_sant_boi01-265x198.jpeg 265w\" sizes=\"auto, (max-width: 900px) 100vw, 900px\" \/><\/a><\/figure><\/li><li class=\"blocks-gallery-item\"><figure><a href=\"https:\/\/raicesandaluzas.com\/revista\/wp-content\/uploads\/2021\/05\/cruz_mayo_sant_boi02.jpeg\"><img loading=\"lazy\" decoding=\"async\" width=\"900\" height=\"675\" src=\"https:\/\/raicesandaluzas.com\/revista\/wp-content\/uploads\/2021\/05\/cruz_mayo_sant_boi02.jpeg\" alt=\"\" data-id=\"394\" data-full-url=\"https:\/\/raicesandaluzas.com\/revista\/wp-content\/uploads\/2021\/05\/cruz_mayo_sant_boi02.jpeg\" data-link=\"https:\/\/raicesandaluzas.com\/revista\/?attachment_id=394\" class=\"wp-image-394\" srcset=\"https:\/\/raicesandaluzas.com\/revista\/wp-content\/uploads\/2021\/05\/cruz_mayo_sant_boi02.jpeg 900w, https:\/\/raicesandaluzas.com\/revista\/wp-content\/uploads\/2021\/05\/cruz_mayo_sant_boi02-300x225.jpeg 300w, https:\/\/raicesandaluzas.com\/revista\/wp-content\/uploads\/2021\/05\/cruz_mayo_sant_boi02-768x576.jpeg 768w, https:\/\/raicesandaluzas.com\/revista\/wp-content\/uploads\/2021\/05\/cruz_mayo_sant_boi02-696x522.jpeg 696w, https:\/\/raicesandaluzas.com\/revista\/wp-content\/uploads\/2021\/05\/cruz_mayo_sant_boi02-560x420.jpeg 560w, https:\/\/raicesandaluzas.com\/revista\/wp-content\/uploads\/2021\/05\/cruz_mayo_sant_boi02-80x60.jpeg 80w, https:\/\/raicesandaluzas.com\/revista\/wp-content\/uploads\/2021\/05\/cruz_mayo_sant_boi02-265x198.jpeg 265w\" sizes=\"auto, (max-width: 900px) 100vw, 900px\" \/><\/a><\/figure><\/li><\/ul><\/figure>\n","protected":false},"excerpt":{"rendered":"<p>La A.C.A. Casa de Sevilla de Sant Boi ha celebrado durante el fin de semana del 8 y 9 de Mayo su 37 edici\u00f3n de la Cruz de Mayo, fiesta celebrada en muchos rincones de Andaluc\u00eda y que es la m\u00e1s importante para la entidad santboiana.&nbsp; Los actos comenzaron el s\u00e1bado 8 de Mayo con [&hellip;]<\/p>\n","protected":false},"author":1,"featured_media":392,"comment_status":"open","ping_status":"open","sticky":false,"template":"","format":"standard","meta":{"footnotes":""},"categories":[19],"tags":[],"class_list":{"0":"post-391","1":"post","2":"type-post","3":"status-publish","4":"format-standard","5":"has-post-thumbnail","7":"category-actualidad"},"_links":{"self":[{"href":"https:\/\/raicesandaluzas.com\/revista\/wp-json\/wp\/v2\/posts\/391","targetHints":{"allow":["GET"]}}],"collection":[{"href":"https:\/\/raicesandaluzas.com\/revista\/wp-json\/wp\/v2\/posts"}],"about":[{"href":"https:\/\/raicesandaluzas.com\/revista\/wp-json\/wp\/v2\/types\/post"}],"author":[{"embeddable":true,"href":"https:\/\/raicesandaluzas.com\/revista\/wp-json\/wp\/v2\/users\/1"}],"replies":[{"embeddable":true,"href":"https:\/\/raicesandaluzas.com\/revista\/wp-json\/wp\/v2\/comments?post=391"}],"version-history":[{"count":1,"href":"https:\/\/raicesandaluzas.com\/revista\/wp-json\/wp\/v2\/posts\/391\/revisions"}],"predecessor-version":[{"id":395,"href":"https:\/\/raicesandaluzas.com\/revista\/wp-json\/wp\/v2\/posts\/391\/revisions\/395"}],"wp:featuredmedia":[{"embeddable":true,"href":"https:\/\/raicesandaluzas.com\/revista\/wp-json\/wp\/v2\/media\/392"}],"wp:attachment":[{"href":"https:\/\/raicesandaluzas.com\/revista\/wp-json\/wp\/v2\/media?parent=391"}],"wp:term":[{"taxonomy":"category","embeddable":true,"href":"https:\/\/raicesandaluzas.com\/revista\/wp-json\/wp\/v2\/categories?post=391"},{"taxonomy":"post_tag","embeddable":true,"href":"https:\/\/raicesandaluzas.com\/revista\/wp-json\/wp\/v2\/tags?post=391"}],"curies":[{"name":"wp","href":"https:\/\/api.w.org\/{rel}","templated":true}]}}