{"id":381,"date":"2021-05-03T10:52:08","date_gmt":"2021-05-03T10:52:08","guid":{"rendered":"http:\/\/raicesandaluzas.com\/revista\/?p=381"},"modified":"2021-05-03T10:52:12","modified_gmt":"2021-05-03T10:52:12","slug":"cerdanyola-recupera-la-noche-del-cante-jondo-con-un-reconocimiento-a-la-saga-de-los-sorderas","status":"publish","type":"post","link":"https:\/\/raicesandaluzas.com\/revista\/2021\/05\/03\/cerdanyola-recupera-la-noche-del-cante-jondo-con-un-reconocimiento-a-la-saga-de-los-sorderas\/","title":{"rendered":"Cerdanyola recupera la Noche del Cante Jondo con un reconocimiento a la saga de \u201cLos Sorderas\u201d"},"content":{"rendered":"\n<p>Poco a poco la vida cultural vuelve a llenar teatros y escenarios. Tras cancelarse, como todo lo dem\u00e1s, la edici\u00f3n 2020 del Festival Flamenco Roser de Maig, m\u00e1s conocido como la Noche del Cante Jondo de Cerdanyola, una de las citas flamencas con m\u00e1s solera de Catalunya organizada por la Casa de Andaluc\u00eda de Cerdanyola, este a\u00f1o regresa con una edici\u00f3n especial en la que se reconocer\u00e1 a la saga de \u201cLos Sorderas\u201d. Para ello, se contar\u00e1 con las actuaciones de Vicente Soto y Lela Soto al cante, Mar\u00eda D\u00e1vila al baile, y Antonio Carri\u00f3n al toque. Ser\u00e1 presentado por Antonio Morillas, presidente de la entidad. &nbsp;<\/p>\n\n\n\n<p>El festival tendr\u00e1 lugar el pr\u00f3ximo s\u00e1bado, 15 de mayo, a las 19.30 horas en el Teatre Ateneu de la localidad barcelonesa. Contar\u00e1 con aforo limitado y las entradas tendr\u00e1n un precio de 10 euros. Pueden adquirirse en la sede de la Casa de Andaluc\u00eda, en la calle Industria, 22 B, de Cerdanyola. &nbsp;<\/p>\n","protected":false},"excerpt":{"rendered":"<p>Poco a poco la vida cultural vuelve a llenar teatros y escenarios. Tras cancelarse, como todo lo dem\u00e1s, la edici\u00f3n 2020 del Festival Flamenco Roser de Maig, m\u00e1s conocido como la Noche del Cante Jondo de Cerdanyola, una de las citas flamencas con m\u00e1s solera de Catalunya organizada por la Casa de Andaluc\u00eda de Cerdanyola, [&hellip;]<\/p>\n","protected":false},"author":1,"featured_media":382,"comment_status":"open","ping_status":"open","sticky":false,"template":"","format":"standard","meta":{"footnotes":""},"categories":[22],"tags":[],"class_list":{"0":"post-381","1":"post","2":"type-post","3":"status-publish","4":"format-standard","5":"has-post-thumbnail","7":"category-flamenco"},"_links":{"self":[{"href":"https:\/\/raicesandaluzas.com\/revista\/wp-json\/wp\/v2\/posts\/381","targetHints":{"allow":["GET"]}}],"collection":[{"href":"https:\/\/raicesandaluzas.com\/revista\/wp-json\/wp\/v2\/posts"}],"about":[{"href":"https:\/\/raicesandaluzas.com\/revista\/wp-json\/wp\/v2\/types\/post"}],"author":[{"embeddable":true,"href":"https:\/\/raicesandaluzas.com\/revista\/wp-json\/wp\/v2\/users\/1"}],"replies":[{"embeddable":true,"href":"https:\/\/raicesandaluzas.com\/revista\/wp-json\/wp\/v2\/comments?post=381"}],"version-history":[{"count":1,"href":"https:\/\/raicesandaluzas.com\/revista\/wp-json\/wp\/v2\/posts\/381\/revisions"}],"predecessor-version":[{"id":383,"href":"https:\/\/raicesandaluzas.com\/revista\/wp-json\/wp\/v2\/posts\/381\/revisions\/383"}],"wp:featuredmedia":[{"embeddable":true,"href":"https:\/\/raicesandaluzas.com\/revista\/wp-json\/wp\/v2\/media\/382"}],"wp:attachment":[{"href":"https:\/\/raicesandaluzas.com\/revista\/wp-json\/wp\/v2\/media?parent=381"}],"wp:term":[{"taxonomy":"category","embeddable":true,"href":"https:\/\/raicesandaluzas.com\/revista\/wp-json\/wp\/v2\/categories?post=381"},{"taxonomy":"post_tag","embeddable":true,"href":"https:\/\/raicesandaluzas.com\/revista\/wp-json\/wp\/v2\/tags?post=381"}],"curies":[{"name":"wp","href":"https:\/\/api.w.org\/{rel}","templated":true}]}}