{"id":377,"date":"2021-05-03T10:49:35","date_gmt":"2021-05-03T10:49:35","guid":{"rendered":"http:\/\/raicesandaluzas.com\/revista\/?p=377"},"modified":"2021-05-03T10:49:39","modified_gmt":"2021-05-03T10:49:39","slug":"homenaje-a-antonio-el-bailarin-en-el-37-festival-de-arte-flamenco-de-catalunya-de-cornella","status":"publish","type":"post","link":"https:\/\/raicesandaluzas.com\/revista\/2021\/05\/03\/homenaje-a-antonio-el-bailarin-en-el-37-festival-de-arte-flamenco-de-catalunya-de-cornella\/","title":{"rendered":"Homenaje a Antonio el Bailar\u00edn en el 37 Festival de Arte Flamenco de Catalunya de Cornell\u00e0"},"content":{"rendered":"\n<p>El flamenco regresa a los escenarios, al menos a los de Cornell\u00e0, donde los aficionados podr\u00e1n disfrutar de la edici\u00f3n n\u00famero 37 del Festival de Arte Flamenco de Catalunya que regresa en 2021 despu\u00e9s de ver cancelada su edici\u00f3n del a\u00f1o pasado debido a la pandemia por la Covid19. Del 8 al 23 de mayo diversos escenarios de la localidad barcelonesa acoger\u00e1n conciertos, presentaciones de libros, talleres y charlas. Todos los espect\u00e1culos tendr\u00e1n aforo limitado y se respetar\u00e1n las medidas de seguridad. En este 2021 se cumplen 100 a\u00f1os del nacimiento de Antonio Ruiz Soler, m\u00e1s conocido como Antonio el Bailar\u00edan, por lo que el festival estar\u00e1 dedicado a su figura.<\/p>\n\n\n\n<p>Los actos comenzar\u00e1n este pr\u00f3ximo fin de semana. El 8 de mayo ser\u00e1 el turno de \u201cSerrat Flamen@ Tributo\u201d, un mestizaje entre el gran cantautor y el cante jondo que tendr\u00e1 lugar en la Sala Ramon Romagosa a partir de las 20 horas (10,50 euros). Al d\u00eda siguiente, el Auditori de Sant Ildefons acoger\u00e1 el recital de Juan G\u00f3mez \u201cChicuelo\u201d cuarteto y el de Sara Flores y Juan Cort\u00e9s (18 horas; 5,25 euros).<\/p>\n\n\n\n<p>Los actos continuar\u00e1n el jueves 13 de mayo con la presentaci\u00f3n de los libros \u201cDej\u00e9 volar la imaginaci\u00f3n\u201d, de Pedro Garc\u00eda Centeno, y \u201cFosforito, la pasi\u00f3n y la entrega del coraz\u00f3n a cachitos\u201d, de Francisco Hidalgo, en el Auditori de Sant Ildefons a partir de las 19.30 horas.<\/p>\n\n\n\n<p>El s\u00e1bado, 15 de mayo, el flamenco de Manuel Lombo se subir\u00e1 al escenario del Auditori de Cornell\u00e0 (20 horas; 25 euros), mientras que un d\u00eda despu\u00e9s lo har\u00e1n los j\u00f3venes Reyes Carrasco, Paco Le\u00f3n, Juan Mateo y Diego Amaya en el ciclo Nov\u00edsimos (Auditori de Sant Ildefons, 18 horas, grauita; inscripci\u00f3n previa en <a href=\"mailto:cornellaflamenca@gmail.com\">cornellaflamenca@gmail.com<\/a>; 671 474 571). Tambi\u00e9n hay que inscribirse en el taller de construcci\u00f3n de caj\u00f3n flamenco que se realizar\u00e1 ese fin de semana en la Escola Torre de La Miranda.<\/p>\n\n\n\n<p>Otra presentaci\u00f3n de un libro iniciar\u00e1 la \u00faltima semana del festival. Ser\u00e1 el jueves, 20 de mayo, en el Auditori de Sant Ildefons, con \u201cLa vida no regalada\u201d, de Luis Cabrera (19.30 horas). Al d\u00eda siguiente, destaca una charla online en el instagram @CulturaCornella con Jos\u00e9 de la Vega (20 h.).<\/p>\n\n\n\n<p>El festival concluir\u00e1 en el Auditori de Sant Ildefons, que acoger\u00e1 el s\u00e1bado 22 de mayo a las 18 horas (5,25 euros) un recital flamenco a cargo de Ginesa Ortega, Ana Real, M\u00f3nica Fern\u00e1ndez al baile y las guitarras de Javier Gavara, Rafael Fern\u00e1ndez y Juan Mar\u00eda Real. Y el domingo, 23 de mayo a las 18 horas con una funci\u00f3n de Tablao con varios artistas invitados, como Sergio Barroso, Mar\u00eda del Mar Fuentes, Joaqu\u00edn \u201cEl Duende\u201d o Ad\u00e1n P\u00e9rez.<\/p>\n\n\n\n<p>Las entradas pueden adquirirse en entradascornella.cat y en auditoricornella.com.<\/p>\n\n\n\n<p>Programa completo del festival:<\/p>\n\n\n<a href=\"https:\/\/raicesandaluzas.com\/revista\/wp-content\/uploads\/2021\/05\/FLAMENCO21_Programa_web2.pdf\" class=\"pdfemb-viewer\" style=\"\" data-width=\"max\" data-height=\"max\" data-toolbar=\"bottom\" data-toolbar-fixed=\"on\">FLAMENCO21_Programa_web2<\/a>\n<p class=\"wp-block-pdfemb-pdf-embedder-viewer\"><\/p>\n","protected":false},"excerpt":{"rendered":"<p>El flamenco regresa a los escenarios, al menos a los de Cornell\u00e0, donde los aficionados podr\u00e1n disfrutar de la edici\u00f3n n\u00famero 37 del Festival de Arte Flamenco de Catalunya que regresa en 2021 despu\u00e9s de ver cancelada su edici\u00f3n del a\u00f1o pasado debido a la pandemia por la Covid19. Del 8 al 23 de mayo [&hellip;]<\/p>\n","protected":false},"author":1,"featured_media":379,"comment_status":"open","ping_status":"open","sticky":false,"template":"","format":"standard","meta":{"footnotes":""},"categories":[22],"tags":[],"class_list":{"0":"post-377","1":"post","2":"type-post","3":"status-publish","4":"format-standard","5":"has-post-thumbnail","7":"category-flamenco"},"_links":{"self":[{"href":"https:\/\/raicesandaluzas.com\/revista\/wp-json\/wp\/v2\/posts\/377","targetHints":{"allow":["GET"]}}],"collection":[{"href":"https:\/\/raicesandaluzas.com\/revista\/wp-json\/wp\/v2\/posts"}],"about":[{"href":"https:\/\/raicesandaluzas.com\/revista\/wp-json\/wp\/v2\/types\/post"}],"author":[{"embeddable":true,"href":"https:\/\/raicesandaluzas.com\/revista\/wp-json\/wp\/v2\/users\/1"}],"replies":[{"embeddable":true,"href":"https:\/\/raicesandaluzas.com\/revista\/wp-json\/wp\/v2\/comments?post=377"}],"version-history":[{"count":1,"href":"https:\/\/raicesandaluzas.com\/revista\/wp-json\/wp\/v2\/posts\/377\/revisions"}],"predecessor-version":[{"id":380,"href":"https:\/\/raicesandaluzas.com\/revista\/wp-json\/wp\/v2\/posts\/377\/revisions\/380"}],"wp:featuredmedia":[{"embeddable":true,"href":"https:\/\/raicesandaluzas.com\/revista\/wp-json\/wp\/v2\/media\/379"}],"wp:attachment":[{"href":"https:\/\/raicesandaluzas.com\/revista\/wp-json\/wp\/v2\/media?parent=377"}],"wp:term":[{"taxonomy":"category","embeddable":true,"href":"https:\/\/raicesandaluzas.com\/revista\/wp-json\/wp\/v2\/categories?post=377"},{"taxonomy":"post_tag","embeddable":true,"href":"https:\/\/raicesandaluzas.com\/revista\/wp-json\/wp\/v2\/tags?post=377"}],"curies":[{"name":"wp","href":"https:\/\/api.w.org\/{rel}","templated":true}]}}