{"id":354,"date":"2021-03-11T10:58:14","date_gmt":"2021-03-11T10:58:14","guid":{"rendered":"http:\/\/raicesandaluzas.com\/revista\/?p=354"},"modified":"2021-03-11T10:58:16","modified_gmt":"2021-03-11T10:58:16","slug":"cita-flamenca-organiza-una-sesion-de-flamenco-intimo","status":"publish","type":"post","link":"https:\/\/raicesandaluzas.com\/revista\/2021\/03\/11\/cita-flamenca-organiza-una-sesion-de-flamenco-intimo\/","title":{"rendered":"Cita Flamenca organiza una sesi\u00f3n de flamenco \u00edntimo"},"content":{"rendered":"\n<p>Cita Flamenca de Matar\u00f3 prepara para el pr\u00f3ximo 28 de marzo una velada de Flamenco \u00cdntimo con la actuaci\u00f3n de Antonio \u00abEl Turry\u00bb, que ser\u00e1 acompa\u00f1ado por la guitarra de Jes\u00fas de Rosario. El concierto comenzar\u00e1 a las 12.15 horas y tendr\u00e1 lugar en el Casal de la Nova Alian\u00e7a de la ciudad matoronina. <\/p>\n\n\n\n<p>Las entradas se podr\u00e1n adquirir en la web <a href=\"https:\/\/citaflamenca.org\/\">www.citaflamenca.org<\/a>. El precio de las entradas ser\u00e1 de 15 euros. <\/p>\n\n\n\n<figure class=\"wp-block-embed is-type-video is-provider-youtube wp-block-embed-youtube wp-embed-aspect-16-9 wp-has-aspect-ratio\"><div class=\"wp-block-embed__wrapper\">\n<iframe loading=\"lazy\" title=\"El Turry - &quot;Sentir que sue\u00f1o&quot; (Videoclip Oficial)\" width=\"696\" height=\"392\" src=\"https:\/\/www.youtube.com\/embed\/lzPibTC8lk8?feature=oembed\" frameborder=\"0\" allow=\"accelerometer; autoplay; clipboard-write; encrypted-media; gyroscope; picture-in-picture\" allowfullscreen><\/iframe>\n<\/div><\/figure>\n","protected":false},"excerpt":{"rendered":"<p>Cita Flamenca de Matar\u00f3 prepara para el pr\u00f3ximo 28 de marzo una velada de Flamenco \u00cdntimo con la actuaci\u00f3n de Antonio \u00abEl Turry\u00bb, que ser\u00e1 acompa\u00f1ado por la guitarra de Jes\u00fas de Rosario. El concierto comenzar\u00e1 a las 12.15 horas y tendr\u00e1 lugar en el Casal de la Nova Alian\u00e7a de la ciudad matoronina. Las [&hellip;]<\/p>\n","protected":false},"author":1,"featured_media":355,"comment_status":"open","ping_status":"open","sticky":false,"template":"","format":"standard","meta":{"footnotes":""},"categories":[22],"tags":[],"class_list":{"0":"post-354","1":"post","2":"type-post","3":"status-publish","4":"format-standard","5":"has-post-thumbnail","7":"category-flamenco"},"_links":{"self":[{"href":"https:\/\/raicesandaluzas.com\/revista\/wp-json\/wp\/v2\/posts\/354","targetHints":{"allow":["GET"]}}],"collection":[{"href":"https:\/\/raicesandaluzas.com\/revista\/wp-json\/wp\/v2\/posts"}],"about":[{"href":"https:\/\/raicesandaluzas.com\/revista\/wp-json\/wp\/v2\/types\/post"}],"author":[{"embeddable":true,"href":"https:\/\/raicesandaluzas.com\/revista\/wp-json\/wp\/v2\/users\/1"}],"replies":[{"embeddable":true,"href":"https:\/\/raicesandaluzas.com\/revista\/wp-json\/wp\/v2\/comments?post=354"}],"version-history":[{"count":1,"href":"https:\/\/raicesandaluzas.com\/revista\/wp-json\/wp\/v2\/posts\/354\/revisions"}],"predecessor-version":[{"id":356,"href":"https:\/\/raicesandaluzas.com\/revista\/wp-json\/wp\/v2\/posts\/354\/revisions\/356"}],"wp:featuredmedia":[{"embeddable":true,"href":"https:\/\/raicesandaluzas.com\/revista\/wp-json\/wp\/v2\/media\/355"}],"wp:attachment":[{"href":"https:\/\/raicesandaluzas.com\/revista\/wp-json\/wp\/v2\/media?parent=354"}],"wp:term":[{"taxonomy":"category","embeddable":true,"href":"https:\/\/raicesandaluzas.com\/revista\/wp-json\/wp\/v2\/categories?post=354"},{"taxonomy":"post_tag","embeddable":true,"href":"https:\/\/raicesandaluzas.com\/revista\/wp-json\/wp\/v2\/tags?post=354"}],"curies":[{"name":"wp","href":"https:\/\/api.w.org\/{rel}","templated":true}]}}