{"id":349,"date":"2021-03-05T10:02:00","date_gmt":"2021-03-05T10:02:00","guid":{"rendered":"http:\/\/raicesandaluzas.com\/revista\/?p=349"},"modified":"2021-03-08T10:11:14","modified_gmt":"2021-03-08T10:11:14","slug":"el-presidente-juanma-moreno-celebra-en-barcelona-el-dia-de-andalucia-con-la-fecac-y-las-entidades-culturales-andaluzas","status":"publish","type":"post","link":"https:\/\/raicesandaluzas.com\/revista\/2021\/03\/05\/el-presidente-juanma-moreno-celebra-en-barcelona-el-dia-de-andalucia-con-la-fecac-y-las-entidades-culturales-andaluzas\/","title":{"rendered":"El presidente Juanma Moreno celebra en Barcelona el D\u00eda de Andaluc\u00eda con la FECAC y las entidades culturales andaluzas"},"content":{"rendered":"\n<p>Juanma Moreno Bonilla, presidente de la Junta de Andaluc\u00eda, se ha reunido esta tarde en Barcelona con la junta de la Federaci\u00f3n de Entidades Culturales Andaluzas en Catalu\u00f1a (FECAC) y con diversas entidades socias de esta Federaci\u00f3n y de la Federaci\u00f3n Andaluza de Comunidades (FAC) para celebrar el D\u00eda de Andaluc\u00eda en un a\u00f1o en que la pandemia ha deslucido o impedido celebrar las actividades habituales. \u201cHe querido acompa\u00f1aros -ha dicho Moreno- en un a\u00f1o diferente, de sufrimiento, en que nuestras vidas y trabajo han quedado patatas arriba\u201d.<\/p>\n\n\n\n<p>El presidente andaluz ha evocado su condici\u00f3n de ciudadano nacido en Barcelona, hijo de unos padres \u201cque vinieron a ganarse un mejor porvenir\u201d y que, aunque march\u00f3 todav\u00eda muy joven, sabe \u201clo que es sentir Andaluc\u00eda desde la distancia\u201d. Ha abogado por conservar las ra\u00edces y seguir trabajando por el progreso y la prosperidad de Catalu\u00f1a, que no ser\u00eda igual sin la contribuci\u00f3n de los 800.000 &nbsp;habitantes de origen andaluz.<\/p>\n\n\n\n<p>Ha elogiado que, a pesar de las dificultades, las entidades andaluzas hayan podido seguir demostrando su vitalidad, patente en el video con el que la FECAC ha resumido su actividad anual (D\u00eda de Andaluc\u00eda, Feria de Abril, Romer\u00eda del Roc\u00edo y el concurso bianual Yunque Flamenco).<\/p>\n\n\n\n<p>El mandatario andaluz ha anunciado la apertura a lo largo de este a\u00f1o de una oficina de la Junta de Andaluc\u00eda para la que pedir\u00e1 la implicaci\u00f3n del mundo asociativo andaluz en Catalu\u00f1a.<\/p>\n\n\n\n<div><a href=\"https:\/\/raicesandaluzas.com\/revista\/wp-content\/uploads\/2021\/03\/moreno02-702x1024.jpg\" class=\"td-modal-image\"><figure class=\"wp-block-image size-large\"><img loading=\"lazy\" decoding=\"async\" width=\"702\" height=\"1024\" src=\"https:\/\/raicesandaluzas.com\/revista\/wp-content\/uploads\/2021\/03\/moreno02-702x1024.jpg\" alt=\"\" class=\"wp-image-350\" srcset=\"https:\/\/raicesandaluzas.com\/revista\/wp-content\/uploads\/2021\/03\/moreno02-702x1024.jpg 702w, https:\/\/raicesandaluzas.com\/revista\/wp-content\/uploads\/2021\/03\/moreno02-206x300.jpg 206w, https:\/\/raicesandaluzas.com\/revista\/wp-content\/uploads\/2021\/03\/moreno02-768x1120.jpg 768w, https:\/\/raicesandaluzas.com\/revista\/wp-content\/uploads\/2021\/03\/moreno02-696x1015.jpg 696w, https:\/\/raicesandaluzas.com\/revista\/wp-content\/uploads\/2021\/03\/moreno02-288x420.jpg 288w, https:\/\/raicesandaluzas.com\/revista\/wp-content\/uploads\/2021\/03\/moreno02.jpg 823w\" sizes=\"auto, (max-width: 702px) 100vw, 702px\" \/><\/figure><\/a><\/div>\n\n\n\n<p>Daniel Salinero, presidente de la FECAC, ha agradecido la colaboraci\u00f3n del presidente de la Junta, \u201cque ha cumplido su palabra\u201d por su inter\u00e9s en conocer c\u00f3mo vive la comunidad de origen andaluz. \u201cSer andaluz en Catalu\u00f1a no es f\u00e1cil -ha advertido Salinero-, pol\u00edticamente somos inc\u00f3modos para mucha gente, pero representamos la Catalu\u00f1a real. Somos el palo de la bandera\u201d.<\/p>\n\n\n\n<p>Recordando el origen familiar, el presidente, catal\u00e1n con ra\u00edces andaluzas de tercera generaci\u00f3n, reivindica que esta Catalu\u00f1a que vivimos \u201cla crearon en parte los andaluces\u201d.<\/p>\n\n\n\n<p>Con \u00e1nimo de aportar soluciones para cuando acabe la crisis sanitaria y social, Salinero asegura que las entidades van a estar al pie del ca\u00f1\u00f3n: \u201cSomos parte de la reconstrucci\u00f3n\u201d, por lo que ha recordado la labor solidaria que llevan a cabo en sus barrios o pueblos.<\/p>\n\n\n\n<p>El acto ha sido presentado por el director general de Relaciones con los Andaluces en el Exterior, Am\u00f3s Garc\u00eda Hueso, quien ha confesado el inter\u00e9s especial con que el presidente de la Junta sigue las actividades de las entidades culturales andaluzas en Catalu\u00f1a. Completaba la delegaci\u00f3n del gobierno andaluz el secretario general de Acci\u00f3n Exterior, Enric Millo.<\/p>\n\n\n\n<div><a href=\"https:\/\/raicesandaluzas.com\/revista\/wp-content\/uploads\/2021\/03\/moreno03-1024x768.jpg\" class=\"td-modal-image\"><figure class=\"wp-block-image size-large\"><img loading=\"lazy\" decoding=\"async\" width=\"1024\" height=\"768\" src=\"https:\/\/raicesandaluzas.com\/revista\/wp-content\/uploads\/2021\/03\/moreno03-1024x768.jpg\" alt=\"\" class=\"wp-image-351\" srcset=\"https:\/\/raicesandaluzas.com\/revista\/wp-content\/uploads\/2021\/03\/moreno03-1024x768.jpg 1024w, https:\/\/raicesandaluzas.com\/revista\/wp-content\/uploads\/2021\/03\/moreno03-300x225.jpg 300w, https:\/\/raicesandaluzas.com\/revista\/wp-content\/uploads\/2021\/03\/moreno03-768x576.jpg 768w, https:\/\/raicesandaluzas.com\/revista\/wp-content\/uploads\/2021\/03\/moreno03-696x522.jpg 696w, https:\/\/raicesandaluzas.com\/revista\/wp-content\/uploads\/2021\/03\/moreno03-1068x801.jpg 1068w, https:\/\/raicesandaluzas.com\/revista\/wp-content\/uploads\/2021\/03\/moreno03-560x420.jpg 560w, https:\/\/raicesandaluzas.com\/revista\/wp-content\/uploads\/2021\/03\/moreno03-80x60.jpg 80w, https:\/\/raicesandaluzas.com\/revista\/wp-content\/uploads\/2021\/03\/moreno03-265x198.jpg 265w, https:\/\/raicesandaluzas.com\/revista\/wp-content\/uploads\/2021\/03\/moreno03.jpg 1200w\" sizes=\"auto, (max-width: 1024px) 100vw, 1024px\" \/><\/figure><\/a><\/div>\n","protected":false},"excerpt":{"rendered":"<p>Juanma Moreno Bonilla, presidente de la Junta de Andaluc\u00eda, se ha reunido esta tarde en Barcelona con la junta de la Federaci\u00f3n de Entidades Culturales Andaluzas en Catalu\u00f1a (FECAC) y con diversas entidades socias de esta Federaci\u00f3n y de la Federaci\u00f3n Andaluza de Comunidades (FAC) para celebrar el D\u00eda de Andaluc\u00eda en un a\u00f1o en [&hellip;]<\/p>\n","protected":false},"author":1,"featured_media":352,"comment_status":"open","ping_status":"open","sticky":false,"template":"","format":"standard","meta":{"footnotes":""},"categories":[19],"tags":[],"class_list":{"0":"post-349","1":"post","2":"type-post","3":"status-publish","4":"format-standard","5":"has-post-thumbnail","7":"category-actualidad"},"_links":{"self":[{"href":"https:\/\/raicesandaluzas.com\/revista\/wp-json\/wp\/v2\/posts\/349","targetHints":{"allow":["GET"]}}],"collection":[{"href":"https:\/\/raicesandaluzas.com\/revista\/wp-json\/wp\/v2\/posts"}],"about":[{"href":"https:\/\/raicesandaluzas.com\/revista\/wp-json\/wp\/v2\/types\/post"}],"author":[{"embeddable":true,"href":"https:\/\/raicesandaluzas.com\/revista\/wp-json\/wp\/v2\/users\/1"}],"replies":[{"embeddable":true,"href":"https:\/\/raicesandaluzas.com\/revista\/wp-json\/wp\/v2\/comments?post=349"}],"version-history":[{"count":1,"href":"https:\/\/raicesandaluzas.com\/revista\/wp-json\/wp\/v2\/posts\/349\/revisions"}],"predecessor-version":[{"id":353,"href":"https:\/\/raicesandaluzas.com\/revista\/wp-json\/wp\/v2\/posts\/349\/revisions\/353"}],"wp:featuredmedia":[{"embeddable":true,"href":"https:\/\/raicesandaluzas.com\/revista\/wp-json\/wp\/v2\/media\/352"}],"wp:attachment":[{"href":"https:\/\/raicesandaluzas.com\/revista\/wp-json\/wp\/v2\/media?parent=349"}],"wp:term":[{"taxonomy":"category","embeddable":true,"href":"https:\/\/raicesandaluzas.com\/revista\/wp-json\/wp\/v2\/categories?post=349"},{"taxonomy":"post_tag","embeddable":true,"href":"https:\/\/raicesandaluzas.com\/revista\/wp-json\/wp\/v2\/tags?post=349"}],"curies":[{"name":"wp","href":"https:\/\/api.w.org\/{rel}","templated":true}]}}