{"id":344,"date":"2021-03-04T12:08:35","date_gmt":"2021-03-04T12:08:35","guid":{"rendered":"http:\/\/raicesandaluzas.com\/revista\/?p=344"},"modified":"2021-03-04T12:11:13","modified_gmt":"2021-03-04T12:11:13","slug":"santa-coloma-de-gramenet-se-llena-de-flamenco-con-la-segunda-edicion-del-festival-flamenc-on","status":"publish","type":"post","link":"https:\/\/raicesandaluzas.com\/revista\/2021\/03\/04\/santa-coloma-de-gramenet-se-llena-de-flamenco-con-la-segunda-edicion-del-festival-flamenc-on\/","title":{"rendered":"Santa Coloma de Gramenet se llena de flamenco con la segunda edici\u00f3n del festival Flamenc-ON"},"content":{"rendered":"\n<p>En 2020 tuvo que cancelarse por el inicio de la crisis sanitaria provocada por la Covid19, pero este a\u00f1o el Festival Flamenc-ON podr\u00e1 celebrar su segunda edici\u00f3n, aunque con restricciones de aforo y algunas actividades realizadas via streaming. La segunda edici\u00f3n del festival se present\u00f3 ayer en las instalaciones de la Fundaci\u00f3n Aura Seguros, la organizadora del evento, y cont\u00f3 con la presencia de la alcaldesa, <strong>N\u00faria Parlon<\/strong>, del prestigioso artista <strong>Diego Carrasco,<\/strong> padrino del festival, de <strong>Jos\u00e9 Mart\u00ednez<\/strong>, presidente de la Fundaci\u00f3n Aura Seguros, y de <strong>Paco Garfia<\/strong>, Project Manager del mismo.<\/p>\n\n\n\n<p>El festival se llevar\u00e1 a cabo en diferentes espacios de la ciudad colomenca del 5 al 27 de marzo, y dedicar\u00e1 una semana a la instrucci\u00f3n did\u00e1ctica, otra a la guitarra, otra al baile y, por \u00faltimo, una semana al cante, con el concierto estrella de Miguel Poveda el d\u00eda 26, a partir de las 18 horas en el Teatre Sagarra, un directo que tambi\u00e9n podr\u00e1 seguirse en streaming pagando el acceso virtual. Una forma de emitir, el streaming, que tambi\u00e9n protagonizar\u00e1n el ballet de Cristina Hoyos y el guitarrista Diego Carrasco, que cerrar\u00e1 el festival el d\u00eda 27 en una actuaci\u00f3n muy especial en la Pla\u00e7a de la Vila que podr\u00e1 seguirse insitu o desde casa de manera gratuita.<\/p>\n\n\n\n<figure class=\"wp-block-image size-large\"><img loading=\"lazy\" decoding=\"async\" width=\"1024\" height=\"683\" src=\"https:\/\/raicesandaluzas.com\/revista\/wp-content\/uploads\/2021\/03\/flamencon-1024x683.jpg\" alt=\"\" class=\"wp-image-345\" srcset=\"https:\/\/raicesandaluzas.com\/revista\/wp-content\/uploads\/2021\/03\/flamencon-1024x683.jpg 1024w, https:\/\/raicesandaluzas.com\/revista\/wp-content\/uploads\/2021\/03\/flamencon-300x200.jpg 300w, https:\/\/raicesandaluzas.com\/revista\/wp-content\/uploads\/2021\/03\/flamencon-768x512.jpg 768w, https:\/\/raicesandaluzas.com\/revista\/wp-content\/uploads\/2021\/03\/flamencon-696x464.jpg 696w, https:\/\/raicesandaluzas.com\/revista\/wp-content\/uploads\/2021\/03\/flamencon-1068x712.jpg 1068w, https:\/\/raicesandaluzas.com\/revista\/wp-content\/uploads\/2021\/03\/flamencon-630x420.jpg 630w, https:\/\/raicesandaluzas.com\/revista\/wp-content\/uploads\/2021\/03\/flamencon.jpg 1200w\" sizes=\"auto, (max-width: 1024px) 100vw, 1024px\" \/><figcaption>Un momento de la presentaci\u00f3n de la segunda edici\u00f3n del festival Flamenc-ON, que cont\u00f3 con la presencia de la alcaldesa, <strong>N\u00faria Parlon<\/strong>, del prestigioso artista <strong>Diego Carrasco,<\/strong> padrino del festival, de<strong>Jos\u00e9 Mart\u00ednez<\/strong>, presidente de la Fundaci\u00f3n Aura Seguros, y de <strong>Paco Garfia<\/strong>, Project Manager del mismo.<\/figcaption><\/figure>\n\n\n\n<p>En la primera semana did\u00e1ctica, destacan la conferencia ilustrada sobre las figuras flamencas fundamentales a cargo de Rafa Chac\u00f3n, o la clase magistral de Ricardo Fern\u00e1ndez del Moral. En la semana de la guitarra, lo m\u00e1s destacado ser\u00e1 el recital de Juan Ram\u00f3n Caro, con sus espect\u00e1culo \u201cDelicatessen\u201d. En los d\u00edas dedicados al baile, a parte de la ya mencionada actuaci\u00f3n del Ballet de Cristina Hoyos, los colomenses podr\u00e1n disfrutar de una noche de tablao a cargo de Rosal\u00eda Mulero. Y, en la del cante, el arte saldr\u00e1 a la calle el 27 de marzo con actuaciones en el Parc Europa, el Mercat Sagarra y la Rambla.<\/p>\n\n\n\n<p>Toda la informaci\u00f3n y las entradas en la web del festival: <a href=\"https:\/\/www.flamencon.es\/\" data-type=\"URL\" data-id=\"https:\/\/www.flamencon.es\/\" target=\"_blank\" rel=\"noreferrer noopener\">www.flamencon.es<\/a>.<\/p>\n","protected":false},"excerpt":{"rendered":"<p>En 2020 tuvo que cancelarse por el inicio de la crisis sanitaria provocada por la Covid19, pero este a\u00f1o el Festival Flamenc-ON podr\u00e1 celebrar su segunda edici\u00f3n, aunque con restricciones de aforo y algunas actividades realizadas via streaming. La segunda edici\u00f3n del festival se present\u00f3 ayer en las instalaciones de la Fundaci\u00f3n Aura Seguros, la [&hellip;]<\/p>\n","protected":false},"author":1,"featured_media":346,"comment_status":"open","ping_status":"open","sticky":false,"template":"","format":"standard","meta":{"footnotes":""},"categories":[22],"tags":[],"class_list":{"0":"post-344","1":"post","2":"type-post","3":"status-publish","4":"format-standard","5":"has-post-thumbnail","7":"category-flamenco"},"_links":{"self":[{"href":"https:\/\/raicesandaluzas.com\/revista\/wp-json\/wp\/v2\/posts\/344","targetHints":{"allow":["GET"]}}],"collection":[{"href":"https:\/\/raicesandaluzas.com\/revista\/wp-json\/wp\/v2\/posts"}],"about":[{"href":"https:\/\/raicesandaluzas.com\/revista\/wp-json\/wp\/v2\/types\/post"}],"author":[{"embeddable":true,"href":"https:\/\/raicesandaluzas.com\/revista\/wp-json\/wp\/v2\/users\/1"}],"replies":[{"embeddable":true,"href":"https:\/\/raicesandaluzas.com\/revista\/wp-json\/wp\/v2\/comments?post=344"}],"version-history":[{"count":2,"href":"https:\/\/raicesandaluzas.com\/revista\/wp-json\/wp\/v2\/posts\/344\/revisions"}],"predecessor-version":[{"id":348,"href":"https:\/\/raicesandaluzas.com\/revista\/wp-json\/wp\/v2\/posts\/344\/revisions\/348"}],"wp:featuredmedia":[{"embeddable":true,"href":"https:\/\/raicesandaluzas.com\/revista\/wp-json\/wp\/v2\/media\/346"}],"wp:attachment":[{"href":"https:\/\/raicesandaluzas.com\/revista\/wp-json\/wp\/v2\/media?parent=344"}],"wp:term":[{"taxonomy":"category","embeddable":true,"href":"https:\/\/raicesandaluzas.com\/revista\/wp-json\/wp\/v2\/categories?post=344"},{"taxonomy":"post_tag","embeddable":true,"href":"https:\/\/raicesandaluzas.com\/revista\/wp-json\/wp\/v2\/tags?post=344"}],"curies":[{"name":"wp","href":"https:\/\/api.w.org\/{rel}","templated":true}]}}