{"id":331,"date":"2021-02-26T12:46:32","date_gmt":"2021-02-26T12:46:32","guid":{"rendered":"http:\/\/raicesandaluzas.com\/revista\/?p=331"},"modified":"2021-02-26T12:46:34","modified_gmt":"2021-02-26T12:46:34","slug":"la-fecac-celebra-la-conferencia-institucional-por-el-dia-de-andalucia-con-aforo-limitado","status":"publish","type":"post","link":"https:\/\/raicesandaluzas.com\/revista\/2021\/02\/26\/la-fecac-celebra-la-conferencia-institucional-por-el-dia-de-andalucia-con-aforo-limitado\/","title":{"rendered":"La FECAC celebra la conferencia institucional por el D\u00eda de Andaluc\u00eda con aforo limitado"},"content":{"rendered":"\n<p>La tradicional conferencia institucional que organiza la Federaci\u00f3n de Entidades Culturales Andaluzas en Catalu\u00f1a (FECAC) por el D\u00eda de Andaluc\u00eda en el Sal\u00f3 de Cent del Ayuntamiento de Barcelona tuvo este 2021 un aspecto poco habitual, o muy habitual en la nueva realidad. La conferencia la imparti\u00f3 el abogado Juan de Dios Ram\u00edrez Heredia, que habl\u00f3 sobre Andaluc\u00eda en Catalu\u00f1a. Pero pocos pudieron verla en directo debido a las restricciones de aforo. <\/p>\n\n\n\n<figure class=\"wp-block-gallery columns-3 is-cropped wp-block-gallery-1 is-layout-flex wp-block-gallery-is-layout-flex\"><ul class=\"blocks-gallery-grid\"><li class=\"blocks-gallery-item\"><figure><img loading=\"lazy\" decoding=\"async\" width=\"1024\" height=\"683\" src=\"https:\/\/raicesandaluzas.com\/revista\/wp-content\/uploads\/2021\/02\/conferencia01-1024x683.jpg\" alt=\"\" data-id=\"332\" data-full-url=\"https:\/\/raicesandaluzas.com\/revista\/wp-content\/uploads\/2021\/02\/conferencia01.jpg\" data-link=\"https:\/\/raicesandaluzas.com\/revista\/?attachment_id=332\" class=\"wp-image-332\" srcset=\"https:\/\/raicesandaluzas.com\/revista\/wp-content\/uploads\/2021\/02\/conferencia01-1024x683.jpg 1024w, https:\/\/raicesandaluzas.com\/revista\/wp-content\/uploads\/2021\/02\/conferencia01-300x200.jpg 300w, https:\/\/raicesandaluzas.com\/revista\/wp-content\/uploads\/2021\/02\/conferencia01-768x512.jpg 768w, https:\/\/raicesandaluzas.com\/revista\/wp-content\/uploads\/2021\/02\/conferencia01-696x464.jpg 696w, https:\/\/raicesandaluzas.com\/revista\/wp-content\/uploads\/2021\/02\/conferencia01-1068x712.jpg 1068w, https:\/\/raicesandaluzas.com\/revista\/wp-content\/uploads\/2021\/02\/conferencia01-630x420.jpg 630w, https:\/\/raicesandaluzas.com\/revista\/wp-content\/uploads\/2021\/02\/conferencia01.jpg 1200w\" sizes=\"auto, (max-width: 1024px) 100vw, 1024px\" \/><\/figure><\/li><li class=\"blocks-gallery-item\"><figure><img loading=\"lazy\" decoding=\"async\" width=\"1024\" height=\"683\" src=\"https:\/\/raicesandaluzas.com\/revista\/wp-content\/uploads\/2021\/02\/conferencia02-1024x683.jpg\" alt=\"\" data-id=\"333\" data-full-url=\"https:\/\/raicesandaluzas.com\/revista\/wp-content\/uploads\/2021\/02\/conferencia02.jpg\" data-link=\"https:\/\/raicesandaluzas.com\/revista\/?attachment_id=333\" class=\"wp-image-333\" srcset=\"https:\/\/raicesandaluzas.com\/revista\/wp-content\/uploads\/2021\/02\/conferencia02-1024x683.jpg 1024w, https:\/\/raicesandaluzas.com\/revista\/wp-content\/uploads\/2021\/02\/conferencia02-300x200.jpg 300w, https:\/\/raicesandaluzas.com\/revista\/wp-content\/uploads\/2021\/02\/conferencia02-768x512.jpg 768w, https:\/\/raicesandaluzas.com\/revista\/wp-content\/uploads\/2021\/02\/conferencia02-696x464.jpg 696w, https:\/\/raicesandaluzas.com\/revista\/wp-content\/uploads\/2021\/02\/conferencia02-1068x712.jpg 1068w, https:\/\/raicesandaluzas.com\/revista\/wp-content\/uploads\/2021\/02\/conferencia02-630x420.jpg 630w, https:\/\/raicesandaluzas.com\/revista\/wp-content\/uploads\/2021\/02\/conferencia02.jpg 1200w\" sizes=\"auto, (max-width: 1024px) 100vw, 1024px\" \/><\/figure><\/li><li class=\"blocks-gallery-item\"><figure><img loading=\"lazy\" decoding=\"async\" width=\"1024\" height=\"683\" src=\"https:\/\/raicesandaluzas.com\/revista\/wp-content\/uploads\/2021\/02\/conferencia03-1024x683.jpg\" alt=\"\" data-id=\"334\" data-full-url=\"https:\/\/raicesandaluzas.com\/revista\/wp-content\/uploads\/2021\/02\/conferencia03.jpg\" data-link=\"https:\/\/raicesandaluzas.com\/revista\/?attachment_id=334\" class=\"wp-image-334\" srcset=\"https:\/\/raicesandaluzas.com\/revista\/wp-content\/uploads\/2021\/02\/conferencia03-1024x683.jpg 1024w, https:\/\/raicesandaluzas.com\/revista\/wp-content\/uploads\/2021\/02\/conferencia03-300x200.jpg 300w, https:\/\/raicesandaluzas.com\/revista\/wp-content\/uploads\/2021\/02\/conferencia03-768x512.jpg 768w, https:\/\/raicesandaluzas.com\/revista\/wp-content\/uploads\/2021\/02\/conferencia03-696x464.jpg 696w, https:\/\/raicesandaluzas.com\/revista\/wp-content\/uploads\/2021\/02\/conferencia03-1068x712.jpg 1068w, https:\/\/raicesandaluzas.com\/revista\/wp-content\/uploads\/2021\/02\/conferencia03-630x420.jpg 630w, https:\/\/raicesandaluzas.com\/revista\/wp-content\/uploads\/2021\/02\/conferencia03.jpg 1200w\" sizes=\"auto, (max-width: 1024px) 100vw, 1024px\" \/><\/figure><\/li><li class=\"blocks-gallery-item\"><figure><img loading=\"lazy\" decoding=\"async\" width=\"1024\" height=\"683\" src=\"https:\/\/raicesandaluzas.com\/revista\/wp-content\/uploads\/2021\/02\/conferencia04-1024x683.jpg\" alt=\"\" data-id=\"335\" data-full-url=\"https:\/\/raicesandaluzas.com\/revista\/wp-content\/uploads\/2021\/02\/conferencia04.jpg\" data-link=\"https:\/\/raicesandaluzas.com\/revista\/?attachment_id=335\" class=\"wp-image-335\" srcset=\"https:\/\/raicesandaluzas.com\/revista\/wp-content\/uploads\/2021\/02\/conferencia04-1024x683.jpg 1024w, https:\/\/raicesandaluzas.com\/revista\/wp-content\/uploads\/2021\/02\/conferencia04-300x200.jpg 300w, https:\/\/raicesandaluzas.com\/revista\/wp-content\/uploads\/2021\/02\/conferencia04-768x512.jpg 768w, https:\/\/raicesandaluzas.com\/revista\/wp-content\/uploads\/2021\/02\/conferencia04-696x464.jpg 696w, https:\/\/raicesandaluzas.com\/revista\/wp-content\/uploads\/2021\/02\/conferencia04-1068x712.jpg 1068w, https:\/\/raicesandaluzas.com\/revista\/wp-content\/uploads\/2021\/02\/conferencia04-630x420.jpg 630w, https:\/\/raicesandaluzas.com\/revista\/wp-content\/uploads\/2021\/02\/conferencia04.jpg 1200w\" sizes=\"auto, (max-width: 1024px) 100vw, 1024px\" \/><\/figure><\/li><li class=\"blocks-gallery-item\"><figure><img loading=\"lazy\" decoding=\"async\" width=\"1024\" height=\"683\" src=\"https:\/\/raicesandaluzas.com\/revista\/wp-content\/uploads\/2021\/02\/conferencia05-1024x683.jpg\" alt=\"\" data-id=\"336\" data-full-url=\"https:\/\/raicesandaluzas.com\/revista\/wp-content\/uploads\/2021\/02\/conferencia05.jpg\" data-link=\"https:\/\/raicesandaluzas.com\/revista\/?attachment_id=336\" class=\"wp-image-336\" srcset=\"https:\/\/raicesandaluzas.com\/revista\/wp-content\/uploads\/2021\/02\/conferencia05-1024x683.jpg 1024w, https:\/\/raicesandaluzas.com\/revista\/wp-content\/uploads\/2021\/02\/conferencia05-300x200.jpg 300w, https:\/\/raicesandaluzas.com\/revista\/wp-content\/uploads\/2021\/02\/conferencia05-768x512.jpg 768w, https:\/\/raicesandaluzas.com\/revista\/wp-content\/uploads\/2021\/02\/conferencia05-696x464.jpg 696w, https:\/\/raicesandaluzas.com\/revista\/wp-content\/uploads\/2021\/02\/conferencia05-1068x712.jpg 1068w, https:\/\/raicesandaluzas.com\/revista\/wp-content\/uploads\/2021\/02\/conferencia05-630x420.jpg 630w, https:\/\/raicesandaluzas.com\/revista\/wp-content\/uploads\/2021\/02\/conferencia05.jpg 1200w\" sizes=\"auto, (max-width: 1024px) 100vw, 1024px\" \/><\/figure><\/li><li class=\"blocks-gallery-item\"><figure><img loading=\"lazy\" decoding=\"async\" width=\"1024\" height=\"683\" src=\"https:\/\/raicesandaluzas.com\/revista\/wp-content\/uploads\/2021\/02\/conferencia06-1024x683.jpg\" alt=\"\" data-id=\"337\" data-full-url=\"https:\/\/raicesandaluzas.com\/revista\/wp-content\/uploads\/2021\/02\/conferencia06.jpg\" data-link=\"https:\/\/raicesandaluzas.com\/revista\/?attachment_id=337\" class=\"wp-image-337\" srcset=\"https:\/\/raicesandaluzas.com\/revista\/wp-content\/uploads\/2021\/02\/conferencia06-1024x683.jpg 1024w, https:\/\/raicesandaluzas.com\/revista\/wp-content\/uploads\/2021\/02\/conferencia06-300x200.jpg 300w, https:\/\/raicesandaluzas.com\/revista\/wp-content\/uploads\/2021\/02\/conferencia06-768x512.jpg 768w, https:\/\/raicesandaluzas.com\/revista\/wp-content\/uploads\/2021\/02\/conferencia06-696x464.jpg 696w, https:\/\/raicesandaluzas.com\/revista\/wp-content\/uploads\/2021\/02\/conferencia06-1068x712.jpg 1068w, https:\/\/raicesandaluzas.com\/revista\/wp-content\/uploads\/2021\/02\/conferencia06-630x420.jpg 630w, https:\/\/raicesandaluzas.com\/revista\/wp-content\/uploads\/2021\/02\/conferencia06.jpg 1200w\" sizes=\"auto, (max-width: 1024px) 100vw, 1024px\" \/><\/figure><\/li><li class=\"blocks-gallery-item\"><figure><img loading=\"lazy\" decoding=\"async\" width=\"1024\" height=\"683\" src=\"https:\/\/raicesandaluzas.com\/revista\/wp-content\/uploads\/2021\/02\/conferencia07-1024x683.jpg\" alt=\"\" data-id=\"338\" data-full-url=\"https:\/\/raicesandaluzas.com\/revista\/wp-content\/uploads\/2021\/02\/conferencia07.jpg\" data-link=\"https:\/\/raicesandaluzas.com\/revista\/?attachment_id=338\" class=\"wp-image-338\" srcset=\"https:\/\/raicesandaluzas.com\/revista\/wp-content\/uploads\/2021\/02\/conferencia07-1024x683.jpg 1024w, https:\/\/raicesandaluzas.com\/revista\/wp-content\/uploads\/2021\/02\/conferencia07-300x200.jpg 300w, https:\/\/raicesandaluzas.com\/revista\/wp-content\/uploads\/2021\/02\/conferencia07-768x512.jpg 768w, https:\/\/raicesandaluzas.com\/revista\/wp-content\/uploads\/2021\/02\/conferencia07-696x464.jpg 696w, https:\/\/raicesandaluzas.com\/revista\/wp-content\/uploads\/2021\/02\/conferencia07-1068x712.jpg 1068w, https:\/\/raicesandaluzas.com\/revista\/wp-content\/uploads\/2021\/02\/conferencia07-630x420.jpg 630w, https:\/\/raicesandaluzas.com\/revista\/wp-content\/uploads\/2021\/02\/conferencia07.jpg 1200w\" sizes=\"auto, (max-width: 1024px) 100vw, 1024px\" \/><\/figure><\/li><li class=\"blocks-gallery-item\"><figure><img loading=\"lazy\" decoding=\"async\" width=\"683\" height=\"1024\" src=\"https:\/\/raicesandaluzas.com\/revista\/wp-content\/uploads\/2021\/02\/conferencia08-683x1024.jpg\" alt=\"\" data-id=\"339\" data-full-url=\"https:\/\/raicesandaluzas.com\/revista\/wp-content\/uploads\/2021\/02\/conferencia08.jpg\" data-link=\"https:\/\/raicesandaluzas.com\/revista\/?attachment_id=339\" class=\"wp-image-339\" srcset=\"https:\/\/raicesandaluzas.com\/revista\/wp-content\/uploads\/2021\/02\/conferencia08-683x1024.jpg 683w, https:\/\/raicesandaluzas.com\/revista\/wp-content\/uploads\/2021\/02\/conferencia08-200x300.jpg 200w, https:\/\/raicesandaluzas.com\/revista\/wp-content\/uploads\/2021\/02\/conferencia08-768x1152.jpg 768w, https:\/\/raicesandaluzas.com\/revista\/wp-content\/uploads\/2021\/02\/conferencia08-696x1044.jpg 696w, https:\/\/raicesandaluzas.com\/revista\/wp-content\/uploads\/2021\/02\/conferencia08-280x420.jpg 280w, https:\/\/raicesandaluzas.com\/revista\/wp-content\/uploads\/2021\/02\/conferencia08.jpg 800w\" sizes=\"auto, (max-width: 683px) 100vw, 683px\" \/><\/figure><\/li><li class=\"blocks-gallery-item\"><figure><img loading=\"lazy\" decoding=\"async\" width=\"1024\" height=\"683\" src=\"https:\/\/raicesandaluzas.com\/revista\/wp-content\/uploads\/2021\/02\/conferencia09-1024x683.jpg\" alt=\"\" data-id=\"340\" data-full-url=\"https:\/\/raicesandaluzas.com\/revista\/wp-content\/uploads\/2021\/02\/conferencia09.jpg\" data-link=\"https:\/\/raicesandaluzas.com\/revista\/?attachment_id=340\" class=\"wp-image-340\" srcset=\"https:\/\/raicesandaluzas.com\/revista\/wp-content\/uploads\/2021\/02\/conferencia09-1024x683.jpg 1024w, https:\/\/raicesandaluzas.com\/revista\/wp-content\/uploads\/2021\/02\/conferencia09-300x200.jpg 300w, https:\/\/raicesandaluzas.com\/revista\/wp-content\/uploads\/2021\/02\/conferencia09-768x512.jpg 768w, https:\/\/raicesandaluzas.com\/revista\/wp-content\/uploads\/2021\/02\/conferencia09-696x464.jpg 696w, https:\/\/raicesandaluzas.com\/revista\/wp-content\/uploads\/2021\/02\/conferencia09-1068x712.jpg 1068w, https:\/\/raicesandaluzas.com\/revista\/wp-content\/uploads\/2021\/02\/conferencia09-630x420.jpg 630w, https:\/\/raicesandaluzas.com\/revista\/wp-content\/uploads\/2021\/02\/conferencia09.jpg 1200w\" sizes=\"auto, (max-width: 1024px) 100vw, 1024px\" \/><\/figure><\/li><li class=\"blocks-gallery-item\"><figure><img loading=\"lazy\" decoding=\"async\" width=\"1024\" height=\"683\" src=\"https:\/\/raicesandaluzas.com\/revista\/wp-content\/uploads\/2021\/02\/conferencia10-1024x683.jpg\" alt=\"\" data-id=\"341\" data-full-url=\"https:\/\/raicesandaluzas.com\/revista\/wp-content\/uploads\/2021\/02\/conferencia10.jpg\" data-link=\"https:\/\/raicesandaluzas.com\/revista\/?attachment_id=341\" class=\"wp-image-341\" srcset=\"https:\/\/raicesandaluzas.com\/revista\/wp-content\/uploads\/2021\/02\/conferencia10-1024x683.jpg 1024w, https:\/\/raicesandaluzas.com\/revista\/wp-content\/uploads\/2021\/02\/conferencia10-300x200.jpg 300w, https:\/\/raicesandaluzas.com\/revista\/wp-content\/uploads\/2021\/02\/conferencia10-768x512.jpg 768w, https:\/\/raicesandaluzas.com\/revista\/wp-content\/uploads\/2021\/02\/conferencia10-696x464.jpg 696w, https:\/\/raicesandaluzas.com\/revista\/wp-content\/uploads\/2021\/02\/conferencia10-1068x712.jpg 1068w, https:\/\/raicesandaluzas.com\/revista\/wp-content\/uploads\/2021\/02\/conferencia10-630x420.jpg 630w, https:\/\/raicesandaluzas.com\/revista\/wp-content\/uploads\/2021\/02\/conferencia10.jpg 1200w\" sizes=\"auto, (max-width: 1024px) 100vw, 1024px\" \/><\/figure><\/li><\/ul><\/figure>\n\n\n\n<p>El domingo 28 de febrero, a las once de la ma\u00f1ana, la junta directiva de la FECAC en representaci\u00f3n de todas las entidades asociadas har\u00e1 la ofrenda floral en el monolito de Blas Infante, considerado el padre de la patria andaluza, enclavado en el parque de la Guineueta, en Barcelona. Para suplir la ausencia f\u00edsica de las entidades, la web de la FECAC emitir\u00e1 a las doce del mediod\u00eda un video de salutaci\u00f3n de sus representantes.<\/p>\n","protected":false},"excerpt":{"rendered":"<p>La tradicional conferencia institucional que organiza la Federaci\u00f3n de Entidades Culturales Andaluzas en Catalu\u00f1a (FECAC) por el D\u00eda de Andaluc\u00eda en el Sal\u00f3 de Cent del Ayuntamiento de Barcelona tuvo este 2021 un aspecto poco habitual, o muy habitual en la nueva realidad. La conferencia la imparti\u00f3 el abogado Juan de Dios Ram\u00edrez Heredia, que [&hellip;]<\/p>\n","protected":false},"author":1,"featured_media":333,"comment_status":"open","ping_status":"open","sticky":false,"template":"","format":"standard","meta":{"footnotes":""},"categories":[19],"tags":[],"class_list":{"0":"post-331","1":"post","2":"type-post","3":"status-publish","4":"format-standard","5":"has-post-thumbnail","7":"category-actualidad"},"_links":{"self":[{"href":"https:\/\/raicesandaluzas.com\/revista\/wp-json\/wp\/v2\/posts\/331","targetHints":{"allow":["GET"]}}],"collection":[{"href":"https:\/\/raicesandaluzas.com\/revista\/wp-json\/wp\/v2\/posts"}],"about":[{"href":"https:\/\/raicesandaluzas.com\/revista\/wp-json\/wp\/v2\/types\/post"}],"author":[{"embeddable":true,"href":"https:\/\/raicesandaluzas.com\/revista\/wp-json\/wp\/v2\/users\/1"}],"replies":[{"embeddable":true,"href":"https:\/\/raicesandaluzas.com\/revista\/wp-json\/wp\/v2\/comments?post=331"}],"version-history":[{"count":1,"href":"https:\/\/raicesandaluzas.com\/revista\/wp-json\/wp\/v2\/posts\/331\/revisions"}],"predecessor-version":[{"id":342,"href":"https:\/\/raicesandaluzas.com\/revista\/wp-json\/wp\/v2\/posts\/331\/revisions\/342"}],"wp:featuredmedia":[{"embeddable":true,"href":"https:\/\/raicesandaluzas.com\/revista\/wp-json\/wp\/v2\/media\/333"}],"wp:attachment":[{"href":"https:\/\/raicesandaluzas.com\/revista\/wp-json\/wp\/v2\/media?parent=331"}],"wp:term":[{"taxonomy":"category","embeddable":true,"href":"https:\/\/raicesandaluzas.com\/revista\/wp-json\/wp\/v2\/categories?post=331"},{"taxonomy":"post_tag","embeddable":true,"href":"https:\/\/raicesandaluzas.com\/revista\/wp-json\/wp\/v2\/tags?post=331"}],"curies":[{"name":"wp","href":"https:\/\/api.w.org\/{rel}","templated":true}]}}