{"id":324,"date":"2021-01-19T09:42:36","date_gmt":"2021-01-19T09:42:36","guid":{"rendered":"http:\/\/raicesandaluzas.com\/revista\/?p=324"},"modified":"2021-01-19T09:42:39","modified_gmt":"2021-01-19T09:42:39","slug":"se-entregan-online-los-premios-del-xiv-concurso-de-fotografia-rociera-2020","status":"publish","type":"post","link":"https:\/\/raicesandaluzas.com\/revista\/2021\/01\/19\/se-entregan-online-los-premios-del-xiv-concurso-de-fotografia-rociera-2020\/","title":{"rendered":"Se entregan online los premios del XIV Concurso de Fotograf\u00eda Rociera 2020"},"content":{"rendered":"\n<p>Debido a la actual situaci\u00f3n de crisis sanitaria provocada por la pandemia de Covid19, no se pudo llevar a cabo presencialmente la entrega de premios del XIV Concurso de Fotograf\u00eda Rociera 2020 del Centro de Estudios Rocieros y Cultura Andaluza en Catalunya (CERCAT) y el acto tuvo que celebrarse online. El pasado 8 de enero se congregaron frente a sus ordenadores los 10 premiados y varios miembros del CERCAT para realizar la entrega virtual de premios y medallas a las personas que recibieron los galardones en esta edici\u00f3n tan singular.Fue una ceremonia cercana, a pesar de las pantallas, en la que los fot\u00f3grafos pudieron explicar sus im\u00e1genes, el momento en el que realizaron la fotograf\u00eda y el por qu\u00e9 de sus encadres y sus elecciones de luz y color o falta de \u00e9l.<\/p>\n\n\n\n<div><a href=\"https:\/\/raicesandaluzas.com\/revista\/wp-content\/uploads\/2021\/01\/entrega-1024x713.jpg\" class=\"td-modal-image\"><figure class=\"wp-block-image size-large\"><img loading=\"lazy\" decoding=\"async\" width=\"1024\" height=\"713\" src=\"https:\/\/raicesandaluzas.com\/revista\/wp-content\/uploads\/2021\/01\/entrega-1024x713.jpg\" alt=\"\" class=\"wp-image-325\" srcset=\"https:\/\/raicesandaluzas.com\/revista\/wp-content\/uploads\/2021\/01\/entrega-1024x713.jpg 1024w, https:\/\/raicesandaluzas.com\/revista\/wp-content\/uploads\/2021\/01\/entrega-300x209.jpg 300w, https:\/\/raicesandaluzas.com\/revista\/wp-content\/uploads\/2021\/01\/entrega-768x535.jpg 768w, https:\/\/raicesandaluzas.com\/revista\/wp-content\/uploads\/2021\/01\/entrega-696x485.jpg 696w, https:\/\/raicesandaluzas.com\/revista\/wp-content\/uploads\/2021\/01\/entrega-1068x744.jpg 1068w, https:\/\/raicesandaluzas.com\/revista\/wp-content\/uploads\/2021\/01\/entrega-603x420.jpg 603w, https:\/\/raicesandaluzas.com\/revista\/wp-content\/uploads\/2021\/01\/entrega-100x70.jpg 100w, https:\/\/raicesandaluzas.com\/revista\/wp-content\/uploads\/2021\/01\/entrega.jpg 1200w\" sizes=\"auto, (max-width: 1024px) 100vw, 1024px\" \/><\/figure><\/a><\/div>\n\n\n\n<p>Los premiados en esta edici\u00f3n tan particular fueron\u00a0Jos\u00e9 Reyes Belzunce, con su imagen \u201cD\u00eda de lluvia\u201d fue el ganador del primer premio en la categor\u00eda \u201cRomer\u00eda del Roc\u00edo\u201d, dotado con 150 euros, diploma y madalla FCF. Alicia L\u00f3pez, con \u201cUna sonrisa siempre\u201d consigui\u00f3 el segundo (100 euros y diploma), Elisabeth G\u00f3mez, con \u201cDetr\u00e1s de ella\u201d el tercero (50 euros y diploma), y Jos\u00e9 Antonio Fern\u00e1ndez con \u201cOraciones\u201d consigui\u00f3 el cuarto (50 euros y diploma).En la categor\u00eda \u201cCatalu\u00f1a cofrade\u201d, el ganador fue Jos\u00e9 David Cast\u00e1n, con \u201cP\u00e9talos a la Virgen\u201d, consiguiendo as\u00ed los 150 euros, la medalla FCF y el diploma del primer premio. Izan Merino, con \u201cEl peque\u00f1o cofrade\u201d consigui\u00f3 el segundo (100 euros y diploma), Jordi Merino, con \u201cUn poco m\u00e1s\u201d el tercero (50 euros y diploma), y Daniel Font, con \u201cFe\u201d consigui\u00f3 el cuarto (50 euros y diploma).En el premio especial \u201cFeria de Abril catalana\u201d, el ganador fue Agust\u00edn Padilla, con \u201cEn el tablao de la Feria\u201d, consiguiendo as\u00ed los 100 euros y el diploma.En el premio especial \u201cTraslado de \u00a0la Virgen a Almonte\u201d, Paolo Rinelli logr\u00f3 el premio con \u201cEl Salto\u201d, consiguiendo as\u00ed los 100 euros y el diploma.<\/p>\n\n\n\n<figure class=\"wp-block-embed-youtube wp-block-embed is-type-video is-provider-youtube wp-embed-aspect-16-9 wp-has-aspect-ratio\"><div class=\"wp-block-embed__wrapper\">\n<iframe loading=\"lazy\" title=\"Entrega virtual de premios del XIV Concurso de Fotograf\u00eda Rociera del CERCAT\" width=\"696\" height=\"392\" src=\"https:\/\/www.youtube.com\/embed\/NF7mV_ud5U4?feature=oembed&#038;enablejsapi=1\" frameborder=\"0\" allow=\"accelerometer; autoplay; clipboard-write; encrypted-media; gyroscope; picture-in-picture\" allowfullscreen><\/iframe>\n<\/div><\/figure>\n\n\n\n<p><\/p>\n","protected":false},"excerpt":{"rendered":"<p>Debido a la actual situaci\u00f3n de crisis sanitaria provocada por la pandemia de Covid19, no se pudo llevar a cabo presencialmente la entrega de premios del XIV Concurso de Fotograf\u00eda Rociera 2020 del Centro de Estudios Rocieros y Cultura Andaluza en Catalunya (CERCAT) y el acto tuvo que celebrarse online. El pasado 8 de enero [&hellip;]<\/p>\n","protected":false},"author":1,"featured_media":325,"comment_status":"open","ping_status":"open","sticky":false,"template":"","format":"video","meta":{"footnotes":""},"categories":[19],"tags":[],"class_list":{"0":"post-324","1":"post","2":"type-post","3":"status-publish","4":"format-video","5":"has-post-thumbnail","7":"category-actualidad","8":"post_format-post-format-video"},"_links":{"self":[{"href":"https:\/\/raicesandaluzas.com\/revista\/wp-json\/wp\/v2\/posts\/324","targetHints":{"allow":["GET"]}}],"collection":[{"href":"https:\/\/raicesandaluzas.com\/revista\/wp-json\/wp\/v2\/posts"}],"about":[{"href":"https:\/\/raicesandaluzas.com\/revista\/wp-json\/wp\/v2\/types\/post"}],"author":[{"embeddable":true,"href":"https:\/\/raicesandaluzas.com\/revista\/wp-json\/wp\/v2\/users\/1"}],"replies":[{"embeddable":true,"href":"https:\/\/raicesandaluzas.com\/revista\/wp-json\/wp\/v2\/comments?post=324"}],"version-history":[{"count":1,"href":"https:\/\/raicesandaluzas.com\/revista\/wp-json\/wp\/v2\/posts\/324\/revisions"}],"predecessor-version":[{"id":326,"href":"https:\/\/raicesandaluzas.com\/revista\/wp-json\/wp\/v2\/posts\/324\/revisions\/326"}],"wp:featuredmedia":[{"embeddable":true,"href":"https:\/\/raicesandaluzas.com\/revista\/wp-json\/wp\/v2\/media\/325"}],"wp:attachment":[{"href":"https:\/\/raicesandaluzas.com\/revista\/wp-json\/wp\/v2\/media?parent=324"}],"wp:term":[{"taxonomy":"category","embeddable":true,"href":"https:\/\/raicesandaluzas.com\/revista\/wp-json\/wp\/v2\/categories?post=324"},{"taxonomy":"post_tag","embeddable":true,"href":"https:\/\/raicesandaluzas.com\/revista\/wp-json\/wp\/v2\/tags?post=324"}],"curies":[{"name":"wp","href":"https:\/\/api.w.org\/{rel}","templated":true}]}}