{"id":321,"date":"2021-01-13T10:36:00","date_gmt":"2021-01-13T10:36:00","guid":{"rendered":"http:\/\/raicesandaluzas.com\/revista\/?p=321"},"modified":"2021-01-18T10:40:08","modified_gmt":"2021-01-18T10:40:08","slug":"fallece-a-los-71-anos-juan-jose-guisado-ex-presidente-de-la-casa-de-andalucia-en-barcelona-y-uno-de-los-fundadores-de-la-fecac","status":"publish","type":"post","link":"https:\/\/raicesandaluzas.com\/revista\/2021\/01\/13\/fallece-a-los-71-anos-juan-jose-guisado-ex-presidente-de-la-casa-de-andalucia-en-barcelona-y-uno-de-los-fundadores-de-la-fecac\/","title":{"rendered":"Fallece a los 71 a\u00f1os Juan Jos\u00e9 Guisado, ex-presidente de la Casa de Andaluc\u00eda en Barcelona y uno de los fundadores de la FECAC"},"content":{"rendered":"\n<p>El pasado 12 de enero fallec\u00eda a la edad de 71 a\u00f1os Juan Jos\u00e9 Guisado, presidente de la Casa de Andaluc\u00eda en Barcelona de 1996 a 2015. Al anunciar esta lamentable p\u00e9rdida, la actual presidenta de la entidad, Paquita Mar\u00edn, destac\u00f3 \u201cla generosidad y el apoyo al andalucismo de que hizo gala en su dilatada presidencia en esta Casa, desde la que impuls\u00f3 una amplia actividad cultural y social\u201d. Ya en 1980 fue distinguido con el t\u00edtulo de Andaluz del A\u00f1o de esta entidad.<\/p>\n\n\n\n<p>Nacido en Do\u00f1a Menc\u00eda (C\u00f3rdoba) y afincado en Catalu\u00f1a fue un empresario de \u00e9xito. Tambi\u00e9n fue en 1982 uno de los fundadores y primer presidente de la Federaci\u00f3n de Entidades Culturales Andaluzas en Catalunya (FECAC), organizadora de la Feria de Abril de Catalu\u00f1a, la Romer\u00eda del Roc\u00edo, la Semana Cultural de Andaluc\u00eda y el Concurso Yunque Flamenco. Como afirma la presidenta de la Casa de Andaluc\u00eda en Barcelona, \u00abha sido un referente del movimiento andaluz en Catalunya y nos ha dejado un gran legado. Siempre te tendremos en nuestro coraz\u00f3n. D.E.P. Amigo y mucho \u00e1nimo para la familia\u00bb.<\/p>\n\n\n\n<p> <\/p>\n","protected":false},"excerpt":{"rendered":"<p>El pasado 12 de enero fallec\u00eda a la edad de 71 a\u00f1os Juan Jos\u00e9 Guisado, presidente de la Casa de Andaluc\u00eda en Barcelona de 1996 a 2015. Al anunciar esta lamentable p\u00e9rdida, la actual presidenta de la entidad, Paquita Mar\u00edn, destac\u00f3 \u201cla generosidad y el apoyo al andalucismo de que hizo gala en su dilatada [&hellip;]<\/p>\n","protected":false},"author":1,"featured_media":322,"comment_status":"open","ping_status":"open","sticky":false,"template":"","format":"standard","meta":{"footnotes":""},"categories":[19],"tags":[],"class_list":{"0":"post-321","1":"post","2":"type-post","3":"status-publish","4":"format-standard","5":"has-post-thumbnail","7":"category-actualidad"},"_links":{"self":[{"href":"https:\/\/raicesandaluzas.com\/revista\/wp-json\/wp\/v2\/posts\/321","targetHints":{"allow":["GET"]}}],"collection":[{"href":"https:\/\/raicesandaluzas.com\/revista\/wp-json\/wp\/v2\/posts"}],"about":[{"href":"https:\/\/raicesandaluzas.com\/revista\/wp-json\/wp\/v2\/types\/post"}],"author":[{"embeddable":true,"href":"https:\/\/raicesandaluzas.com\/revista\/wp-json\/wp\/v2\/users\/1"}],"replies":[{"embeddable":true,"href":"https:\/\/raicesandaluzas.com\/revista\/wp-json\/wp\/v2\/comments?post=321"}],"version-history":[{"count":1,"href":"https:\/\/raicesandaluzas.com\/revista\/wp-json\/wp\/v2\/posts\/321\/revisions"}],"predecessor-version":[{"id":323,"href":"https:\/\/raicesandaluzas.com\/revista\/wp-json\/wp\/v2\/posts\/321\/revisions\/323"}],"wp:featuredmedia":[{"embeddable":true,"href":"https:\/\/raicesandaluzas.com\/revista\/wp-json\/wp\/v2\/media\/322"}],"wp:attachment":[{"href":"https:\/\/raicesandaluzas.com\/revista\/wp-json\/wp\/v2\/media?parent=321"}],"wp:term":[{"taxonomy":"category","embeddable":true,"href":"https:\/\/raicesandaluzas.com\/revista\/wp-json\/wp\/v2\/categories?post=321"},{"taxonomy":"post_tag","embeddable":true,"href":"https:\/\/raicesandaluzas.com\/revista\/wp-json\/wp\/v2\/tags?post=321"}],"curies":[{"name":"wp","href":"https:\/\/api.w.org\/{rel}","templated":true}]}}