{"id":304,"date":"2020-12-23T11:44:50","date_gmt":"2020-12-23T11:44:50","guid":{"rendered":"http:\/\/raicesandaluzas.com\/revista\/?p=304"},"modified":"2020-12-23T11:53:18","modified_gmt":"2020-12-23T11:53:18","slug":"el-xiv-concurso-de-fotografia-rociera-del-cercat-ya-tiene-ganadores","status":"publish","type":"post","link":"https:\/\/raicesandaluzas.com\/revista\/2020\/12\/23\/el-xiv-concurso-de-fotografia-rociera-del-cercat-ya-tiene-ganadores\/","title":{"rendered":"El XIV Concurso de Fotograf\u00eda Rociera 2020 del CERCAT ya tiene ganadores"},"content":{"rendered":"\n<p>Ayer, 22 de diciembre, se fallaron los premios del XIV Concurso de Fotograf\u00eda del Centro de Estudios Rocieros y Cultura Andaluza en Catalu\u00f1a (CERCAT).<br>Jos\u00e9 Reyes Belzunce, con su imagen \u201cD\u00eda de lluvia\u201d fue la ganadora del primer premio en la categor\u00eda \u201cRomer\u00eda del Roc\u00edo\u201d, dotado con 150 euros, diploma y madalla FCF. Alicia L\u00f3pez, con \u201cUna sonrisa siempre\u201d consigui\u00f3 el segundo (100 euros y diploma), Elisabeth G\u00f3mez, con \u201cDetr\u00e1s de ella\u201d el tercero (50 euros y diploma), y Jos\u00e9 Antonio Fern\u00e1ndez con \u201cOraciones\u201d consigui\u00f3 el cuarto (50 euros y diploma).<br>En la categor\u00eda \u201cCatalu\u00f1a cofrade\u201d, el ganador fue Jos\u00e9 David Cast\u00e1n, con \u201cP\u00e9talos a la Virgen\u201d, consiguiendo as\u00ed los 150 euros, la medalla FCF y el diploma del primer premio. Izan Merino, con \u201cEl peque\u00f1o cofrade\u201d consigui\u00f3 el segundo (100 euros y diploma), Jordi Merino, con \u201cUn poco m\u00e1s\u201d el tercero (50 euros y diploma), y Daniel Font, con \u201cFe\u201d consigui\u00f3 el cuarto (50 euros y diploma).<br>En el premio especial \u201cFeria de Abril catalana\u201d, el ganador fue Agust\u00edn Padilla, con \u201cEn el tablao de la Feria\u201d, consiguiendo as\u00ed los 100 euros y el diploma.<br>En el premio especial \u201cTraslado de la Virgen a Almonte\u201d, Paolo Rinelli logr\u00f3 el premio con \u201cEl Salto\u201d, consiguiendo as\u00ed los 100 euros y el diploma.<br>El jurado estuvo formado por Rosa Villalonga, concejala del Ayuntamiento de Sant Adri\u00e0 de Bes\u00f2s, Mar\u00eda Victoria Planas, ganadora del XIII Concurso de Fotograf\u00eda Rociera, \u00c1ngeles Arrabal, del Consell General de Germandats i Confraries de l\u2019Arxidi\u00f2cesi de Barcelona, Andreu Noguero, y Montse S\u00e1ez, vocal del CERCAT.<br>Los premios se entregar\u00e1n pr\u00f3ximamente en un acto virtual.<\/p>\n\n\n\n<div><a href=\"https:\/\/raicesandaluzas.com\/revista\/wp-content\/uploads\/2020\/12\/01_rocio_2020-1024x683.jpg\" class=\"td-modal-image\"><figure class=\"wp-block-image size-large\"><img loading=\"lazy\" decoding=\"async\" width=\"1024\" height=\"683\" src=\"https:\/\/raicesandaluzas.com\/revista\/wp-content\/uploads\/2020\/12\/01_rocio_2020-1024x683.jpg\" alt=\"\" class=\"wp-image-305\" srcset=\"https:\/\/raicesandaluzas.com\/revista\/wp-content\/uploads\/2020\/12\/01_rocio_2020-1024x683.jpg 1024w, https:\/\/raicesandaluzas.com\/revista\/wp-content\/uploads\/2020\/12\/01_rocio_2020-300x200.jpg 300w, https:\/\/raicesandaluzas.com\/revista\/wp-content\/uploads\/2020\/12\/01_rocio_2020-768x512.jpg 768w, https:\/\/raicesandaluzas.com\/revista\/wp-content\/uploads\/2020\/12\/01_rocio_2020-696x464.jpg 696w, https:\/\/raicesandaluzas.com\/revista\/wp-content\/uploads\/2020\/12\/01_rocio_2020-1068x712.jpg 1068w, https:\/\/raicesandaluzas.com\/revista\/wp-content\/uploads\/2020\/12\/01_rocio_2020-630x420.jpg 630w, https:\/\/raicesandaluzas.com\/revista\/wp-content\/uploads\/2020\/12\/01_rocio_2020.jpg 1200w\" sizes=\"auto, (max-width: 1024px) 100vw, 1024px\" \/><figcaption>\u00abD\u00eda de lluvia\u00bb, de Jos\u00e9 Reyes Belzunce, 1er Premio en la categor\u00eda \u00abRomer\u00eda del Roc\u00edo\u00bb.<\/figcaption><\/figure><\/a><\/div>\n\n\n\n<div><a href=\"https:\/\/raicesandaluzas.com\/revista\/wp-content\/uploads\/2020\/12\/02_rocio_2020-683x1024.jpg\" class=\"td-modal-image\"><figure class=\"wp-block-image size-large\"><img loading=\"lazy\" decoding=\"async\" width=\"683\" height=\"1024\" src=\"https:\/\/raicesandaluzas.com\/revista\/wp-content\/uploads\/2020\/12\/02_rocio_2020-683x1024.jpg\" alt=\"\" class=\"wp-image-306\" srcset=\"https:\/\/raicesandaluzas.com\/revista\/wp-content\/uploads\/2020\/12\/02_rocio_2020-683x1024.jpg 683w, https:\/\/raicesandaluzas.com\/revista\/wp-content\/uploads\/2020\/12\/02_rocio_2020-200x300.jpg 200w, https:\/\/raicesandaluzas.com\/revista\/wp-content\/uploads\/2020\/12\/02_rocio_2020-768x1152.jpg 768w, https:\/\/raicesandaluzas.com\/revista\/wp-content\/uploads\/2020\/12\/02_rocio_2020-696x1044.jpg 696w, https:\/\/raicesandaluzas.com\/revista\/wp-content\/uploads\/2020\/12\/02_rocio_2020-280x420.jpg 280w, https:\/\/raicesandaluzas.com\/revista\/wp-content\/uploads\/2020\/12\/02_rocio_2020.jpg 800w\" sizes=\"auto, (max-width: 683px) 100vw, 683px\" \/><figcaption>\u00abUna sonrisa siempre\u00bb, de Alicia L\u00f3pez, 2\u00ba Premio en la categor\u00eda \u00abRomer\u00eda del Roc\u00edo\u00bb.<\/figcaption><\/figure><\/a><\/div>\n\n\n\n<div><a href=\"https:\/\/raicesandaluzas.com\/revista\/wp-content\/uploads\/2020\/12\/03_rocio_2020-1024x771.jpg\" class=\"td-modal-image\"><figure class=\"wp-block-image size-large\"><img loading=\"lazy\" decoding=\"async\" width=\"1024\" height=\"771\" src=\"https:\/\/raicesandaluzas.com\/revista\/wp-content\/uploads\/2020\/12\/03_rocio_2020-1024x771.jpg\" alt=\"\" class=\"wp-image-307\" srcset=\"https:\/\/raicesandaluzas.com\/revista\/wp-content\/uploads\/2020\/12\/03_rocio_2020-1024x771.jpg 1024w, https:\/\/raicesandaluzas.com\/revista\/wp-content\/uploads\/2020\/12\/03_rocio_2020-300x226.jpg 300w, https:\/\/raicesandaluzas.com\/revista\/wp-content\/uploads\/2020\/12\/03_rocio_2020-768x578.jpg 768w, https:\/\/raicesandaluzas.com\/revista\/wp-content\/uploads\/2020\/12\/03_rocio_2020-696x524.jpg 696w, https:\/\/raicesandaluzas.com\/revista\/wp-content\/uploads\/2020\/12\/03_rocio_2020-1068x804.jpg 1068w, https:\/\/raicesandaluzas.com\/revista\/wp-content\/uploads\/2020\/12\/03_rocio_2020-558x420.jpg 558w, https:\/\/raicesandaluzas.com\/revista\/wp-content\/uploads\/2020\/12\/03_rocio_2020-80x60.jpg 80w, https:\/\/raicesandaluzas.com\/revista\/wp-content\/uploads\/2020\/12\/03_rocio_2020.jpg 1200w\" sizes=\"auto, (max-width: 1024px) 100vw, 1024px\" \/><figcaption>\u00abDetr\u00e1s de Ella\u00bb, de Elisabeth G\u00f3mez, 3er Premio en la categor\u00eda \u00abRomer\u00eda del Roc\u00edo\u00bb.<\/figcaption><\/figure><\/a><\/div>\n\n\n\n<div><a href=\"https:\/\/raicesandaluzas.com\/revista\/wp-content\/uploads\/2020\/12\/04_rocio_2020-1-768x1024.jpg\" class=\"td-modal-image\"><figure class=\"wp-block-image size-large\"><img loading=\"lazy\" decoding=\"async\" width=\"768\" height=\"1024\" src=\"https:\/\/raicesandaluzas.com\/revista\/wp-content\/uploads\/2020\/12\/04_rocio_2020-1-768x1024.jpg\" alt=\"\" class=\"wp-image-309\" srcset=\"https:\/\/raicesandaluzas.com\/revista\/wp-content\/uploads\/2020\/12\/04_rocio_2020-1-768x1024.jpg 768w, https:\/\/raicesandaluzas.com\/revista\/wp-content\/uploads\/2020\/12\/04_rocio_2020-1-225x300.jpg 225w, https:\/\/raicesandaluzas.com\/revista\/wp-content\/uploads\/2020\/12\/04_rocio_2020-1-696x928.jpg 696w, https:\/\/raicesandaluzas.com\/revista\/wp-content\/uploads\/2020\/12\/04_rocio_2020-1-315x420.jpg 315w, https:\/\/raicesandaluzas.com\/revista\/wp-content\/uploads\/2020\/12\/04_rocio_2020-1.jpg 900w\" sizes=\"auto, (max-width: 768px) 100vw, 768px\" \/><\/figure><\/a><\/div>\n\n\n\n<p><\/p>\n\n\n\n<div><a href=\"https:\/\/raicesandaluzas.com\/revista\/wp-content\/uploads\/2020\/12\/01_cofrade_2020-1024x812.jpg\" class=\"td-modal-image\"><figure class=\"wp-block-image size-large\"><img loading=\"lazy\" decoding=\"async\" width=\"1024\" height=\"812\" src=\"https:\/\/raicesandaluzas.com\/revista\/wp-content\/uploads\/2020\/12\/01_cofrade_2020-1024x812.jpg\" alt=\"\" class=\"wp-image-310\" srcset=\"https:\/\/raicesandaluzas.com\/revista\/wp-content\/uploads\/2020\/12\/01_cofrade_2020-1024x812.jpg 1024w, https:\/\/raicesandaluzas.com\/revista\/wp-content\/uploads\/2020\/12\/01_cofrade_2020-300x238.jpg 300w, https:\/\/raicesandaluzas.com\/revista\/wp-content\/uploads\/2020\/12\/01_cofrade_2020-768x609.jpg 768w, https:\/\/raicesandaluzas.com\/revista\/wp-content\/uploads\/2020\/12\/01_cofrade_2020-696x552.jpg 696w, https:\/\/raicesandaluzas.com\/revista\/wp-content\/uploads\/2020\/12\/01_cofrade_2020-1068x846.jpg 1068w, https:\/\/raicesandaluzas.com\/revista\/wp-content\/uploads\/2020\/12\/01_cofrade_2020-530x420.jpg 530w, https:\/\/raicesandaluzas.com\/revista\/wp-content\/uploads\/2020\/12\/01_cofrade_2020.jpg 1200w\" sizes=\"auto, (max-width: 1024px) 100vw, 1024px\" \/><figcaption>\u00abP\u00e9talos a la Virgen\u00bb, de Jos\u00e9 David Cast\u00e1n, 1er Premio en la categor\u00eda \u00abCatalunya Cofrade\u00bb.<\/figcaption><\/figure><\/a><\/div>\n\n\n\n<div><a href=\"https:\/\/raicesandaluzas.com\/revista\/wp-content\/uploads\/2020\/12\/02_cofrade_2020-1024x760.jpg\" class=\"td-modal-image\"><figure class=\"wp-block-image size-large\"><img loading=\"lazy\" decoding=\"async\" width=\"1024\" height=\"760\" src=\"https:\/\/raicesandaluzas.com\/revista\/wp-content\/uploads\/2020\/12\/02_cofrade_2020-1024x760.jpg\" alt=\"\" class=\"wp-image-311\" srcset=\"https:\/\/raicesandaluzas.com\/revista\/wp-content\/uploads\/2020\/12\/02_cofrade_2020-1024x760.jpg 1024w, https:\/\/raicesandaluzas.com\/revista\/wp-content\/uploads\/2020\/12\/02_cofrade_2020-300x223.jpg 300w, https:\/\/raicesandaluzas.com\/revista\/wp-content\/uploads\/2020\/12\/02_cofrade_2020-768x570.jpg 768w, https:\/\/raicesandaluzas.com\/revista\/wp-content\/uploads\/2020\/12\/02_cofrade_2020-485x360.jpg 485w, https:\/\/raicesandaluzas.com\/revista\/wp-content\/uploads\/2020\/12\/02_cofrade_2020-696x517.jpg 696w, https:\/\/raicesandaluzas.com\/revista\/wp-content\/uploads\/2020\/12\/02_cofrade_2020-1068x793.jpg 1068w, https:\/\/raicesandaluzas.com\/revista\/wp-content\/uploads\/2020\/12\/02_cofrade_2020-566x420.jpg 566w, https:\/\/raicesandaluzas.com\/revista\/wp-content\/uploads\/2020\/12\/02_cofrade_2020-80x60.jpg 80w, https:\/\/raicesandaluzas.com\/revista\/wp-content\/uploads\/2020\/12\/02_cofrade_2020-265x198.jpg 265w, https:\/\/raicesandaluzas.com\/revista\/wp-content\/uploads\/2020\/12\/02_cofrade_2020.jpg 1200w\" sizes=\"auto, (max-width: 1024px) 100vw, 1024px\" \/><figcaption>\u00abEl peque\u00f1o cofrade\u00bb, de Izan Merino, 2\u00ba Premio en la categor\u00eda \u00abCatalunya Cofrade\u00bb.<\/figcaption><\/figure><\/a><\/div>\n\n\n\n<div><a href=\"https:\/\/raicesandaluzas.com\/revista\/wp-content\/uploads\/2020\/12\/03_cofrade_2020-1024x680.jpg\" class=\"td-modal-image\"><figure class=\"wp-block-image size-large\"><img loading=\"lazy\" decoding=\"async\" width=\"1024\" height=\"680\" src=\"https:\/\/raicesandaluzas.com\/revista\/wp-content\/uploads\/2020\/12\/03_cofrade_2020-1024x680.jpg\" alt=\"\" class=\"wp-image-312\" srcset=\"https:\/\/raicesandaluzas.com\/revista\/wp-content\/uploads\/2020\/12\/03_cofrade_2020-1024x680.jpg 1024w, https:\/\/raicesandaluzas.com\/revista\/wp-content\/uploads\/2020\/12\/03_cofrade_2020-300x199.jpg 300w, https:\/\/raicesandaluzas.com\/revista\/wp-content\/uploads\/2020\/12\/03_cofrade_2020-768x510.jpg 768w, https:\/\/raicesandaluzas.com\/revista\/wp-content\/uploads\/2020\/12\/03_cofrade_2020-696x462.jpg 696w, https:\/\/raicesandaluzas.com\/revista\/wp-content\/uploads\/2020\/12\/03_cofrade_2020-1068x709.jpg 1068w, https:\/\/raicesandaluzas.com\/revista\/wp-content\/uploads\/2020\/12\/03_cofrade_2020-632x420.jpg 632w, https:\/\/raicesandaluzas.com\/revista\/wp-content\/uploads\/2020\/12\/03_cofrade_2020.jpg 1200w\" sizes=\"auto, (max-width: 1024px) 100vw, 1024px\" \/><figcaption>\u00abUn poco m\u00e1s\u00bb, de Jordi Merino, 3er Premio en la categor\u00eda \u00abCatalunya Cofrade\u00bb.<\/figcaption><\/figure><\/a><\/div>\n\n\n\n<div><a href=\"https:\/\/raicesandaluzas.com\/revista\/wp-content\/uploads\/2020\/12\/04_cofrade_2020-769x1024.jpg\" class=\"td-modal-image\"><figure class=\"wp-block-image size-large\"><img loading=\"lazy\" decoding=\"async\" width=\"769\" height=\"1024\" src=\"https:\/\/raicesandaluzas.com\/revista\/wp-content\/uploads\/2020\/12\/04_cofrade_2020-769x1024.jpg\" alt=\"\" class=\"wp-image-313\" srcset=\"https:\/\/raicesandaluzas.com\/revista\/wp-content\/uploads\/2020\/12\/04_cofrade_2020-769x1024.jpg 769w, https:\/\/raicesandaluzas.com\/revista\/wp-content\/uploads\/2020\/12\/04_cofrade_2020-225x300.jpg 225w, https:\/\/raicesandaluzas.com\/revista\/wp-content\/uploads\/2020\/12\/04_cofrade_2020-768x1023.jpg 768w, https:\/\/raicesandaluzas.com\/revista\/wp-content\/uploads\/2020\/12\/04_cofrade_2020-696x927.jpg 696w, https:\/\/raicesandaluzas.com\/revista\/wp-content\/uploads\/2020\/12\/04_cofrade_2020-315x420.jpg 315w, https:\/\/raicesandaluzas.com\/revista\/wp-content\/uploads\/2020\/12\/04_cofrade_2020.jpg 901w\" sizes=\"auto, (max-width: 769px) 100vw, 769px\" \/><figcaption>\u00abFe\u00bb, de Daniel Font, 41 Premio en la categor\u00eda \u00abCatalunya Cofrade\u00bb.<\/figcaption><\/figure><\/a><\/div>\n\n\n\n<div><a href=\"https:\/\/raicesandaluzas.com\/revista\/wp-content\/uploads\/2020\/12\/ganadora_feria_2020-683x1024.jpg\" class=\"td-modal-image\"><figure class=\"wp-block-image size-large\"><img loading=\"lazy\" decoding=\"async\" width=\"683\" height=\"1024\" src=\"https:\/\/raicesandaluzas.com\/revista\/wp-content\/uploads\/2020\/12\/ganadora_feria_2020-683x1024.jpg\" alt=\"\" class=\"wp-image-314\" srcset=\"https:\/\/raicesandaluzas.com\/revista\/wp-content\/uploads\/2020\/12\/ganadora_feria_2020-683x1024.jpg 683w, https:\/\/raicesandaluzas.com\/revista\/wp-content\/uploads\/2020\/12\/ganadora_feria_2020-200x300.jpg 200w, https:\/\/raicesandaluzas.com\/revista\/wp-content\/uploads\/2020\/12\/ganadora_feria_2020-768x1152.jpg 768w, https:\/\/raicesandaluzas.com\/revista\/wp-content\/uploads\/2020\/12\/ganadora_feria_2020-696x1044.jpg 696w, https:\/\/raicesandaluzas.com\/revista\/wp-content\/uploads\/2020\/12\/ganadora_feria_2020-280x420.jpg 280w, https:\/\/raicesandaluzas.com\/revista\/wp-content\/uploads\/2020\/12\/ganadora_feria_2020.jpg 800w\" sizes=\"auto, (max-width: 683px) 100vw, 683px\" \/><figcaption>\u00abEn el tablao de la Feria\u00bb, de Agust\u00edn Padilla, Premio Especial \u00abFeria de Abril Catalana\u00bb.<\/figcaption><\/figure><\/a><\/div>\n\n\n\n<div><a href=\"https:\/\/raicesandaluzas.com\/revista\/wp-content\/uploads\/2020\/12\/ganadora_traslado_2020-1024x683.jpg\" class=\"td-modal-image\"><figure class=\"wp-block-image size-large td-img-style-shadow\"><img loading=\"lazy\" decoding=\"async\" width=\"1024\" height=\"683\" src=\"https:\/\/raicesandaluzas.com\/revista\/wp-content\/uploads\/2020\/12\/ganadora_traslado_2020-1024x683.jpg\" alt=\"\" class=\"wp-image-315\" srcset=\"https:\/\/raicesandaluzas.com\/revista\/wp-content\/uploads\/2020\/12\/ganadora_traslado_2020-1024x683.jpg 1024w, https:\/\/raicesandaluzas.com\/revista\/wp-content\/uploads\/2020\/12\/ganadora_traslado_2020-300x200.jpg 300w, https:\/\/raicesandaluzas.com\/revista\/wp-content\/uploads\/2020\/12\/ganadora_traslado_2020-768x512.jpg 768w, https:\/\/raicesandaluzas.com\/revista\/wp-content\/uploads\/2020\/12\/ganadora_traslado_2020-696x464.jpg 696w, https:\/\/raicesandaluzas.com\/revista\/wp-content\/uploads\/2020\/12\/ganadora_traslado_2020-1068x712.jpg 1068w, https:\/\/raicesandaluzas.com\/revista\/wp-content\/uploads\/2020\/12\/ganadora_traslado_2020-630x420.jpg 630w, https:\/\/raicesandaluzas.com\/revista\/wp-content\/uploads\/2020\/12\/ganadora_traslado_2020.jpg 1200w\" sizes=\"auto, (max-width: 1024px) 100vw, 1024px\" \/><figcaption>\u00abEl Salto\u00bb, de Paolo Rinelli, Premio Especial \u00abTraslado de la Virgen a Almonte 2019\u00bb.<\/figcaption><\/figure><\/a><\/div>\n","protected":false},"excerpt":{"rendered":"<p>Ayer, 22 de diciembre, se fallaron los premios del XIV Concurso de Fotograf\u00eda del Centro de Estudios Rocieros y Cultura Andaluza en Catalu\u00f1a (CERCAT).Jos\u00e9 Reyes Belzunce, con su imagen \u201cD\u00eda de lluvia\u201d fue la ganadora del primer premio en la categor\u00eda \u201cRomer\u00eda del Roc\u00edo\u201d, dotado con 150 euros, diploma y madalla FCF. Alicia L\u00f3pez, con [&hellip;]<\/p>\n","protected":false},"author":1,"featured_media":305,"comment_status":"open","ping_status":"open","sticky":false,"template":"","format":"standard","meta":{"footnotes":""},"categories":[21],"tags":[],"class_list":{"0":"post-304","1":"post","2":"type-post","3":"status-publish","4":"format-standard","5":"has-post-thumbnail","7":"category-raices-rocieras"},"_links":{"self":[{"href":"https:\/\/raicesandaluzas.com\/revista\/wp-json\/wp\/v2\/posts\/304","targetHints":{"allow":["GET"]}}],"collection":[{"href":"https:\/\/raicesandaluzas.com\/revista\/wp-json\/wp\/v2\/posts"}],"about":[{"href":"https:\/\/raicesandaluzas.com\/revista\/wp-json\/wp\/v2\/types\/post"}],"author":[{"embeddable":true,"href":"https:\/\/raicesandaluzas.com\/revista\/wp-json\/wp\/v2\/users\/1"}],"replies":[{"embeddable":true,"href":"https:\/\/raicesandaluzas.com\/revista\/wp-json\/wp\/v2\/comments?post=304"}],"version-history":[{"count":4,"href":"https:\/\/raicesandaluzas.com\/revista\/wp-json\/wp\/v2\/posts\/304\/revisions"}],"predecessor-version":[{"id":319,"href":"https:\/\/raicesandaluzas.com\/revista\/wp-json\/wp\/v2\/posts\/304\/revisions\/319"}],"wp:featuredmedia":[{"embeddable":true,"href":"https:\/\/raicesandaluzas.com\/revista\/wp-json\/wp\/v2\/media\/305"}],"wp:attachment":[{"href":"https:\/\/raicesandaluzas.com\/revista\/wp-json\/wp\/v2\/media?parent=304"}],"wp:term":[{"taxonomy":"category","embeddable":true,"href":"https:\/\/raicesandaluzas.com\/revista\/wp-json\/wp\/v2\/categories?post=304"},{"taxonomy":"post_tag","embeddable":true,"href":"https:\/\/raicesandaluzas.com\/revista\/wp-json\/wp\/v2\/tags?post=304"}],"curies":[{"name":"wp","href":"https:\/\/api.w.org\/{rel}","templated":true}]}}