{"id":300,"date":"2020-12-09T11:28:01","date_gmt":"2020-12-09T11:28:01","guid":{"rendered":"http:\/\/raicesandaluzas.com\/revista\/?p=300"},"modified":"2020-12-09T11:28:04","modified_gmt":"2020-12-09T11:28:04","slug":"la-asociacion-de-mujeres-cofrades-de-barcelona-organiza-online-la-tradicional-charla-de-la-inmaculada","status":"publish","type":"post","link":"https:\/\/raicesandaluzas.com\/revista\/2020\/12\/09\/la-asociacion-de-mujeres-cofrades-de-barcelona-organiza-online-la-tradicional-charla-de-la-inmaculada\/","title":{"rendered":"La Asociaci\u00f3n de Mujeres Cofrades de Barcelona organiza online la tradicional charla de la Inmaculada"},"content":{"rendered":"\n<p>A pesar de las circunstancias tan especiales que vivimos debido a la crisis sanitaria provocada por la pandemia de la Covid19, la Asociaci\u00f3n de Mujeres Cofrades de Barcelona no ha querido dejar pasar este a\u00f1o y ha organizado la tradicional Charla de la Inmaculada. Este 2020 no se pod\u00eda celebrar de ninguna otra manera que de manera online. La charla, bajo el t\u00edtulo de \u00abLa inmaculada. Una explicaci\u00f3n teol\u00f3gica\u00bb, corre a cargo de Mn. Xavier Morlans Molina, doctor en Teolog\u00eda por la Universidad Gregoriana de Roma, presb\u00edtero de la Archidi\u00f3cesis de Barcelona desde 1976, y profesor de la Facultad de Teolog\u00eda de Catalunya desde 1980. Experto en el Primer Anuncio, colabora con el Hospital de Campa\u00f1a de la parroquia de Santa Ana.<\/p>\n\n\n\n<p>El video se puede ver en el siguiente enlace,&nbsp;<a href=\"http:\/\/rendering\/55652\">https:\/\/youtu.be\/8kSRbXwNpEI<\/a>, dentro del canal de Youtube del Secretariado Diocesano de Hermandades y Cofrad\u00edas. El v\u00eddeo ha sido editado por Robert Escusa, de la Coordinadora de &nbsp;J\u00f3venes Cofrades.<\/p>\n","protected":false},"excerpt":{"rendered":"<p>A pesar de las circunstancias tan especiales que vivimos debido a la crisis sanitaria provocada por la pandemia de la Covid19, la Asociaci\u00f3n de Mujeres Cofrades de Barcelona no ha querido dejar pasar este a\u00f1o y ha organizado la tradicional Charla de la Inmaculada. Este 2020 no se pod\u00eda celebrar de ninguna otra manera que [&hellip;]<\/p>\n","protected":false},"author":1,"featured_media":301,"comment_status":"open","ping_status":"open","sticky":false,"template":"","format":"standard","meta":{"footnotes":""},"categories":[19],"tags":[],"class_list":{"0":"post-300","1":"post","2":"type-post","3":"status-publish","4":"format-standard","5":"has-post-thumbnail","7":"category-actualidad"},"_links":{"self":[{"href":"https:\/\/raicesandaluzas.com\/revista\/wp-json\/wp\/v2\/posts\/300","targetHints":{"allow":["GET"]}}],"collection":[{"href":"https:\/\/raicesandaluzas.com\/revista\/wp-json\/wp\/v2\/posts"}],"about":[{"href":"https:\/\/raicesandaluzas.com\/revista\/wp-json\/wp\/v2\/types\/post"}],"author":[{"embeddable":true,"href":"https:\/\/raicesandaluzas.com\/revista\/wp-json\/wp\/v2\/users\/1"}],"replies":[{"embeddable":true,"href":"https:\/\/raicesandaluzas.com\/revista\/wp-json\/wp\/v2\/comments?post=300"}],"version-history":[{"count":1,"href":"https:\/\/raicesandaluzas.com\/revista\/wp-json\/wp\/v2\/posts\/300\/revisions"}],"predecessor-version":[{"id":302,"href":"https:\/\/raicesandaluzas.com\/revista\/wp-json\/wp\/v2\/posts\/300\/revisions\/302"}],"wp:featuredmedia":[{"embeddable":true,"href":"https:\/\/raicesandaluzas.com\/revista\/wp-json\/wp\/v2\/media\/301"}],"wp:attachment":[{"href":"https:\/\/raicesandaluzas.com\/revista\/wp-json\/wp\/v2\/media?parent=300"}],"wp:term":[{"taxonomy":"category","embeddable":true,"href":"https:\/\/raicesandaluzas.com\/revista\/wp-json\/wp\/v2\/categories?post=300"},{"taxonomy":"post_tag","embeddable":true,"href":"https:\/\/raicesandaluzas.com\/revista\/wp-json\/wp\/v2\/tags?post=300"}],"curies":[{"name":"wp","href":"https:\/\/api.w.org\/{rel}","templated":true}]}}