{"id":296,"date":"2020-11-27T10:55:24","date_gmt":"2020-11-27T10:55:24","guid":{"rendered":"http:\/\/raicesandaluzas.com\/revista\/?p=296"},"modified":"2020-11-27T10:56:37","modified_gmt":"2020-11-27T10:56:37","slug":"la-junta-de-andalucia-organiza-el-primer-encuentro-virtual-de-jovenes-andaluces-por-el-mundo","status":"publish","type":"post","link":"https:\/\/raicesandaluzas.com\/revista\/2020\/11\/27\/la-junta-de-andalucia-organiza-el-primer-encuentro-virtual-de-jovenes-andaluces-por-el-mundo\/","title":{"rendered":"La Junta de Andaluc\u00eda organiza el primer encuentro virtual de j\u00f3venes andaluces por el mundo"},"content":{"rendered":"\n<p>El pr\u00f3ximo 12 de diciembre se celebrar\u00e1 el primer Encuentro Virtual para J\u00f3venes Andaluces por el Mundo, una iniciativa de la Junta de Andaluc\u00eda a trav\u00e9s de la Direcci\u00f3n General de Relaciones con los Andaluces en el Exterior que pretende fomentar la comunicaci\u00f3n y la interacci\u00f3n de los j\u00f3venes andaluces. El encuentro contar\u00e1 con la participaci\u00f3n del youtuber profesional Anikilo Gamer, el cantante de rap Cyclo, el chef con una Estrella Michel\u00edn Jos\u00e9 \u00c1lvarez, la instagramer Mar Canovas, el presidente de AJE Antonio J. Fern\u00e1ndez, el youtuber cultural Daniel S\u00e1nchez, y la participaci\u00f3n especial del futbolista del Betis, Joaqu\u00edn, y la modelo y presentadora de televisi\u00f3n Eva Gonz\u00e1lez.<\/p>\n\n\n\n<p>El encuentro constar\u00e1 de talleres, charlas y debates donde los j\u00f3venes tendr\u00e1n la oportunidad de conocer, disfrutar y participar en tem\u00e1ticas de actualidad juvenil. Para participar hay que inscribirse, de manera gratuita, en la web <a href=\"http:\/\/www.jovenesandalucesporelmundo.es\" target=\"_blank\" rel=\"noreferrer noopener\">www.jovenesandalucesporelmundo.es<\/a>.<\/p>\n","protected":false},"excerpt":{"rendered":"<p>El pr\u00f3ximo 12 de diciembre se celebrar\u00e1 el primer Encuentro Virtual para J\u00f3venes Andaluces por el Mundo, una iniciativa de la Junta de Andaluc\u00eda a trav\u00e9s de la Direcci\u00f3n General de Relaciones con los Andaluces en el Exterior que pretende fomentar la comunicaci\u00f3n y la interacci\u00f3n de los j\u00f3venes andaluces. El encuentro contar\u00e1 con la [&hellip;]<\/p>\n","protected":false},"author":1,"featured_media":297,"comment_status":"open","ping_status":"open","sticky":false,"template":"","format":"standard","meta":{"footnotes":""},"categories":[19],"tags":[],"class_list":{"0":"post-296","1":"post","2":"type-post","3":"status-publish","4":"format-standard","5":"has-post-thumbnail","7":"category-actualidad"},"_links":{"self":[{"href":"https:\/\/raicesandaluzas.com\/revista\/wp-json\/wp\/v2\/posts\/296","targetHints":{"allow":["GET"]}}],"collection":[{"href":"https:\/\/raicesandaluzas.com\/revista\/wp-json\/wp\/v2\/posts"}],"about":[{"href":"https:\/\/raicesandaluzas.com\/revista\/wp-json\/wp\/v2\/types\/post"}],"author":[{"embeddable":true,"href":"https:\/\/raicesandaluzas.com\/revista\/wp-json\/wp\/v2\/users\/1"}],"replies":[{"embeddable":true,"href":"https:\/\/raicesandaluzas.com\/revista\/wp-json\/wp\/v2\/comments?post=296"}],"version-history":[{"count":2,"href":"https:\/\/raicesandaluzas.com\/revista\/wp-json\/wp\/v2\/posts\/296\/revisions"}],"predecessor-version":[{"id":299,"href":"https:\/\/raicesandaluzas.com\/revista\/wp-json\/wp\/v2\/posts\/296\/revisions\/299"}],"wp:featuredmedia":[{"embeddable":true,"href":"https:\/\/raicesandaluzas.com\/revista\/wp-json\/wp\/v2\/media\/297"}],"wp:attachment":[{"href":"https:\/\/raicesandaluzas.com\/revista\/wp-json\/wp\/v2\/media?parent=296"}],"wp:term":[{"taxonomy":"category","embeddable":true,"href":"https:\/\/raicesandaluzas.com\/revista\/wp-json\/wp\/v2\/categories?post=296"},{"taxonomy":"post_tag","embeddable":true,"href":"https:\/\/raicesandaluzas.com\/revista\/wp-json\/wp\/v2\/tags?post=296"}],"curies":[{"name":"wp","href":"https:\/\/api.w.org\/{rel}","templated":true}]}}