{"id":2918,"date":"2026-04-30T08:57:23","date_gmt":"2026-04-30T08:57:23","guid":{"rendered":"https:\/\/raicesandaluzas.com\/revista\/?p=2918"},"modified":"2026-04-30T08:57:24","modified_gmt":"2026-04-30T08:57:24","slug":"especial-raices-andaluzas-feria-de-abril-2026","status":"publish","type":"post","link":"https:\/\/raicesandaluzas.com\/revista\/2026\/04\/30\/especial-raices-andaluzas-feria-de-abril-2026\/","title":{"rendered":"Especial Ra\u00edces Andaluzas Feria de Abril 2026"},"content":{"rendered":"\n<p>Ya puede consultarse online nuestro n\u00famero especial dedicado a la Feria de Abril de Catalunya 2026 con entrevistas, reportajes y una selecci\u00f3n de las mejores im\u00e1genes de los primeros d\u00edas de celebraci\u00f3n. En papel podr\u00e1n disfrutarlo en el Real de la Feria.<\/p>\n\n\n<a href=\"https:\/\/raicesandaluzas.com\/revista\/wp-content\/uploads\/2026\/04\/Raices-130-Feria-2026_baja.pdf\" class=\"pdfemb-viewer\" style=\"\" data-width=\"max\" data-height=\"max\" data-toolbar=\"bottom\" data-toolbar-fixed=\"on\">Raices-130-Feria-2026_baja<\/a>\n\n\n<p><canvas width=\"982\" height=\"1336\"><\/canvas><\/p>\n","protected":false},"excerpt":{"rendered":"<p>Ya puede consultarse online nuestro n\u00famero especial dedicado a la Feria de Abril de Catalunya 2026 con entrevistas, reportajes y una selecci\u00f3n de las mejores im\u00e1genes de los primeros d\u00edas de celebraci\u00f3n. En papel podr\u00e1n disfrutarlo en el Real de la Feria.<\/p>\n","protected":false},"author":1,"featured_media":2920,"comment_status":"closed","ping_status":"open","sticky":false,"template":"","format":"standard","meta":{"footnotes":""},"categories":[19,23],"tags":[],"class_list":{"0":"post-2918","1":"post","2":"type-post","3":"status-publish","4":"format-standard","5":"has-post-thumbnail","7":"category-actualidad","8":"category-edicion-impresa"},"_links":{"self":[{"href":"https:\/\/raicesandaluzas.com\/revista\/wp-json\/wp\/v2\/posts\/2918","targetHints":{"allow":["GET"]}}],"collection":[{"href":"https:\/\/raicesandaluzas.com\/revista\/wp-json\/wp\/v2\/posts"}],"about":[{"href":"https:\/\/raicesandaluzas.com\/revista\/wp-json\/wp\/v2\/types\/post"}],"author":[{"embeddable":true,"href":"https:\/\/raicesandaluzas.com\/revista\/wp-json\/wp\/v2\/users\/1"}],"replies":[{"embeddable":true,"href":"https:\/\/raicesandaluzas.com\/revista\/wp-json\/wp\/v2\/comments?post=2918"}],"version-history":[{"count":1,"href":"https:\/\/raicesandaluzas.com\/revista\/wp-json\/wp\/v2\/posts\/2918\/revisions"}],"predecessor-version":[{"id":2921,"href":"https:\/\/raicesandaluzas.com\/revista\/wp-json\/wp\/v2\/posts\/2918\/revisions\/2921"}],"wp:featuredmedia":[{"embeddable":true,"href":"https:\/\/raicesandaluzas.com\/revista\/wp-json\/wp\/v2\/media\/2920"}],"wp:attachment":[{"href":"https:\/\/raicesandaluzas.com\/revista\/wp-json\/wp\/v2\/media?parent=2918"}],"wp:term":[{"taxonomy":"category","embeddable":true,"href":"https:\/\/raicesandaluzas.com\/revista\/wp-json\/wp\/v2\/categories?post=2918"},{"taxonomy":"post_tag","embeddable":true,"href":"https:\/\/raicesandaluzas.com\/revista\/wp-json\/wp\/v2\/tags?post=2918"}],"curies":[{"name":"wp","href":"https:\/\/api.w.org\/{rel}","templated":true}]}}