{"id":2915,"date":"2026-04-29T11:40:12","date_gmt":"2026-04-29T11:40:12","guid":{"rendered":"https:\/\/raicesandaluzas.com\/revista\/?p=2915"},"modified":"2026-04-29T11:40:13","modified_gmt":"2026-04-29T11:40:13","slug":"estamos-absolutamente-convencidos-de-que-la-feria-de-abril-no-solamente-es-viable-sino-que-va-a-seguir-creciendo","status":"publish","type":"post","link":"https:\/\/raicesandaluzas.com\/revista\/2026\/04\/29\/estamos-absolutamente-convencidos-de-que-la-feria-de-abril-no-solamente-es-viable-sino-que-va-a-seguir-creciendo\/","title":{"rendered":"\u201cEstamos absolutamente convencidos de que la Feria de Abril no solamente es viable, sino que va a seguir creciendo\u201d"},"content":{"rendered":"\n<p><strong><span style=\"background-color:#b5dcaf\" class=\"td_text_highlight_marker\">Entrevista a Alejandro Fern\u00e1ndez, presidente del Partido Popular de Catalu\u00f1a<\/span><\/strong><\/p>\n\n\n\n<p><strong><span style=\"background-color:#b5dcaf\" class=\"td_text_highlight_marker\">RA\u00cdCES ANDALUZAS. En la edici\u00f3n del a\u00f1o pasado de la Feria de Abril se implement\u00f3 el cobro de entrada al Real catal\u00e1n para evitar aglomeraciones y mejorar la seguridad. \u00bfConsidera que este evento ha crecido demasiado y deber\u00eda limitarse m\u00e1s el aforo para contrarrestar dichos problemas?<\/span><\/strong><\/p>\n\n\n\n<p><strong><span style=\"background-color:#b5dcaf\" class=\"td_text_highlight_marker\">ALEJANDRO FERN\u00c1NDEZ.<\/span><\/strong>Creo que esto es una cuesti\u00f3n que compete sobretodo a la organizaci\u00f3n y que deben decidir ellos. Evidentemente el Partido Popular apoyar\u00e1 cualquier decisi\u00f3n que vaya en la direcci\u00f3n de mejorar la seguridad, de evitar dichas aglomeraciones y de conseguir que la Feria de abril pues contin\u00fae siendo un referente absoluto en Catalu\u00f1a.<\/p>\n\n\n\n<p><strong><span style=\"background-color:#b5dcaf\" class=\"td_text_highlight_marker\">R.A. \u00bfConsidera que la Feria de Abril encaja en la Catalunya actual?<\/span><\/strong><\/p>\n\n\n\n<p><strong><span style=\"background-color:#b5dcaf\" class=\"td_text_highlight_marker\">A.F.<\/span> <\/strong>En la actual y en la de siempre. Catalu\u00f1a es una sociedad plural y la Feria de abril no es una fiesta ajena a Catalu\u00f1a, es una celebraci\u00f3n plenamente catalana y por lo tanto encaja hoy y siempre. <\/p>\n\n\n\n<p><strong><span style=\"background-color:#b5dcaf\" class=\"td_text_highlight_marker\">R.A. \u00bfQu\u00e9 cree que han aportado a la sociedad catalana en general las entidades andaluzas, cofrad\u00edas y hermandades rocieras de Catalunya?<\/span><\/strong><\/p>\n\n\n\n<p><strong><span style=\"background-color:#b5dcaf\" class=\"td_text_highlight_marker\">A.F.<\/span><\/strong>Como dec\u00eda antes, yo creo que son andaluzas y que son catalanas, y eso hoy ya es indiscutible. Creo que forman parte, no ya como una realidad ajena a la cultura catalana, sino que forman parte de la cultura catalana y cualquiera que no entienda eso pues tiene una visi\u00f3n de la cultura excluyente que nosotros evidentemente no compartimos. Nosotros celebramos no solo la existencia, sino la aportaci\u00f3n extraordinaria de estas entidades a Catalu\u00f1a.<\/p>\n\n\n\n<p><strong><span style=\"background-color:#b5dcaf\" class=\"td_text_highlight_marker\">R.A. \u00bfTiene sentido a\u00fan que existan estas entidades de cultura andaluza en Catalunya cuando la nostalgia por Andaluc\u00eda de la que nacieron se ha perdido con el paso de las generaciones?<\/span><\/strong><\/p>\n\n\n\n<p><strong><span style=\"background-color:#b5dcaf\" class=\"td_text_highlight_marker\">A.F.<\/span><\/strong>No creo que la nostalgia se haya perdido. Yo por ejemplo soy hijo de asturianos y ya nac\u00ed en Catalu\u00f1a y para m\u00ed pues Asturias es una tierra muy presente en mi coraz\u00f3n, por lo tanto, los nietos y bisnietos de andaluces que llegaron en distintas etapas a Catalu\u00f1a, se sienten catalanes se sienten andaluces y se sienten espa\u00f1oles por lo tanto creo que ese sentimiento es totalmente compatible y adem\u00e1s tiene m\u00e1s vigencia que nunca.<\/p>\n\n\n\n<p><strong><span style=\"background-color:#b5dcaf\" class=\"td_text_highlight_marker\">R.A. Despu\u00e9s de m\u00e1s de medio siglo de vida, \u00bfve con fuerza a la Feria de Abril de Catalunya como para que siga existiendo 50 a\u00f1os m\u00e1s?<\/span><\/strong><\/p>\n\n\n\n<p><strong><span style=\"background-color:#b5dcaf\" class=\"td_text_highlight_marker\">A.F. <\/span><\/strong>Ojal\u00e1, y desde luego nosotros vamos a contribuir para que eso sea as\u00ed porque es una celebraci\u00f3n que nos gusta, de la que disfrutamos y estamos absolutamente convencidos de que no solamente es viable, sino que va a seguir creciendo.<\/p>\n\n\n\n<p><strong><span style=\"background-color:#b5dcaf\" class=\"td_text_highlight_marker\">R.A. Por \u00faltimo, \u00bfqu\u00e9 desaf\u00edos afronta Catalunya en el futuro m\u00e1s cercano?<\/span><\/strong><\/p>\n\n\n\n<p><strong><span style=\"background-color:#b5dcaf\" class=\"td_text_highlight_marker\">A.F. <\/span><\/strong>En primer lugar\u00a0 creo que los mismos que comparte cualquier sociedad civilizada occidental. Que los j\u00f3venes tengan acceso a la vivienda, que las calles y ciudades sean seguras, que se respete la propiedad privada de la ciudadan\u00eda, que la educaci\u00f3n de nuestros j\u00f3venes sea de mucha mayor calidad de la que es actualmente, garantizar que nuestros mayores tengan unas pensiones dignas, es decir las problem\u00e1ticas de cualquier sociedad avanzada, y en el caso de Catalu\u00f1a en concreto, pues ser capaces de superar lo peor del Proc\u00e9s, que fue la ruptura de la convivencia y yo creo que precisamente la feria de abril traslada un mensaje muy apropiado de convivencia de Concordia, entre los distintos pueblos de Espa\u00f1a y entre los distintos pueblos de Espa\u00f1a que vivimos en Catalu\u00f1a.<\/p>\n","protected":false},"excerpt":{"rendered":"<p>Entrevista a Alejandro Fern\u00e1ndez, presidente del Partido Popular de Catalu\u00f1a RA\u00cdCES ANDALUZAS. En la edici\u00f3n del a\u00f1o pasado de la Feria de Abril se implement\u00f3 el cobro de entrada al Real catal\u00e1n para evitar aglomeraciones y mejorar la seguridad. \u00bfConsidera que este evento ha crecido demasiado y deber\u00eda limitarse m\u00e1s el aforo para contrarrestar dichos [&hellip;]<\/p>\n","protected":false},"author":1,"featured_media":1883,"comment_status":"closed","ping_status":"open","sticky":false,"template":"","format":"standard","meta":{"footnotes":""},"categories":[20],"tags":[],"class_list":{"0":"post-2915","1":"post","2":"type-post","3":"status-publish","4":"format-standard","5":"has-post-thumbnail","7":"category-entrevistas"},"_links":{"self":[{"href":"https:\/\/raicesandaluzas.com\/revista\/wp-json\/wp\/v2\/posts\/2915","targetHints":{"allow":["GET"]}}],"collection":[{"href":"https:\/\/raicesandaluzas.com\/revista\/wp-json\/wp\/v2\/posts"}],"about":[{"href":"https:\/\/raicesandaluzas.com\/revista\/wp-json\/wp\/v2\/types\/post"}],"author":[{"embeddable":true,"href":"https:\/\/raicesandaluzas.com\/revista\/wp-json\/wp\/v2\/users\/1"}],"replies":[{"embeddable":true,"href":"https:\/\/raicesandaluzas.com\/revista\/wp-json\/wp\/v2\/comments?post=2915"}],"version-history":[{"count":1,"href":"https:\/\/raicesandaluzas.com\/revista\/wp-json\/wp\/v2\/posts\/2915\/revisions"}],"predecessor-version":[{"id":2916,"href":"https:\/\/raicesandaluzas.com\/revista\/wp-json\/wp\/v2\/posts\/2915\/revisions\/2916"}],"wp:featuredmedia":[{"embeddable":true,"href":"https:\/\/raicesandaluzas.com\/revista\/wp-json\/wp\/v2\/media\/1883"}],"wp:attachment":[{"href":"https:\/\/raicesandaluzas.com\/revista\/wp-json\/wp\/v2\/media?parent=2915"}],"wp:term":[{"taxonomy":"category","embeddable":true,"href":"https:\/\/raicesandaluzas.com\/revista\/wp-json\/wp\/v2\/categories?post=2915"},{"taxonomy":"post_tag","embeddable":true,"href":"https:\/\/raicesandaluzas.com\/revista\/wp-json\/wp\/v2\/tags?post=2915"}],"curies":[{"name":"wp","href":"https:\/\/api.w.org\/{rel}","templated":true}]}}