{"id":2909,"date":"2026-04-28T10:10:04","date_gmt":"2026-04-28T10:10:04","guid":{"rendered":"https:\/\/raicesandaluzas.com\/revista\/?p=2909"},"modified":"2026-04-28T10:10:05","modified_gmt":"2026-04-28T10:10:05","slug":"las-entidades-andaluzas-representan-esa-convivencia-natural-entre-culturas-que-en-badalona-se-vive-con-normalidad-y-con-orgullo","status":"publish","type":"post","link":"https:\/\/raicesandaluzas.com\/revista\/2026\/04\/28\/las-entidades-andaluzas-representan-esa-convivencia-natural-entre-culturas-que-en-badalona-se-vive-con-normalidad-y-con-orgullo\/","title":{"rendered":"\u201cLas entidades andaluzas representan esa convivencia natural entre culturas que en Badalona se vive con normalidad y con orgullo\u201d"},"content":{"rendered":"\n<p><strong><span style=\"background-color:#b5dcaf\" class=\"td_text_highlight_marker\">Entrevista a Xavier Garc\u00eda Albiol, alcalde de Badalona<\/span><\/strong><\/p>\n\n\n\n<p><strong><span style=\"background-color:#b5dcaf\" class=\"td_text_highlight_marker\">RA\u00cdCES ANDALUZAS. En pocas semanas Badalona se embarcar\u00e1 en una nueva edici\u00f3n de las Festes de Maig. \u00bfQu\u00e9 nos podr\u00eda destacar de la programaci\u00f3n de este a\u00f1o?<\/span><\/strong><\/p>\n\n\n\n<p><strong><span style=\"background-color:#b5dcaf\" class=\"td_text_highlight_marker\">XAVIER GARC\u00cdA ALBIOL.<\/span><\/strong> Tendremos conciertos de primer nivel como los de Juan Mag\u00e1n, Els Catarres o \u00c1lvaro de Luna, que consolidan Badalona como un referente tambi\u00e9n en el \u00e1mbito cultural y festivo. Tambi\u00e9n hemos querido incorporar novedades que refuercen el car\u00e1cter participativo de las fiestas, como el regreso de la Fiesta de las Migas, que vuelve con la voluntad de convertirse en un gran acto de ciudad, o la ampliaci\u00f3n de propuestas como los tardeos, que iniciamos el a\u00f1o pasado con un \u00e9xito absoluto y por eso este a\u00f1o hemos preparado uno dirigido al p\u00fablico joven y otro a quienes quieren revivir la m\u00fasica de los a\u00f1os 80.<\/p>\n\n\n\n<p>Y adem\u00e1s de todos los actos tradicionales y de la cremada del Dimoni, tambi\u00e9n hemos mejorado todav\u00eda m\u00e1s el espect\u00e1culo de drones, que tendr\u00e1 no solo 500 drones sin\u00f3 tambi\u00e9n efectos de pirotecnia y el Ayuntamiento ha hecho un gran esfuerzo para traer a Badalona la Final Four de la Basketball Champions League del 7 al 9 de mayo\u2026 En definitiva, hemos trabajado para que sean unas fiestas con propuestas para todo tipo de p\u00fablico, combinando tradici\u00f3n, m\u00fasica y nuevas propuestas que hagan de este mes de mayo un gran momento para Badalona.<\/p>\n\n\n\n<p><strong><span style=\"background-color:#b5dcaf\" class=\"td_text_highlight_marker\">R.A. Las Festes de Maig son una de las fiestas patronales m\u00e1s destacadas del \u00c0rea Metropolitana, por calidad de la programaci\u00f3n y por \u00e9xito de p\u00fablico, en especial actos como la Cremada del Dimoni. \u00bfQu\u00e9 cree que dejan ver de la ciudad de Badalona las Festes de Maig?<\/span><\/strong><\/p>\n\n\n\n<p><strong><span style=\"background-color:#b5dcaf\" class=\"td_text_highlight_marker\">X.G.A.<\/span><\/strong>Las Festes de Maig muestran perfectamente c\u00f3mo es Badalona: una ciudad orgullosa de lo que es, muy participativa y con una identidad muy clara. Actos como la Cremada del Dimoni reflejan esa mezcla de tradici\u00f3n y emoci\u00f3n colectiva que se vive en la calle. Pero tambi\u00e9n muestran una ciudad din\u00e1mica, capaz de organizar grandes eventos y de atraer a mucha gente, siempre con ese ambiente cercano que nos caracteriza.<\/p>\n\n\n\n<p><strong><span style=\"background-color:#b5dcaf\" class=\"td_text_highlight_marker\">R.A. La ciudad siempre est\u00e1 muy bien representada en la Feria de Abril gracias a la participaci\u00f3n de entidades de cultura andaluza que nacieron y crecieron en Badalona. Como alcalde ha estado muy en contacto con dichas entidades. \u00bfQu\u00e9 piensa que han aportado al municipio este tipo de centros y hermandades?<\/span><\/strong><\/p>\n\n\n\n<p><strong><span style=\"background-color:#b5dcaf\" class=\"td_text_highlight_marker\">X.G.A.<\/span><\/strong>Han aportado much\u00edsimo a la ciudad. No solo han mantenido vivas unas tradiciones, sino que han sido espacios de encuentro para mucha gente, en muchos casos personas de diversas generaciones. Han ayudado a construir comunidad, a integrar a muchas personas y a hacer de Badalona una ciudad m\u00e1s rica y diversa. Al final, esas entidades forman parte de la historia y del d\u00eda a d\u00eda de muchos vecinos, son un valor importante.<\/p>\n\n\n\n<p><strong><span style=\"background-color:#b5dcaf\" class=\"td_text_highlight_marker\">R.A. \u00bfTiene sentido a\u00fan que existan estas entidades de cultura andaluza en Catalunya cuando la nostalgia por Andaluc\u00eda de la que nacieron se ha perdido con el paso de las generaciones?<\/span><\/strong><\/p>\n\n\n\n<p><strong><span style=\"background-color:#b5dcaf\" class=\"td_text_highlight_marker\">X.G.A.<\/span><\/strong>S\u00ed, claro que contin\u00faa teniendo sentido. Hoy creo que esas entidades ya no se entienden solo desde la nostalgia, sino como parte del tejido cultural de la ciudad. Son entidades que han evolucionado y que siguen muy vivas, tienen sus actos y su programaci\u00f3n y en la mayor parte de casos adapt\u00e1ndose a nuevas generaciones. Representan esa convivencia natural entre culturas que en Badalona se vive con normalidad y con orgullo.<\/p>\n\n\n\n<p><strong><span style=\"background-color:#b5dcaf\" class=\"td_text_highlight_marker\">R.A. Como catal\u00e1n con ra\u00edces andaluzas que es, \u00bfqu\u00e9 le han aportado a lo largo de los a\u00f1os sus visitas al Real de la Feria de Abril en Catalunya?\u00a0<\/span><\/strong><\/p>\n\n\n\n<p><strong><span style=\"background-color:#b5dcaf\" class=\"td_text_highlight_marker\">X.G.A.<\/span><\/strong>Me han permitido vivir de cerca ese esp\u00edritu de convivencia, de alegr\u00eda y de comunidad que caracteriza a la Feria. Es un espacio donde se mezclan generaciones, tradiciones y formas de entender la cultura, y eso enriquece mucho. Para alguien con ra\u00edces andaluzas, adem\u00e1s, tiene un componente emocional, pero tambi\u00e9n es una oportunidad para reforzar ese v\u00ednculo entre culturas que forma parte de nuestra identidad.<\/p>\n\n\n\n<p><strong><span style=\"background-color:#b5dcaf\" class=\"td_text_highlight_marker\">R.A. Despu\u00e9s de m\u00e1s de medio siglo de vida, \u00bfve con fuerza a la Feria de Abril de Catalunya como para que siga existencia 50 a\u00f1os m\u00e1s?<\/span><\/strong><\/p>\n\n\n\n<p><strong><span style=\"background-color:#b5dcaf\" class=\"td_text_highlight_marker\">X.G.A.<\/span><\/strong>S\u00ed, porque ha sabido evolucionar sin perder su esencia. Sigue teniendo una gran capacidad de convocatoria y, sobre todo, una base asociativa que la sostiene. Mientras haya entidades comprometidas y una ciudadan\u00eda que la sienta como propia, la Feria seguir\u00e1 teniendo recorrido y futuro.<\/p>\n\n\n\n<p><strong><span style=\"background-color:#b5dcaf\" class=\"td_text_highlight_marker\">R.A. Por \u00faltimo, \u00bfqu\u00e9 desaf\u00edos afronta Badalona en el futuro m\u00e1s cercano?<\/span><\/strong><\/p>\n\n\n\n<p><strong><span style=\"background-color:#b5dcaf\" class=\"td_text_highlight_marker\">X.G.A.<\/span><\/strong>Badalona tiene grandes oportunidades, pero tambi\u00e9n retos importantes. Uno de los principales es seguir mejorando la calidad de vida de los vecinos, especialmente en \u00e1mbitos como la seguridad, la mejora de los equipamientos, que ten\u00edan una gran falta de mantenimiento, y tambi\u00e9n la mejora del espacio p\u00fablico o el acceso a la vivienda. Tambi\u00e9n es clave consolidar el crecimiento econ\u00f3mico y la atracci\u00f3n de inversi\u00f3n, y hacerlo de manera equilibrada. Y todo ello sin perder de vista la cohesi\u00f3n social y el orgullo de ciudad, que son elementos fundamentales para seguir avanzando.<\/p>\n","protected":false},"excerpt":{"rendered":"<p>Entrevista a Xavier Garc\u00eda Albiol, alcalde de Badalona RA\u00cdCES ANDALUZAS. En pocas semanas Badalona se embarcar\u00e1 en una nueva edici\u00f3n de las Festes de Maig. \u00bfQu\u00e9 nos podr\u00eda destacar de la programaci\u00f3n de este a\u00f1o? XAVIER GARC\u00cdA ALBIOL. Tendremos conciertos de primer nivel como los de Juan Mag\u00e1n, Els Catarres o \u00c1lvaro de Luna, que [&hellip;]<\/p>\n","protected":false},"author":1,"featured_media":1872,"comment_status":"closed","ping_status":"open","sticky":false,"template":"","format":"standard","meta":{"footnotes":""},"categories":[20],"tags":[],"class_list":{"0":"post-2909","1":"post","2":"type-post","3":"status-publish","4":"format-standard","5":"has-post-thumbnail","7":"category-entrevistas"},"_links":{"self":[{"href":"https:\/\/raicesandaluzas.com\/revista\/wp-json\/wp\/v2\/posts\/2909","targetHints":{"allow":["GET"]}}],"collection":[{"href":"https:\/\/raicesandaluzas.com\/revista\/wp-json\/wp\/v2\/posts"}],"about":[{"href":"https:\/\/raicesandaluzas.com\/revista\/wp-json\/wp\/v2\/types\/post"}],"author":[{"embeddable":true,"href":"https:\/\/raicesandaluzas.com\/revista\/wp-json\/wp\/v2\/users\/1"}],"replies":[{"embeddable":true,"href":"https:\/\/raicesandaluzas.com\/revista\/wp-json\/wp\/v2\/comments?post=2909"}],"version-history":[{"count":1,"href":"https:\/\/raicesandaluzas.com\/revista\/wp-json\/wp\/v2\/posts\/2909\/revisions"}],"predecessor-version":[{"id":2910,"href":"https:\/\/raicesandaluzas.com\/revista\/wp-json\/wp\/v2\/posts\/2909\/revisions\/2910"}],"wp:featuredmedia":[{"embeddable":true,"href":"https:\/\/raicesandaluzas.com\/revista\/wp-json\/wp\/v2\/media\/1872"}],"wp:attachment":[{"href":"https:\/\/raicesandaluzas.com\/revista\/wp-json\/wp\/v2\/media?parent=2909"}],"wp:term":[{"taxonomy":"category","embeddable":true,"href":"https:\/\/raicesandaluzas.com\/revista\/wp-json\/wp\/v2\/categories?post=2909"},{"taxonomy":"post_tag","embeddable":true,"href":"https:\/\/raicesandaluzas.com\/revista\/wp-json\/wp\/v2\/tags?post=2909"}],"curies":[{"name":"wp","href":"https:\/\/api.w.org\/{rel}","templated":true}]}}