{"id":2907,"date":"2026-04-28T09:19:03","date_gmt":"2026-04-28T09:19:03","guid":{"rendered":"https:\/\/raicesandaluzas.com\/revista\/?p=2907"},"modified":"2026-04-28T11:44:49","modified_gmt":"2026-04-28T11:44:49","slug":"veo-a-la-feria-con-mucha-fuerza-e-ilusion-pero-tambinen-con-muchas-fificultades","status":"publish","type":"post","link":"https:\/\/raicesandaluzas.com\/revista\/2026\/04\/28\/veo-a-la-feria-con-mucha-fuerza-e-ilusion-pero-tambinen-con-muchas-fificultades\/","title":{"rendered":"\u201cVeo a la Feria con mucha fuerza e ilusi\u00f3n, pero tambi\u00e9n con muchas dificultades\u201d"},"content":{"rendered":"\n<p><strong><span style=\"background-color:#b5dcaf\" class=\"td_text_highlight_marker\">Entrevista con Filo Ca\u00f1ete, alcaldesa de Sant Adri\u00e0 de Bes\u00f2s<\/span><\/strong><\/p>\n\n\n\n<p><strong><span style=\"background-color:#b5dcaf\" class=\"td_text_highlight_marker\">RA\u00cdCES ANDALUZAS. Sant Adri\u00e0 de Bes\u00f2s ha firmado un acuerdo de colaboraci\u00f3n con la FECAC, la organizadora de la Feria de Abril. \u00bfEn qu\u00e9 consiste este acuerdo?<\/span><\/strong><\/p>\n\n\n\n<p><strong><span style=\"background-color:#b5dcaf\" class=\"td_text_highlight_marker\">FILO CA\u00d1ETE.<\/span> <\/strong>Concretamente es un acuerdo de 20.000 euros. Hemos hecho una l\u00ednea de ayuda singular. Siempre hemos tenido un trabajo muy colaborativo, especialmente estos \u00faltimos a\u00f1os que se celebra la Feria de Abril en el F\u00f2rum, este espacio tan ic\u00f3nico y \u00fanico compartido entre Barcelona y Sant Adri\u00e0. Hay que tener en cuenta que las cuestiones administrativas cada vez aprietan m\u00e1s a organizaciones como la FECAC, que expresa tambi\u00e9n las dificultades para llevar a cabo un acontecimiento como lo Feria. Hemos podido dar un paso adelante y establecer esta l\u00ednea de ayuda econ\u00f3mica. Es la primera vez que lo hemos hecho y veremos c\u00f3mo transcurre.\u00a0<\/p>\n\n\n\n<p><strong><span style=\"background-color:#b5dcaf\" class=\"td_text_highlight_marker\">R.A. \u00bfLo han solicitado desde la FECAC?<\/span><\/strong><\/p>\n\n\n\n<p><strong><span style=\"background-color:#b5dcaf\" class=\"td_text_highlight_marker\">F.C.<\/span><\/strong>A ver, esto no viene de la noche a la ma\u00f1ana, ni es una solicitud expl\u00edcita, sino que te van trasladando las dificultades que tienen cada a\u00f1o para poder llevar a cabo la Feria. Nosotros siempre hemos tenido una gran ligaci\u00f3n con tres entidades que tradicionalmente hab\u00edan montado casetas, aunque ahora solo es una. Pero s\u00ed que vivimos con ellos los momentos que viven en la Feria, y en el Roc\u00edo, porque para las hermandades rocieras la Feria es una parada m\u00e1s hasta su objetivo final. Por tanto, monten o no caseta en la Feria de Abril para nosotros es importante como entidades de la ciudad poder acompa\u00f1arlos. Si es a trav\u00e9s de la FECAC como organismo que las representa, lo hemos hecho de esta manera.\u00a0<\/p>\n\n\n\n<p><strong><span style=\"background-color:#b5dcaf\" class=\"td_text_highlight_marker\">R.A. \u00bfEs un acuerdo solo para este a\u00f1o?<\/span><\/strong><\/p>\n\n\n\n<p><span style=\"background-color:#b5dcaf\" class=\"td_text_highlight_marker\"><strong>F.C.<\/strong> <\/span>En principio s\u00ed, es solo para este a\u00f1o. Es un acuerdo singular, y veremos a ver como se desarrolla, que es necesario mantenerlo. A ver, es que la FECAC no puede sola sufragar todos los gastos que representa la puesta en marcha de la Feria de Abril en la plataforma del F\u00f2rum.<\/p>\n\n\n\n<p><strong><span style=\"background-color:#b5dcaf\" class=\"td_text_highlight_marker\">R.A. Este es el \u00faltimo a\u00f1o del contrato entre FECAC y BSM para que la Feria se instale en el F\u00f2rum. En la presentaci\u00f3n del cartel desde el Ayuntamiento se afirm\u00f3 que ayudar\u00eda en lo que fuera para que la Feria siguiera en el F\u00f2rum. \u00bfLe beneficia mucho a Sant Adri\u00e0 que la Feria tenga lugar en el F\u00f2rum?<\/span><\/strong><\/p>\n\n\n\n<p><span style=\"background-color:#b5dcaf\" class=\"td_text_highlight_marker\"><strong>F.C.<\/strong> <\/span>No es un tema de beneficio. Siempre digo que la Feria de Abril es algo m\u00e1s que un acontecimiento cultural, es toda una l\u00ednea de desarrollo cultural, de una tradici\u00f3n, de una manera de vivir, en especial para los rocieros. Como cualquier otra entidad intentamos que puedan desarrollar ese fin. Es obvio que no es una Fiesta Mayor que organiza el Ayuntamiento. Por eso no es algo que tenga un beneficio o un perjuicio, sino que es algo que se est\u00e1 haciendo en parte de la ciudad, no en la centralidad, pero s\u00ed es un acto que la ciudadan\u00eda, no toda pero mucha gente, visita, vive y es de su agrado.<\/p>\n\n\n\n<p><strong><span style=\"background-color:#b5dcaf\" class=\"td_text_highlight_marker\">R.A. \u00bfDe qu\u00e9 manera puede ayudar el Ayuntamiento a que la Feria siga en el F\u00f2rum?<\/span><\/strong><\/p>\n\n\n\n<p><strong><span style=\"background-color:#b5dcaf\" class=\"td_text_highlight_marker\">F.C.<\/span><\/strong>Tiene un protagonismo important\u00edsimo, porque estamos hablando que es territorio de Sant Adri\u00e0 y estamos en conversaciones para todo lo que se organice aqu\u00ed. Nosotros tenemos muy claro como ciudad que en el F\u00f2rum tienen que pasar cosas, donde tiene que haber una confluencia entre las dos ciudades. Sobre todo desde una mirada de t\u00fa a t\u00fa, Barcelona m\u00edrame como ciudad vecina, no como periferia tuya. Esto es lo que llevamos reivindicando y trabajando desde hace tiempo. Pero hay que tener en cuenta que BSM es una empresa municipal de Barcelona, una empresa enorme, que gestiona much\u00edsimos \u00e1mbitos, y uno de ellos es el F\u00f2rum. Las dos ciudades tenemos claro que en el F\u00f2rum tienen que pasar cosas, pero no cualquier cosa. La Feria de Abril consideramos que es un acontecimiento de car\u00e1cter cultural, y eso es m\u00e1s de nuestro agrado.<\/p>\n\n\n\n<p><strong><span style=\"background-color:#b5dcaf\" class=\"td_text_highlight_marker\">R.A. Despu\u00e9s de m\u00e1s de medio siglo de vida, \u00bfve con fuerza a la Feria de Abril de Catalunya como para que siga existiendo 50 a\u00f1os m\u00e1s?<\/span><\/strong><\/p>\n\n\n\n<p><strong><span style=\"background-color:#b5dcaf\" class=\"td_text_highlight_marker\">F.C.<\/span><\/strong>La veo con fuerza y con ilusi\u00f3n, que eso es algo que no se pierde. Pero tambi\u00e9n con muchas dificultades. Como le pasa a las entidades, que tienen que cumplir con muchos tr\u00e1mites para poner en marcha una actividad, para solicitar una subvenci\u00f3n, etc. Por mucho que desde las administraciones intentemos agilizar los tr\u00e1mites, tanto desde una entidad muy peque\u00f1a como hasta una tan grande como la FECAC, tienen sus dificultades. Si no fuese por la ilusi\u00f3n que tienen, obviamente ya hubieran plegado.<\/p>\n\n\n\n<p><strong><span style=\"background-color:#b5dcaf\" class=\"td_text_highlight_marker\">R.A. Y las entidades de cultura andaluza y hermandades rocieras de la ciudad, \u00bfc\u00f3mo las ve?<\/span><\/strong><\/p>\n\n\n\n<p><strong><span style=\"background-color:#b5dcaf\" class=\"td_text_highlight_marker\">F.C.<\/span><\/strong>A ver, como te comentaba antes, hist\u00f3ricamente hab\u00edan montado caseta en la Feria tres entidades, que era la del Centro Cultural Gitano de la Mina, y las hermandades de Pastora del Alba y Las Rocinas, que es la \u00fanica que se mantiene. Quiz\u00e1s a veces no solo es la ilusi\u00f3n que t\u00fa tengas para hacer cosas, sino la capacidad y sobre todo los recursos humanos. A Pastora del Alba la veo con mucha ilusi\u00f3n pero tiene m\u00e1s dificultades en cuanto a recursos humanos y capacidad econ\u00f3mica. Rocinas tiene m\u00e1s capacidad a nivel humano, con varias familias m\u00e1s consolidadas, y aunque siempre te dicen que es mucho trabajo montar caseta, ah\u00ed est\u00e1n. Y mientras haya una entidad de Sant Adri\u00e0 al pie del ca\u00f1\u00f3n, nosotros intentaremos acompa\u00f1arlos.\u00a0<\/p>\n\n\n\n<p><strong><span style=\"background-color:#b5dcaf\" class=\"td_text_highlight_marker\">R.A. Hablemos un poco de Sant Adri\u00e0. A mediados de marzo hubo una nueva reuni\u00f3n de trabajo del Catalunya Media City con algunas fechas ya de ejecuci\u00f3n y finalizaci\u00f3n de obras, m\u00e1s o menos en el 2032-33 podr\u00eda estar todo listo. Con todo el largo camino hasta aqu\u00ed, \u00bfqu\u00e9 siente como m\u00e1ximo responsable del consistorio al estar tan cerca de ser una realidad este gran proyecto urban\u00edstico y social?<\/span><\/strong><\/p>\n\n\n\n<p><strong><span style=\"background-color:#b5dcaf\" class=\"td_text_highlight_marker\">F.C.<\/span><\/strong>Imag\u00ednate, con muchas ganas de continuar siendo part\u00edcipe de todo ese proceso. Vivirlo desde un principio y que poco a poco vaya viendo la luz&#8230; Sobre todo el car\u00e1cter ic\u00f3nico que hemos conseguido con las tres chimeneas. Siempre remarco que, aunque se estaba trabajando desde antes, el punto de inflexi\u00f3n para poder poner las chimeneas y la ciudad de Sant Adri\u00e0 de Bes\u00f2s en el mapa fue el Manifesta del a\u00f1o pasado. Se abri\u00f3 por primera vez a la ciudadan\u00eda todo el entorno de las tres chimeneas, y tambi\u00e9n al \u00e1mbito internacional. A partir de ah\u00ed ha sido un acontecimiento detr\u00e1s de otro. Todo el mundo quiere hacer algo en las chimeneas porque sabe que tiene repercusi\u00f3n. Son tan ic\u00f3nicas hoy en d\u00eda, que es como que si no haces algo en las tres chimeneas, no eres nadie. Esto te llena de orgullo de ciudad, y no queremos perder esa connotaci\u00f3n de que las chimeneas y su entorno, son de Sant Adri\u00e0 de Bes\u00f2s.<\/p>\n\n\n\n<p>Es importante la oportunidad que nos est\u00e1 dando este icono hist\u00f3rico, que la ciudadan\u00eda adrianense decidi\u00f3 preservar y mantener a trav\u00e9s de la consulta ciudadana que se plante\u00f3 en su momento. Te llena de orgullo el haber podido reconvertir algo tan majestuoso que ten\u00eda, en parte, una connotaci\u00f3n negativa en algo positivo Es incre\u00edble c\u00f3mo se puede dar la vuelta a la historia y convertirlo en algo trascendental no solo para la ciudad sino tambi\u00e9n para su entorno. Como sab\u00e9is, el propio Govern de la Generalitat, tanto el president Salvador Illa como el anterior president Aragon\u00e8s mantienen el Catalunya Media City, que es el proyecto que se tiene que desarrollar en la sala de turbinas, como un proyecto estrat\u00e9gico de pa\u00eds. Por tanto, se nos pone en el mapa a Sant Adri\u00e0 de Bes\u00f2s.&nbsp;&nbsp;&nbsp;&nbsp;&nbsp;&nbsp;<\/p>\n\n\n\n<p><strong><span style=\"background-color:#b5dcaf\" class=\"td_text_highlight_marker\">R.A. Las tres chimeneas ser\u00e1n parte importante del Congreso Mundial de Arquitectura a finales de junio.<\/span><\/strong><\/p>\n\n\n\n<p><strong><span style=\"background-color:#b5dcaf\" class=\"td_text_highlight_marker\">F.C.<\/span><\/strong>S\u00ed, s\u00ed, ya te digo que todo el mundo quiere hacer cosas en las chimeneas. Hay que tener en cuenta que es Barcelona quien acoge el congreso, pero pas\u00f3 lo mismo con el Manifesta. Son grandes acontecimientos que acoge la ciudad vecina de Barcelona, pero que quieren ser parte de este lugar ic\u00f3nico que son las tres chimeneas.<\/p>\n\n\n\n<p><strong><span style=\"background-color:#b5dcaf\" class=\"td_text_highlight_marker\">R.A. Est\u00e1 prevista tambi\u00e9n la renaturalizaci\u00f3n de la desembocadura del r\u00edo Bes\u00f2s. \u00bfPara cu\u00e1ndo?<\/span><\/strong><\/p>\n\n\n\n<p><strong><span style=\"background-color:#b5dcaf\" class=\"td_text_highlight_marker\">F.C.<\/span><\/strong>Precisamente lo presentamos antes de Semana Santa, junto con el \u00c0rea Metropolitana y Badalona, porque estamos trabajando juntos en un proyecto en torno al \u00e1mbito del Bes\u00f2s. Sant Adri\u00e0 ha conseguido dos convocatorias de fondos europeos. Eso es muy importante para una ciudad como la nuestra, es nuestra filosof\u00eda, trabajar con todos los recursos posibles. En este sentido hemos trabajado con el \u00c0rea Metropolitana y fondos europeos para la mejora de la desembocadura del Bes\u00f2s.<\/p>\n\n\n\n<p>Durante muchos a\u00f1os se ha hecho un trabajo impresionante de recuperaci\u00f3n del r\u00edo, para crear un espacio de disfrute de la ciudadan\u00eda pero en el que se pudiera generar biodiversidad. Pero, la desembocadura tiene sus necesidades. Ese delta final del r\u00edo es un espacio ic\u00f3nico de Sant Adri\u00e0. Por eso trabajamos para que ese espacio sea, ante todo, natural, porque aunque lo es ahora, a\u00fan tiene que soportar mucho impacto humano.<\/p>\n\n\n\n<p>De ah\u00ed que se vayan a crear espacios con lagunas, con dunas, para que las especies puedan sentirse a gusto y realizar sus procesos migratorios. Y, a la vez, se vayan a crear espacios para que la ciudadan\u00eda pueda disfrutar de esa fauna, pero con respeto. Ya se est\u00e1 desarrollando el proyecto y nos gustar\u00eda que las obras empezaran antes de final de a\u00f1o.&nbsp;<\/p>\n\n\n\n<p><strong><span style=\"background-color:#b5dcaf\" class=\"td_text_highlight_marker\">R.A. El 20 de abril se presenta CASAB, Comer\u00e7 Associat de Sant Adri\u00e0 de Bes\u00f2s. \u00bfEl Ayuntamiento ha colaborado de alguna manera con esta nueva entidad comercial?<\/span><\/strong><\/p>\n\n\n\n<p><strong><span style=\"background-color:#b5dcaf\" class=\"td_text_highlight_marker\">F.C.<\/span><\/strong>S\u00ed, hemos trabajado muy mano a mano. Llevamos unos cuantos a\u00f1os, va a ser casi como la Sagrada Familia. Nos hace mucha ilusi\u00f3n, parece una cuesti\u00f3n banal pero siempre hemos puesto en valor que pudiera existir una asociaci\u00f3n de comerciantes con ganas y dispuestos a trabajar para la dinamizaci\u00f3n del tejido comercial, siempre con el impulso del Ayuntamiento. Es muy necesario la existencia de comercios j\u00f3venes, con ganas, emprendedores. Una asociaci\u00f3n siempre es positiva, porque es m\u00e1s f\u00e1cil para el Ayuntamiento poder interlocutar con ellos, acceder a convocatorias de subvenciones, etc. Estamos muy contentos. Sabemos que les va a costar, pero vamos a estar ah\u00ed como hemos estado ayud\u00e1ndoles. El comercio da vida a la ciudad, dinamismo, genera actividad comunitaria, por tanto, para nosotros es un eje fundamental del d\u00eda a d\u00eda de la ciudad.<\/p>\n\n\n\n<p><strong><span style=\"background-color:#b5dcaf\" class=\"td_text_highlight_marker\">R.A. Por \u00faltimo, \u00bfqu\u00e9 desaf\u00edos afronta Sant Adri\u00e0 en el futuro m\u00e1s cercano?<\/span><\/strong><\/p>\n\n\n\n<p><strong><span style=\"background-color:#b5dcaf\" class=\"td_text_highlight_marker\">F.C.<\/span><\/strong>Siempre digo que Sant Adri\u00e0 est\u00e1 en un momento de oportunidad y desarrollando el potencial que siempre hemos visto. Son proyecto de envergadura que necesitar\u00e1n una serie de a\u00f1os, m\u00ednimo el mandato que viene ser\u00e1 necesario para ver el desarrollo de todos estos proyectos. Para m\u00ed el desaf\u00edo inmediato es el d\u00eda a d\u00eda. Mi m\u00e1xima obsesi\u00f3n es la v\u00eda p\u00fablica, el espacio p\u00fablico. Por tanto, este es el mayor desaf\u00edo que tenemos. El gran desaf\u00edo es que pueda haber una flexibilidad en las reglas fiscales para que ciudades que hacen bien las cosas, como es el caso de Sant Adri\u00e0, que es una ciudad desde el punto de vista econ\u00f3mica saneada, con remanentes que podr\u00eda invertir claramente en el municipio, y que por las dificultades que nos imponen las reglas fiscales, haciendo todos los deberes, no podemos hacer uso. Eso genera malestar, a m\u00ed me genera malestar, no te voy a decir frustraci\u00f3n, porque no quiere utilizar esa palabra, pero me genera malestar. Yo quisiera hacer muchas cosas, pero tengo impedimentos legales y normativos que me lo impiden, haciendo bien las cosas. El municipio tiene unas necesidades importantes, tienes recursos, y no puedes utilizarlos. Es muy dif\u00edcil de explic\u00e1rselo a la ciudadan\u00eda. Por tanto, hacemos muchos encajes de bolillos con los recursos que tenemos, y con lo que podemos disponer. Estamos trabajando y haciendo un esfuerzo important\u00edsimo con el \u00e1mbito supramunicipal que nos ayuda y nos acompa\u00f1a, y nos estamos atreviendo ya con Europa. El pr\u00f3ximo desaf\u00edo es presentarnos a la pr\u00f3xima convocatoria de la Generalitat de la Ley de Barrios para conseguir una inyecci\u00f3n directa en el d\u00eda a d\u00eda de la ciudadan\u00eda.<\/p>\n","protected":false},"excerpt":{"rendered":"<p>Entrevista con Filo Ca\u00f1ete, alcaldesa de Sant Adri\u00e0 de Bes\u00f2s RA\u00cdCES ANDALUZAS. Sant Adri\u00e0 de Bes\u00f2s ha firmado un acuerdo de colaboraci\u00f3n con la FECAC, la organizadora de la Feria de Abril. \u00bfEn qu\u00e9 consiste este acuerdo? FILO CA\u00d1ETE. Concretamente es un acuerdo de 20.000 euros. Hemos hecho una l\u00ednea de ayuda singular. Siempre hemos [&hellip;]<\/p>\n","protected":false},"author":1,"featured_media":2911,"comment_status":"closed","ping_status":"open","sticky":false,"template":"","format":"standard","meta":{"footnotes":""},"categories":[20],"tags":[],"class_list":{"0":"post-2907","1":"post","2":"type-post","3":"status-publish","4":"format-standard","5":"has-post-thumbnail","7":"category-entrevistas"},"_links":{"self":[{"href":"https:\/\/raicesandaluzas.com\/revista\/wp-json\/wp\/v2\/posts\/2907","targetHints":{"allow":["GET"]}}],"collection":[{"href":"https:\/\/raicesandaluzas.com\/revista\/wp-json\/wp\/v2\/posts"}],"about":[{"href":"https:\/\/raicesandaluzas.com\/revista\/wp-json\/wp\/v2\/types\/post"}],"author":[{"embeddable":true,"href":"https:\/\/raicesandaluzas.com\/revista\/wp-json\/wp\/v2\/users\/1"}],"replies":[{"embeddable":true,"href":"https:\/\/raicesandaluzas.com\/revista\/wp-json\/wp\/v2\/comments?post=2907"}],"version-history":[{"count":2,"href":"https:\/\/raicesandaluzas.com\/revista\/wp-json\/wp\/v2\/posts\/2907\/revisions"}],"predecessor-version":[{"id":2912,"href":"https:\/\/raicesandaluzas.com\/revista\/wp-json\/wp\/v2\/posts\/2907\/revisions\/2912"}],"wp:featuredmedia":[{"embeddable":true,"href":"https:\/\/raicesandaluzas.com\/revista\/wp-json\/wp\/v2\/media\/2911"}],"wp:attachment":[{"href":"https:\/\/raicesandaluzas.com\/revista\/wp-json\/wp\/v2\/media?parent=2907"}],"wp:term":[{"taxonomy":"category","embeddable":true,"href":"https:\/\/raicesandaluzas.com\/revista\/wp-json\/wp\/v2\/categories?post=2907"},{"taxonomy":"post_tag","embeddable":true,"href":"https:\/\/raicesandaluzas.com\/revista\/wp-json\/wp\/v2\/tags?post=2907"}],"curies":[{"name":"wp","href":"https:\/\/api.w.org\/{rel}","templated":true}]}}