{"id":2902,"date":"2026-04-28T09:06:36","date_gmt":"2026-04-28T09:06:36","guid":{"rendered":"https:\/\/raicesandaluzas.com\/revista\/?p=2902"},"modified":"2026-04-28T09:07:52","modified_gmt":"2026-04-28T09:07:52","slug":"las-personas-llegadas-de-andalucia-y-las-entidades-de-cultura-andaluza-han-sido-fundamentales-para-construir-la-barcelona-diversa-y-plural-que-somos-hoy","status":"publish","type":"post","link":"https:\/\/raicesandaluzas.com\/revista\/2026\/04\/28\/las-personas-llegadas-de-andalucia-y-las-entidades-de-cultura-andaluza-han-sido-fundamentales-para-construir-la-barcelona-diversa-y-plural-que-somos-hoy\/","title":{"rendered":"\u201cLas personas llegadas de Andaluc\u00eda y las entidades de cultura andaluza han sido fundamentales para construir la Barcelona diversa y plural que somos hoy\u201d"},"content":{"rendered":"\n<p><strong><span style=\"background-color:#b5dcaf\" class=\"td_text_highlight_marker\">Entrevista a Jaume Collboni, alcalde de Barcelona<\/span><\/strong><\/p>\n\n\n\n<p><strong><span style=\"background-color:#b5dcaf\" class=\"td_text_highlight_marker\">RA\u00cdCES ANDALUZAS. La Feria de Abril en Catalu\u00f1a ya ha superado el medio siglo de existencia. \u00bfQu\u00e9 papel juega la Feria en la estrategia cultural de la ciudad?<\/span><\/strong><\/p>\n\n\n\n<p><strong><span style=\"background-color:#b5dcaf\" class=\"td_text_highlight_marker\">JAUME COLLBONI.<\/span><\/strong>Para empezar, quiero expresar mi reconocimiento y mi agradecimiento a todas las entidades y a la gente que, con su trabajo y dedicaci\u00f3n, hacen realidad la celebraci\u00f3n de la Feria de Abril en Barcelona. Gracias a todos ellos, cada a\u00f1o tenemos la oportunidad de disfrutar de un trocito de Andaluc\u00eda y del esp\u00edritu de la Feria en nuestra ciudad.<\/p>\n\n\n\n<p>La Feria es importante porque simboliza muchos de los valores de la Barcelona que yo defiendo y en la que creo: una ciudad abierta, que defiende la diversidad y el mestizaje en positivo, y que entiende la cultura como punto de encuentro para todos los barceloneses. La Feria es una muestra de c\u00f3mo todas las personas que vinieron desde Andaluc\u00eda nos han ayudado a hacer una Barcelona mejor.<strong><\/strong><\/p>\n\n\n\n<p><strong><span style=\"background-color:#b5dcaf\" class=\"td_text_highlight_marker\">R.A. \u00bfBarcelona est\u00e1 c\u00f3moda acogiendo la Feria de Abril?<\/span><\/strong><\/p>\n\n\n\n<p><strong><span style=\"background-color:#b5dcaf\" class=\"td_text_highlight_marker\">J.C. <\/span><\/strong>No se trata tan s\u00f3lo de que estemos c\u00f3modos, es que la Feria de Abril es parte de nuestra ciudad, desde hace muchos a\u00f1os. La sentimos como algo propio, porque a trav\u00e9s de la Feria se demuestra la identidad plural de Barcelona y de toda su gente.<\/p>\n\n\n\n<p>Como alcalde, yo siempre defiendo que cuando una celebraci\u00f3n es compartida, disfrutada y querida por miles de barceloneses, deja de ser \u00fanicamente de origen para convertirse tambi\u00e9n en un s\u00edmbolo de pertenencia. Eso es precisamente lo que ocurre con nuestra Feria de Abril.<strong><\/strong><\/p>\n\n\n\n<p><strong><span style=\"background-color:#b5dcaf\" class=\"td_text_highlight_marker\">R.A. \u00bfCree que la Feria de Abril es un gran activo para Barcelona?\u00a0\u00a0<\/span><\/strong><\/p>\n\n\n\n<p><strong><span style=\"background-color:#b5dcaf\" class=\"td_text_highlight_marker\">J.C.<\/span><\/strong> Sin duda. La Feria de Abril es un activo en materia de cultura, respeto e inclusi\u00f3n. Como ciudad, es importante consolidar espacios de encuentro como la Feria, que adem\u00e1s tiene la capacidad de reinventarse y evolucionar.<\/p>\n\n\n\n<p>&nbsp;Adem\u00e1s, quiero dejar claro que en un momento d\u00f3nde estamos escuchando a voces extremistas, que defienden una sociedad d\u00f3nde no caben las personas con or\u00edgenes diversos, yo quiero reivindicar que la cultura es una herramienta poderosa parar tejer puentes en favor de una sociedad mejor cohesionada. Creo que todo eso lo ejemplifica la Feria de Abril. No hay m\u00e1s que darse una vuelta por el recinto y visitar las casetas para comprobar que aqu\u00ed se recibe a todo el mundo con cari\u00f1o, con alegr\u00eda y con una sonrisa.<\/p>\n\n\n\n<p><strong><span style=\"background-color:#b5dcaf\" class=\"td_text_highlight_marker\">R.A. Desde el ayuntamiento, \u00bfHan notado un aumento del incivismo entorno a la Feria de Abril los \u00faltimos a\u00f1os? \u00bfC\u00f3mo se puede luchar contra las actitudes inc\u00edvicas?<\/span><\/strong><\/p>\n\n\n\n<p><strong><span style=\"background-color:#b5dcaf\" class=\"td_text_highlight_marker\">J.C.<\/span> <\/strong>Luchar contra el incivismo y perseguir a los inc\u00edvicos es una de mis prioridades como alcalde. Y eso lo hacemos durante los 365 d\u00edas del a\u00f1o, tambi\u00e9n en los grandes eventos como la Feria. Quiero dejar muy claro que, en Barcelona, no todo vale. De hecho, acabamos de aprobar una reforma de la Ordenanza de Convivencia que entr\u00f3 en vigor el pasado mes de febrero, que llevaba 20 a\u00f1os sin actualizarse, y que supone un paso adelante para garantizar una ciudad m\u00e1s c\u00edvica, segura y respetuosa para todos y todas.<\/p>\n\n\n\n<p>Con la nueva Ordenanza, hemos endurecido las sanciones contra algunas conductas inc\u00edvicas, como por ejemplo las pintadas ilegales, la falta de limpieza de los pipis de los animales o las conductas que atenten contra la dignidad de las personas. A trav\u00e9s de la Guardia Urbana vamos a trabajar para hacer cumplir estas normas y las sanciones podr\u00e1n llegar hasta los 3.000 euros, en algunos casos. Respetar el espacio p\u00fablico es respetar a las personas y la ciudad que queremos dejar a las generaciones futuras.<strong><\/strong><\/p>\n\n\n\n<p><strong><span style=\"background-color:#b5dcaf\" class=\"td_text_highlight_marker\">R.A. Barcelona, m\u00e1s all\u00e1 de acoger, tambi\u00e9n est\u00e1 muy representada en la Feria de Abril gracias a la participaci\u00f3n de entidades de cultura andaluza que nacieron y crecieron en la ella. \u00bfQu\u00e9 piensa que han aportado a la ciudad este tipo de centros y hermandades?<\/span><\/strong><\/p>\n\n\n\n<p><strong><span style=\"background-color:#b5dcaf\" class=\"td_text_highlight_marker\">J.C.<\/span> <\/strong>Las personas llegadas de Andaluc\u00eda y las entidades de cultura andaluza han sido fundamentales para construir la Barcelona diversa y plural que somos hoy. Estas entidades han mantenido vivas tradiciones, han generado comunidad y han contribuido a enriquecer la vida cultural de la ciudad y de los barrios. Pero, sobre todo, han demostrado que la identidad no es excluyente, sino que suma y se transforma, aportando valores de convivencia, participaci\u00f3n y cohesi\u00f3n social.<\/p>\n\n\n\n<p>Barcelona es, desde hace muchos a\u00f1os, una ciudad referente en materia de convivencia y diversidad. Hoy continuamos trabajando para seguirlo siendo, trabajando para mejorar la calidad de vida en todos los barrios, especialmente en aquellos d\u00f3nde hay m\u00e1s necesidades. Este mandato, por ejemplo, hemos puesto en marca un Plan de Barrios, el m\u00e1s importante de la historia de nuestra ciudad, para invertir unos 300 millones de euros en la transformaci\u00f3n y mejora del espacio p\u00fablico, en equipamientos, programas sociales, actividades culturales y deportivas\u2026 beneficiando de forma directa a m\u00e1s de 400.000 personas.<\/p>\n\n\n\n<div><a href=\"https:\/\/raicesandaluzas.com\/revista\/wp-content\/uploads\/2026\/04\/jaumecollboni2026-684x1024.jpg\" class=\"td-modal-image\"><figure class=\"wp-block-image size-large\"><img loading=\"lazy\" decoding=\"async\" width=\"684\" height=\"1024\" src=\"https:\/\/raicesandaluzas.com\/revista\/wp-content\/uploads\/2026\/04\/jaumecollboni2026-684x1024.jpg\" alt=\"\" class=\"wp-image-2903\" srcset=\"https:\/\/raicesandaluzas.com\/revista\/wp-content\/uploads\/2026\/04\/jaumecollboni2026-684x1024.jpg 684w, https:\/\/raicesandaluzas.com\/revista\/wp-content\/uploads\/2026\/04\/jaumecollboni2026-200x300.jpg 200w, https:\/\/raicesandaluzas.com\/revista\/wp-content\/uploads\/2026\/04\/jaumecollboni2026-768x1151.jpg 768w, https:\/\/raicesandaluzas.com\/revista\/wp-content\/uploads\/2026\/04\/jaumecollboni2026-280x420.jpg 280w, https:\/\/raicesandaluzas.com\/revista\/wp-content\/uploads\/2026\/04\/jaumecollboni2026-696x1043.jpg 696w, https:\/\/raicesandaluzas.com\/revista\/wp-content\/uploads\/2026\/04\/jaumecollboni2026.jpg 801w\" sizes=\"auto, (max-width: 684px) 100vw, 684px\" \/><\/figure><\/a><\/div>\n\n\n\n<p><strong><span style=\"background-color:#b5dcaf\" class=\"td_text_highlight_marker\">R.A. \u00bfTiene sentido a\u00fan que existan estas entidades de cultura andaluza en Catalunya cuando la nostalgia por Andaluc\u00eda de la que nacieron se ha perdido con el paso de las generaciones?<\/span><\/strong><\/p>\n\n\n\n<p><strong><span style=\"background-color:#b5dcaf\" class=\"td_text_highlight_marker\">J.C.<\/span> <\/strong>S\u00ed, tiene todo el sentido. Estas entidades han evolucionado con el tiempo y hoy ya no son solo espacios de memoria y recuerdo, sino tambi\u00e9n de creaci\u00f3n cultural y de encuentro entre generaciones. Muchas de las entidades est\u00e1n sabiendo adaptarse a nuevas realidades y siguen siendo espacios donde se celebra la identidad, pero tambi\u00e9n donde se construye comunidad desde la diversidad.<\/p>\n\n\n\n<p>Cuando vengo a la Feria me gusta mucho comprobar como muchas de las entidades cuentan con gente joven implicada. Me parece fundamental que las generaciones m\u00e1s j\u00f3venes participen activamente, porque es clave per garantizar la continuidad, tanto de la propia fiesta como del tejido asociativo de la ciudad. Soy partidario de ayudar a que la gente joven tenga oportunidades y espacios en todos los \u00e1mbitos de la ciudad. <strong><\/strong><\/p>\n\n\n\n<p><strong><span style=\"background-color:#b5dcaf\" class=\"td_text_highlight_marker\">R.A. Despu\u00e9s de m\u00e1s de medio siglo de vida, \u00bfve con fuerza a la Feria de Abril de Catalunya como para que siga existiendo 50 a\u00f1os m\u00e1s?<\/span><\/strong><\/p>\n\n\n\n<p><strong><span style=\"background-color:#b5dcaf\" class=\"td_text_highlight_marker\">J.C. <\/span><\/strong>Estoy convencido de que s\u00ed. La Feria ha demostrado mucha capacidad de adaptaci\u00f3n y sigue teniendo un fuerte arraigo social. Mientras siga siendo un espacio de encuentro, de convivencia y de celebraci\u00f3n compartida, tendr\u00e1 futuro. El reto es seguir haci\u00e9ndola evolucionar para que conecte a\u00fan m\u00e1s con las nuevas generaciones.<\/p>\n\n\n\n<p>Porque el relevo generacional tiene que ayudar a actualizar y adaptar las tradiciones a los nuevos tiempos. Eso es lo que garantizar\u00e1 que la Feria siga siendo un espacio vivo, din\u00e1mico y atractivo para todo el mundo, por lo menos durante 50 a\u00f1os m\u00e1s.<strong><\/strong><\/p>\n\n\n\n<p><strong><span style=\"background-color:#b5dcaf\" class=\"td_text_highlight_marker\">R.A. Por \u00faltimo, \u00bfqu\u00e9 desaf\u00edos afronta Barcelona en el futuro m\u00e1s cercano?<\/span><\/strong><\/p>\n\n\n\n<p><strong><span style=\"background-color:#b5dcaf\" class=\"td_text_highlight_marker\">J.C.<\/span> <\/strong>Barcelona est\u00e1 afrontando retos muy importantes como el acceso a la vivienda, la reducci\u00f3n de desigualdades, la creaci\u00f3n de m\u00e1s puestos de trabajo de calidad, la lucha contra el cambio clim\u00e1tico o la mejora del espacio p\u00fablico.<\/p>\n\n\n\n<p>Especialmente, como alcalde estoy centrado en afrontar el reto de la vivienda, que hoy es el principal problema para muchas personas. Siempre digo que mi prioridad es garantizar el derecho a quedarse, pensando sobre todo en que la gente joven y las familias puedan continuar viviendo en la ciudad y que no sean expulsadas por unos precios abusivos. Por eso hemos decidido eliminar todos los pisos tur\u00edsticos de Barcelona, porque queremos que vuelvan a tener uso residencial; o per eso estamos acelerando el ritmo de construcci\u00f3n de vivienda protegida, para poder entregar 1.000 pisos cada a\u00f1o; o para eso somos la primera gran ciudad de Espala que est\u00e1 aplicando el tope a los precios de alquiler para poder frenar la subida desmesurada del precio de los nuevos contratos.<\/p>\n\n\n\n<p>Una ciudad que ayuda a garantizar la vivienda, u otros derechos, es tambi\u00e9n una ciudad mejor cohesionada y m\u00e1s fuerte, con m\u00e1s calidad de vida para sus vecinos y vecinas.<\/p>\n","protected":false},"excerpt":{"rendered":"<p>Entrevista a Jaume Collboni, alcalde de Barcelona RA\u00cdCES ANDALUZAS. La Feria de Abril en Catalu\u00f1a ya ha superado el medio siglo de existencia. \u00bfQu\u00e9 papel juega la Feria en la estrategia cultural de la ciudad? JAUME COLLBONI.Para empezar, quiero expresar mi reconocimiento y mi agradecimiento a todas las entidades y a la gente que, con [&hellip;]<\/p>\n","protected":false},"author":1,"featured_media":2884,"comment_status":"closed","ping_status":"open","sticky":false,"template":"","format":"standard","meta":{"footnotes":""},"categories":[20],"tags":[],"class_list":{"0":"post-2902","1":"post","2":"type-post","3":"status-publish","4":"format-standard","5":"has-post-thumbnail","7":"category-entrevistas"},"_links":{"self":[{"href":"https:\/\/raicesandaluzas.com\/revista\/wp-json\/wp\/v2\/posts\/2902","targetHints":{"allow":["GET"]}}],"collection":[{"href":"https:\/\/raicesandaluzas.com\/revista\/wp-json\/wp\/v2\/posts"}],"about":[{"href":"https:\/\/raicesandaluzas.com\/revista\/wp-json\/wp\/v2\/types\/post"}],"author":[{"embeddable":true,"href":"https:\/\/raicesandaluzas.com\/revista\/wp-json\/wp\/v2\/users\/1"}],"replies":[{"embeddable":true,"href":"https:\/\/raicesandaluzas.com\/revista\/wp-json\/wp\/v2\/comments?post=2902"}],"version-history":[{"count":3,"href":"https:\/\/raicesandaluzas.com\/revista\/wp-json\/wp\/v2\/posts\/2902\/revisions"}],"predecessor-version":[{"id":2906,"href":"https:\/\/raicesandaluzas.com\/revista\/wp-json\/wp\/v2\/posts\/2902\/revisions\/2906"}],"wp:featuredmedia":[{"embeddable":true,"href":"https:\/\/raicesandaluzas.com\/revista\/wp-json\/wp\/v2\/media\/2884"}],"wp:attachment":[{"href":"https:\/\/raicesandaluzas.com\/revista\/wp-json\/wp\/v2\/media?parent=2902"}],"wp:term":[{"taxonomy":"category","embeddable":true,"href":"https:\/\/raicesandaluzas.com\/revista\/wp-json\/wp\/v2\/categories?post=2902"},{"taxonomy":"post_tag","embeddable":true,"href":"https:\/\/raicesandaluzas.com\/revista\/wp-json\/wp\/v2\/tags?post=2902"}],"curies":[{"name":"wp","href":"https:\/\/api.w.org\/{rel}","templated":true}]}}