{"id":2899,"date":"2026-04-27T11:45:57","date_gmt":"2026-04-27T11:45:57","guid":{"rendered":"https:\/\/raicesandaluzas.com\/revista\/?p=2899"},"modified":"2026-04-27T11:45:57","modified_gmt":"2026-04-27T11:45:57","slug":"las-entidades-andaluzas-ya-no-son-unicamente-espacios-de-recuerdo-sino-de-creacion-y-transmision-cultural","status":"publish","type":"post","link":"https:\/\/raicesandaluzas.com\/revista\/2026\/04\/27\/las-entidades-andaluzas-ya-no-son-unicamente-espacios-de-recuerdo-sino-de-creacion-y-transmision-cultural\/","title":{"rendered":"\u201cLas entidades andaluzas ya no son \u00fanicamente espacios de recuerdo, sino de creaci\u00f3n y transmisi\u00f3n cultural\u201d"},"content":{"rendered":"\n<p><strong><span style=\"background-color:#b5dcaf\" class=\"td_text_highlight_marker\">Entrevista a Antonio Balm\u00f3n, alcalde de Cornell\u00e0 de Llobregat<\/span><\/strong><\/p>\n\n\n\n<p><strong><span style=\"background-color:#b5dcaf\" class=\"td_text_highlight_marker\">RA\u00cdCES ANDALUZAS. En mayo la ciudad acoge la edici\u00f3n n\u00famero 42 de su Festival de Arte Flamenco. \u00bfQu\u00e9 podr\u00eda destacarnos de la programaci\u00f3n de este a\u00f1o?<\/span><\/strong><\/p>\n\n\n\n<p><strong><span style=\"background-color:#b5dcaf\" class=\"td_text_highlight_marker\">ANTONIO BALM\u00d3N.<\/span><\/strong>Este a\u00f1o presentamos una programaci\u00f3n muy diversa y de gran calidad, que combina figuras consolidadas del flamenco con j\u00f3venes talentos emergentes. Hemos querido apostar por un equilibrio entre tradici\u00f3n y renovaci\u00f3n, incorporando propuestas m\u00e1s contempor\u00e1neas sin perder la esencia del arte flamenco. Adem\u00e1s, reforzamos la presencia de entidades locales, que son fundamentales para mantener viva esta expresi\u00f3n cultural en la ciudad. El programa busca adem\u00e1s acercar el flamenco a todos los rincones de la ciudad, por eso, adem\u00e1s de actuaciones en diferentes equipamientos lo hacemos en espacios p\u00fablicos, tanto con actuaciones como con talleres participativos. <strong>\u00a0<\/strong><\/p>\n\n\n\n<p><strong><span style=\"background-color:#b5dcaf\" class=\"td_text_highlight_marker\">R.A. M\u00e1s de 40 ediciones son palabras mayores. \u00bfPor qu\u00e9 cree que ha resistido a lo largo del tiempo cuando muchos otros festivales han tenido que echar el cierre?<\/span><\/strong><\/p>\n\n\n\n<p><span style=\"background-color:#b5dcaf\" class=\"td_text_highlight_marker\"><strong>A.B.<\/strong> <\/span>La clave ha sido, sin duda, el arraigo social y la apuesta municipal de realizarlo a\u00f1o a a\u00f1o como una programaci\u00f3n estable. Este festival no es solo un evento cultural, sino una expresi\u00f3n viva de la identidad de una parte importante de la ciudadan\u00eda. La implicaci\u00f3n de las entidades, el apoyo institucional y la capacidad de adaptarse a los tiempos han permitido que el festival evolucione sin perder su esencia. Esa conexi\u00f3n con la gente y nuestro compromiso institucional a las entidades que lo organizan es lo que le ha dado continuidad.<\/p>\n\n\n\n<p><strong><span style=\"background-color:#b5dcaf\" class=\"td_text_highlight_marker\">R.A. \u00bfSe podr\u00eda decir que el festival ha ayudado a colocar a Cornell\u00e0 en el mapa cultural catal\u00e1n?<\/span><\/strong><\/p>\n\n\n\n<p><strong><span style=\"background-color:#b5dcaf\" class=\"td_text_highlight_marker\">A.B.<\/span><\/strong>El festival ha contribuido a proyectar la imagen de Cornell\u00e0 como una ciudad din\u00e1mica, diversa y culturalmente activa que es lo que somos. Con una riqueza que se basa en esa pluralidad. Ello nos hace crece comunitariamente y nos fortalece desde el punto de vista de fundamentos culturales y patrimoniales. Adem\u00e1s, el Festival un referente dentro del \u00e1mbito del flamenco en Catalunya y ha permitido atraer p\u00fablico de otros municipios.<\/p>\n\n\n\n<p><strong><span style=\"background-color:#b5dcaf\" class=\"td_text_highlight_marker\">R.A. En el festival tienen cabida las entidades flamencas y de cultura catalana de la ciudad. \u00bfQu\u00e9 piensa que han aportado a la sociedad de Cornell\u00e0 estas entidades?<\/span><\/strong><\/p>\n\n\n\n<p><strong><span style=\"background-color:#b5dcaf\" class=\"td_text_highlight_marker\">A.B.<\/span><\/strong>Han sido fundamentales para construir cohesi\u00f3n social. Estas entidades no solo preservan tradiciones, sino que generan espacios de encuentro, convivencia y participaci\u00f3n. Han ayudado a tejer comunidad, a integrar generaciones y a fomentar el respeto por la diversidad cultural que caracteriza a Cornell\u00e0. La convivencia y el respeto son elementos vertebradores de nuestra sociedad, y de eso nos mostramos profundamente orgullosos.<\/p>\n\n\n\n<p><strong><span style=\"background-color:#b5dcaf\" class=\"td_text_highlight_marker\">R.A. \u00bfTiene sentido a\u00fan que existan estas entidades de cultura andaluza en Catalunya cuando la nostalgia por Andaluc\u00eda de la que nacieron se ha perdido con el paso de las generaciones?<\/span><\/strong><\/p>\n\n\n\n<p><strong><span style=\"background-color:#b5dcaf\" class=\"td_text_highlight_marker\">A.B.<\/span><\/strong>M\u00e1s que nostalgia, hoy hablamos de identidad compartida y de patrimonio cultural. Estas entidades han evolucionado: ya no son \u00fanicamente espacios de recuerdo, sino de creaci\u00f3n y transmisi\u00f3n cultural. Siguen teniendo sentido porque contribuyen a la diversidad cultural y ofrecen nuevas formas de entender y vivir esas tradiciones, especialmente entre las generaciones m\u00e1s j\u00f3venes. Adem\u00e1s de que son parte muy importante en la din\u00e1mica cultural de la ciudad.<\/p>\n\n\n\n<p><strong><span style=\"background-color:#b5dcaf\" class=\"td_text_highlight_marker\">R.A. Tambi\u00e9n a finales de abril se celebra una nueva edici\u00f3n de la Feria de Abril. \u00bfHa visitado el Real catal\u00e1n en muchas ocasiones? \u00bfQu\u00e9 le han aportado a nivel personal dichas visitas?<\/span><\/strong><\/p>\n\n\n\n<p><strong><span style=\"background-color:#b5dcaf\" class=\"td_text_highlight_marker\">A.B.<\/span><\/strong>S\u00ed, he tenido ocasi\u00f3n de visitarlo en algunas ediciones. Siempre es una experiencia muy enriquecedora, tanto por el ambiente como por la participaci\u00f3n ciudadana. A nivel personal, es un espacio donde se percibe claramente la alegr\u00eda compartida y siempre han demostrado ser grandes anfitriones con una acogida pr\u00f3xima y calurosa.<\/p>\n\n\n\n<p><strong><span style=\"background-color:#b5dcaf\" class=\"td_text_highlight_marker\">R.A. Despu\u00e9s de m\u00e1s de medio siglo de vida, \u00bfve con fuerza a la Feria de Abril de Catalunya como para que siga existiendo 50 a\u00f1os m\u00e1s?<\/span><\/strong><\/p>\n\n\n\n<p><strong><span style=\"background-color:#b5dcaf\" class=\"td_text_highlight_marker\">A.B.<\/span><\/strong>S\u00ed, siempre que siga evolucionando y adapt\u00e1ndose a la realidad social. La Feria ha demostrado una gran capacidad de transformaci\u00f3n, y mientras mantenga ese v\u00ednculo con la ciudadan\u00eda y contin\u00fae siendo un espacio abierto, inclusivo y participativo, tiene recorrido de futuro.<\/p>\n\n\n\n<p><strong><span style=\"background-color:#b5dcaf\" class=\"td_text_highlight_marker\">R.A. Por \u00faltimo, \u00bfqu\u00e9 desaf\u00edos afronta Cornell\u00e0 en el futuro m\u00e1s cercano?<\/span><\/strong><\/p>\n\n\n\n<p><strong><span style=\"background-color:#b5dcaf\" class=\"td_text_highlight_marker\">A.B.<\/span><\/strong>Cornell\u00e0 afronta retos importantes como la sostenibilidad urbana, la seguridad, el acceso a la vivienda, la transformaci\u00f3n digital y la cohesi\u00f3n social en un contexto cada vez m\u00e1s diverso. Al mismo tiempo, tenemos la oportunidad de consolidar un modelo de ciudad que combine desarrollo econ\u00f3mico, calidad de vida y una apuesta firme por la cultura como elemento vertebrador. Fortalecer nuestros valores comunitarios, seguir impulsando la igualdad y no dejar a nadie atr\u00e1s, desde el respeto y el trabajo constante son nuestros objetivos para seguir creciendo y madurando como ciudad con recursos y oportunidades para toda la ciudadan\u00eda de Cornell\u00e0.<\/p>\n","protected":false},"excerpt":{"rendered":"<p>Entrevista a Antonio Balm\u00f3n, alcalde de Cornell\u00e0 de Llobregat RA\u00cdCES ANDALUZAS. En mayo la ciudad acoge la edici\u00f3n n\u00famero 42 de su Festival de Arte Flamenco. \u00bfQu\u00e9 podr\u00eda destacarnos de la programaci\u00f3n de este a\u00f1o? ANTONIO BALM\u00d3N.Este a\u00f1o presentamos una programaci\u00f3n muy diversa y de gran calidad, que combina figuras consolidadas del flamenco con j\u00f3venes [&hellip;]<\/p>\n","protected":false},"author":1,"featured_media":2900,"comment_status":"closed","ping_status":"open","sticky":false,"template":"","format":"standard","meta":{"footnotes":""},"categories":[20],"tags":[],"class_list":{"0":"post-2899","1":"post","2":"type-post","3":"status-publish","4":"format-standard","5":"has-post-thumbnail","7":"category-entrevistas"},"_links":{"self":[{"href":"https:\/\/raicesandaluzas.com\/revista\/wp-json\/wp\/v2\/posts\/2899","targetHints":{"allow":["GET"]}}],"collection":[{"href":"https:\/\/raicesandaluzas.com\/revista\/wp-json\/wp\/v2\/posts"}],"about":[{"href":"https:\/\/raicesandaluzas.com\/revista\/wp-json\/wp\/v2\/types\/post"}],"author":[{"embeddable":true,"href":"https:\/\/raicesandaluzas.com\/revista\/wp-json\/wp\/v2\/users\/1"}],"replies":[{"embeddable":true,"href":"https:\/\/raicesandaluzas.com\/revista\/wp-json\/wp\/v2\/comments?post=2899"}],"version-history":[{"count":1,"href":"https:\/\/raicesandaluzas.com\/revista\/wp-json\/wp\/v2\/posts\/2899\/revisions"}],"predecessor-version":[{"id":2901,"href":"https:\/\/raicesandaluzas.com\/revista\/wp-json\/wp\/v2\/posts\/2899\/revisions\/2901"}],"wp:featuredmedia":[{"embeddable":true,"href":"https:\/\/raicesandaluzas.com\/revista\/wp-json\/wp\/v2\/media\/2900"}],"wp:attachment":[{"href":"https:\/\/raicesandaluzas.com\/revista\/wp-json\/wp\/v2\/media?parent=2899"}],"wp:term":[{"taxonomy":"category","embeddable":true,"href":"https:\/\/raicesandaluzas.com\/revista\/wp-json\/wp\/v2\/categories?post=2899"},{"taxonomy":"post_tag","embeddable":true,"href":"https:\/\/raicesandaluzas.com\/revista\/wp-json\/wp\/v2\/tags?post=2899"}],"curies":[{"name":"wp","href":"https:\/\/api.w.org\/{rel}","templated":true}]}}