{"id":2896,"date":"2026-04-25T08:49:10","date_gmt":"2026-04-25T08:49:10","guid":{"rendered":"https:\/\/raicesandaluzas.com\/revista\/?p=2896"},"modified":"2026-04-27T09:05:14","modified_gmt":"2026-04-27T09:05:14","slug":"la-53a-feria-de-abril-se-enciende-en-el-forum","status":"publish","type":"post","link":"https:\/\/raicesandaluzas.com\/revista\/2026\/04\/25\/la-53a-feria-de-abril-se-enciende-en-el-forum\/","title":{"rendered":"La 53 Feria de Abril se enciende en el F\u00f2rum"},"content":{"rendered":"\n<p>Este viernes, 24 de abril, a las nueve de la noche, la multitud se agrupaba entorno a la portada, a\u00fan apagada, de la 53a Feria de Abril de Catalunya en el parc del F\u00f2rum. Esperaban a los pol\u00edticos, aunque m\u00e1s bien esperaban el encendido que, aunque no tan espectacular como el de Sevilla, siempre tiene ese punto de emoci\u00f3n entre las miles y miles de personas que esperan la Feria como agua de mayo. En esta edici\u00f3n hab\u00eda m\u00e1s tranquilidad, sin protestas de los feriantes por el cobro de la entrada al recinto como el a\u00f1o pasado. Las aguas estaban calmadas y poco a poco fueron llegando las autoridades encargadas del encendido de la portada. Estaban presentes la alcaldesa de Sant Adri\u00e0 de Bes\u00f2s, Filo Ca\u00f1ete, el alcalde de Barcelona, Jaume Collboni, el ministro de Industria y Turismo y anterior alcalde de Barcelona, Jordi Hereu, Eva Menor, concellera de Igualdad y Feminismo de la Generalitat de Catalunya, Llu\u00efsa Moret, presidenta de la Diputaci\u00f3 de Barcelona, y la delegada de la Junta de Andaluc\u00eda en Catalunya, Concepci\u00f3n Veray, todos ellos acompa\u00f1ados por Daniel Salinero, presidente de la Federaci\u00f3n de Entidades Culturales Andaluzas en Catalu\u00f1a (FECAC), la organizadora de la Feria de Abril. Finalmente no acudi\u00f3 el <em>president <\/em>de la Generalitat, Salvador Illa, como estaba anunciado. <\/p>\n\n\n\n<p>Despu\u00e9s del encendido, los pol\u00edticos realizaron el tradicional pase\u00edllo por el recinto hasta llegar a la caseta de la FECAC, donde se llevaron a cabo los parlamentos. El presidente de la FECAC, Daniel Salinero, afirm\u00f3 que \u201ceste a\u00f1o presentamos una feria m\u00e1s amplia, m\u00e1s abierta, m\u00e1s segura, m\u00e1s moderna, m\u00e1s catalana, m\u00e1s andaluza y m\u00e1s necesaria\u201d. Salinero a\u00f1adi\u00f3 que \u201cen un mundo donde hay cada vez m\u00e1s desconfianza y desinter\u00e9s\u201d, la Feria es el espacio de uni\u00f3n que necesita la sociedad, en el que \u201cpodemos hablar y hacer las paces\u201d. Tambi\u00e9n ha alabado los \u201cFeriadictos, que somos el mill\u00f3n de personas que cada a\u00f1o visitamos la Feria de Abril\u201d.<\/p>\n\n\n\n<p>La alcaldesa de Sant Adri\u00e0 de Bes\u00f2s, Filo Ca\u00f1ete, ha dado la bienvenida al F\u00f2rum, \u201ceste magn\u00edfico espacio en el que pasan muchas cosas importantes y vitales como es la Feria de Abril\u201d, donde se \u201cda voz a una gran centralidad del \u00e1rea metropolitana\u201d. La alcaldesa coanfitriona ha apelado a las entidades y a la cultura como algo \u201cque genera convivencia, comunidad y cohesi\u00f3n\u201d. Tanto a la FECAC como a las diversas hermandades y entidades las ha animado a seguir adelante felicit\u00e1ndolas por el esfuerzo que supone la organizaci\u00f3n del evento.<\/p>\n\n\n\n<p>Concepci\u00f3n Veray, delegada de la Junta de Andaluc\u00eda en Catalunya, ha destacado la \u201cfortaleza y uni\u00f3n viva entre Catalunya y Andaluc\u00eda\u201d que representa este evento, calificando la feria como un \u201cpunto de encuentro y de convivencia\u201d fundamental para la comunidad. Tambi\u00e9n ha agradecido a las entidades su generosidad y trabajo incansable y ha finalizado su discurso haciendo un llamamiento a disfrutar de la celebraci\u00f3n con \u201cprudencia y unidad\u201d.<\/p>\n\n\n\n<p>Llu\u00efsa Moret, presidenta de la Diputaci\u00f3 de Barcelona, ha recordado que \u00abla Feria de Abril no es fruto de un d\u00eda, sino que es el s\u00edmbolo del trabajo de tantas y tantas entidades que, d\u00eda a d\u00eda, mantienen viva la cultura popular en nuestros pueblos, barrios y ciudades\u00bb. Adem\u00e1s de mostrar su apoyo a la FECAC, ha agradecido a quienes \u00aba trav\u00e9s de la m\u00fasica, la danza y de mantener vivas vuestras ra\u00edces, trabaj\u00e1is por la cohesi\u00f3n y por la convivencia en nuestros territorios\u00bb.<\/p>\n\n\n\n<figure class=\"wp-block-gallery has-nested-images columns-default is-cropped td-modal-on-gallery wp-block-gallery-1 is-layout-flex wp-block-gallery-is-layout-flex\">\n<figure class=\"wp-block-image size-large\"><img decoding=\"async\" data-id=\"9721\" src=\"https:\/\/www.areabesos.com\/diario\/wp-content\/uploads\/2026\/04\/inauguracionFeria2026_02.jpg\" alt=\"\" class=\"wp-image-9721\"\/><\/figure>\n\n\n\n<figure class=\"wp-block-image size-large\"><img decoding=\"async\" data-id=\"9720\" src=\"https:\/\/www.areabesos.com\/diario\/wp-content\/uploads\/2026\/04\/inauguracionFeria2026_03.jpg\" alt=\"\" class=\"wp-image-9720\"\/><figcaption class=\"wp-element-caption\">Daniel Salinero<\/figcaption><\/figure>\n\n\n\n<figure class=\"wp-block-image size-large\"><img decoding=\"async\" data-id=\"9719\" src=\"https:\/\/www.areabesos.com\/diario\/wp-content\/uploads\/2026\/04\/inauguracionFeria2026_04.jpg\" alt=\"\" class=\"wp-image-9719\"\/><figcaption class=\"wp-element-caption\">Concepci\u00f3n Veray<\/figcaption><\/figure>\n\n\n\n<figure class=\"wp-block-image size-large\"><img decoding=\"async\" data-id=\"9718\" src=\"https:\/\/www.areabesos.com\/diario\/wp-content\/uploads\/2026\/04\/inauguracionFeria2026_05.jpg\" alt=\"\" class=\"wp-image-9718\"\/><figcaption class=\"wp-element-caption\">Llu\u00efsa Moret<\/figcaption><\/figure>\n\n\n\n<figure class=\"wp-block-image size-large\"><img decoding=\"async\" data-id=\"9717\" src=\"https:\/\/www.areabesos.com\/diario\/wp-content\/uploads\/2026\/04\/inauguracionFeria2026_06.jpg\" alt=\"\" class=\"wp-image-9717\"\/><figcaption class=\"wp-element-caption\">Eva Menor<\/figcaption><\/figure>\n\n\n\n<figure class=\"wp-block-image size-large\"><img decoding=\"async\" data-id=\"9714\" src=\"https:\/\/www.areabesos.com\/diario\/wp-content\/uploads\/2026\/04\/inauguracionFeria2026_09.jpg\" alt=\"\" class=\"wp-image-9714\"\/><figcaption class=\"wp-element-caption\">Jordi Hereu<\/figcaption><\/figure>\n\n\n\n<figure class=\"wp-block-image size-large\"><img decoding=\"async\" data-id=\"9716\" src=\"https:\/\/www.areabesos.com\/diario\/wp-content\/uploads\/2026\/04\/inauguracionFeria2026_07.jpg\" alt=\"\" class=\"wp-image-9716\"\/><figcaption class=\"wp-element-caption\">Filo Ca\u00f1ete<\/figcaption><\/figure>\n\n\n\n<figure class=\"wp-block-image size-large\"><img decoding=\"async\" data-id=\"9715\" src=\"https:\/\/www.areabesos.com\/diario\/wp-content\/uploads\/2026\/04\/inauguracionFeria2026_08.jpg\" alt=\"\" class=\"wp-image-9715\"\/><figcaption class=\"wp-element-caption\">Jaume Collboni<\/figcaption><\/figure>\n<figcaption class=\"blocks-gallery-caption wp-element-caption\">Fotograf\u00edas: Manuel Arce<\/figcaption><\/figure>\n\n\n\n<p>El alcalde de Barcelona, Jaume Collboni, reconoci\u00f3 el m\u00e9rito de la FECAC por llevar a cabo la Feria de Abril: \u201cTrabajan para much\u00edsima gente, celebran la cultura andaluza y tienen la extraordinaria generosidad de abrirse a nuevas culturas con las que compartimos la ciudad y el pa\u00eds\u201d. Collboni ha se\u00f1alado el cartel de este a\u00f1o, que conmemora el centenario de Antoni Gaud\u00ed, \u201ccon esta voluntad de plasmar en una imagen cu\u00e1n diferentes somos y cu\u00e1n unidos estamos\u201d.<\/p>\n\n\n\n<p>Para Eva Menor, consellera d\u2019Igualtat i Feminisme de la Generalitat de Catalunya, el Punto Lila es una \u201cbuena iniciativa para garantizar que esta feria no solo sea divertida, sino que sea segura para las mujeres\u201d. Adem\u00e1s, la consellera ha reivindicado el evento como una \u201cmanifestaci\u00f3n de la riqueza de la cultura catalana\u201d y ha agradecido a la FECAC su resiliencia por estar \u201ccada a\u00f1o estar al pie del ca\u00f1\u00f3n y por hacer realidad un evento tan importante para muchos\u201d.<\/p>\n\n\n\n<p>Jordi Hereu, ministro de Industria y Turismo del Gobierno de Espa\u00f1a, ha querido sumarse al homenaje \u00aba la gente que supo unir el amor por sus or\u00edgenes con la apuesta de futuro por Catalunya, donde tuvieron sus hijos e hijas, nietos y nietas\u00bb. \u00abLa FECAC y la gente que vino de Andaluc\u00eda han hecho grande Catalunya, y haciendo grande Catalunya hac\u00e9is grande Espa\u00f1a\u00bb, ha celebrado, aplaudiendo a todos los que quieren disfrutar juntos de la diversidad y sus diferencias, reivindicando la paz. <\/p>\n\n\n\n<figure class=\"wp-block-gallery has-nested-images columns-default is-cropped td-modal-on-gallery wp-block-gallery-2 is-layout-flex wp-block-gallery-is-layout-flex\">\n<figure class=\"wp-block-image size-large\"><img decoding=\"async\" data-id=\"9712\" src=\"https:\/\/www.areabesos.com\/diario\/wp-content\/uploads\/2026\/04\/inauguracionFeria2026_11.jpg\" alt=\"\" class=\"wp-image-9712\"\/><\/figure>\n\n\n\n<figure class=\"wp-block-image size-large\"><img decoding=\"async\" data-id=\"9711\" src=\"https:\/\/www.areabesos.com\/diario\/wp-content\/uploads\/2026\/04\/inauguracionFeria2026_12.jpg\" alt=\"\" class=\"wp-image-9711\"\/><\/figure>\n\n\n\n<figure class=\"wp-block-image size-large\"><img decoding=\"async\" data-id=\"9710\" src=\"https:\/\/www.areabesos.com\/diario\/wp-content\/uploads\/2026\/04\/inauguracionFeria2026_13.jpg\" alt=\"\" class=\"wp-image-9710\"\/><\/figure>\n\n\n\n<figure class=\"wp-block-image size-large\"><img decoding=\"async\" data-id=\"9713\" src=\"https:\/\/www.areabesos.com\/diario\/wp-content\/uploads\/2026\/04\/inauguracionFeria2026_10.jpg\" alt=\"\" class=\"wp-image-9713\"\/><\/figure>\n<\/figure>\n","protected":false},"excerpt":{"rendered":"<p>Este viernes, 24 de abril, a las nueve de la noche, la multitud se agrupaba entorno a la portada, a\u00fan apagada, de la 53a Feria de Abril de Catalunya en el parc del F\u00f2rum. Esperaban a los pol\u00edticos, aunque m\u00e1s bien esperaban el encendido que, aunque no tan espectacular como el de Sevilla, siempre tiene [&hellip;]<\/p>\n","protected":false},"author":1,"featured_media":2891,"comment_status":"closed","ping_status":"open","sticky":false,"template":"","format":"standard","meta":{"footnotes":""},"categories":[19],"tags":[],"class_list":{"0":"post-2896","1":"post","2":"type-post","3":"status-publish","4":"format-standard","5":"has-post-thumbnail","7":"category-actualidad"},"_links":{"self":[{"href":"https:\/\/raicesandaluzas.com\/revista\/wp-json\/wp\/v2\/posts\/2896","targetHints":{"allow":["GET"]}}],"collection":[{"href":"https:\/\/raicesandaluzas.com\/revista\/wp-json\/wp\/v2\/posts"}],"about":[{"href":"https:\/\/raicesandaluzas.com\/revista\/wp-json\/wp\/v2\/types\/post"}],"author":[{"embeddable":true,"href":"https:\/\/raicesandaluzas.com\/revista\/wp-json\/wp\/v2\/users\/1"}],"replies":[{"embeddable":true,"href":"https:\/\/raicesandaluzas.com\/revista\/wp-json\/wp\/v2\/comments?post=2896"}],"version-history":[{"count":2,"href":"https:\/\/raicesandaluzas.com\/revista\/wp-json\/wp\/v2\/posts\/2896\/revisions"}],"predecessor-version":[{"id":2898,"href":"https:\/\/raicesandaluzas.com\/revista\/wp-json\/wp\/v2\/posts\/2896\/revisions\/2898"}],"wp:featuredmedia":[{"embeddable":true,"href":"https:\/\/raicesandaluzas.com\/revista\/wp-json\/wp\/v2\/media\/2891"}],"wp:attachment":[{"href":"https:\/\/raicesandaluzas.com\/revista\/wp-json\/wp\/v2\/media?parent=2896"}],"wp:term":[{"taxonomy":"category","embeddable":true,"href":"https:\/\/raicesandaluzas.com\/revista\/wp-json\/wp\/v2\/categories?post=2896"},{"taxonomy":"post_tag","embeddable":true,"href":"https:\/\/raicesandaluzas.com\/revista\/wp-json\/wp\/v2\/tags?post=2896"}],"curies":[{"name":"wp","href":"https:\/\/api.w.org\/{rel}","templated":true}]}}