{"id":286,"date":"2020-11-16T11:11:00","date_gmt":"2020-11-16T11:11:00","guid":{"rendered":"http:\/\/raicesandaluzas.com\/revista\/?p=286"},"modified":"2020-11-18T11:16:18","modified_gmt":"2020-11-18T11:16:18","slug":"queria-que-la-musica-tradicional-tuviera-una-sonoridad-importante-dentro-del-disco-y-hacerla-convivir-con-la-musica-moderna","status":"publish","type":"post","link":"https:\/\/raicesandaluzas.com\/revista\/2020\/11\/16\/queria-que-la-musica-tradicional-tuviera-una-sonoridad-importante-dentro-del-disco-y-hacerla-convivir-con-la-musica-moderna\/","title":{"rendered":"\u201cQuer\u00eda que la m\u00fasica tradicional tuviera una sonoridad importante dentro del disco y hacerla convivir con la m\u00fasica moderna\u201d"},"content":{"rendered":"\n<p><strong>RA\u00cdCES ANDALUZAS. \u00bfC\u00f3mo est\u00e1 siendo la respuesta del p\u00fablico con tu primer disco en solitario?<\/strong><\/p>\n\n\n\n<p><strong>ALBA CARMONA.<\/strong>&nbsp;Muy buena. Estoy muy contenta por c\u00f3mo est\u00e1 recibiendo el disco la gente. Los comentarios son muy buenos, tambi\u00e9n de la prensa. Despu\u00e9s de tanto trabajo recibir mensajes tan bonitos es una inyecci\u00f3n de energ\u00eda tremenda.<\/p>\n\n\n\n<p><strong>R.A. \u201cTodo viene a su tiempo\u201d. \u00bfEra este 2018 el momento para volar en solitario?<\/strong><\/p>\n\n\n\n<p><strong>A.C.<\/strong>&nbsp;S\u00ed. Este era el momento y el a\u00f1o. Hac\u00eda tiempo que sent\u00eda esta necesidad de empezar este proyecto en solitario, y por fin ya ha llegado.<\/p>\n\n\n\n<p><strong>R.A. \u00bfQu\u00e9 necesitaba contar Alba Carmona?<\/strong><\/p>\n\n\n\n<p><strong>A.C.<\/strong>&nbsp;Estas canciones hablan mucho del amor y del desamor. El amor en muchas de sus facetas. Necesitaba mostrar estas historias que escribo desde hace tiempo y que son muy propias. A nivel musical, quer\u00eda que la m\u00fasica tradicional tuviera una sonoridad importante dentro del disco y hacerla convivir con la m\u00fasica moderna.<\/p>\n\n\n\n<figure class=\"wp-block-image size-large\"><img loading=\"lazy\" decoding=\"async\" width=\"1024\" height=\"681\" src=\"https:\/\/raicesandaluzas.com\/revista\/wp-content\/uploads\/2020\/11\/1224002-1024x681.jpg\" alt=\"\" class=\"wp-image-287\" srcset=\"https:\/\/raicesandaluzas.com\/revista\/wp-content\/uploads\/2020\/11\/1224002-1024x681.jpg 1024w, https:\/\/raicesandaluzas.com\/revista\/wp-content\/uploads\/2020\/11\/1224002-300x200.jpg 300w, https:\/\/raicesandaluzas.com\/revista\/wp-content\/uploads\/2020\/11\/1224002-768x511.jpg 768w, https:\/\/raicesandaluzas.com\/revista\/wp-content\/uploads\/2020\/11\/1224002-696x463.jpg 696w, https:\/\/raicesandaluzas.com\/revista\/wp-content\/uploads\/2020\/11\/1224002-1068x710.jpg 1068w, https:\/\/raicesandaluzas.com\/revista\/wp-content\/uploads\/2020\/11\/1224002-632x420.jpg 632w, https:\/\/raicesandaluzas.com\/revista\/wp-content\/uploads\/2020\/11\/1224002.jpg 1200w\" sizes=\"auto, (max-width: 1024px) 100vw, 1024px\" \/><\/figure>\n\n\n\n<blockquote class=\"wp-block-quote is-layout-flow wp-block-quote-is-layout-flow\"><p><strong><span class=\"has-inline-color has-vivid-green-cyan-color\">\u00abEstoy muy contenta por c\u00f3mo est\u00e1 recibiendo el disco la gente. Los comentarios son muy buenos, tambi\u00e9n de la prensa\u00bb\u00a0<\/span><\/strong><\/p><\/blockquote>\n\n\n\n<p><strong>R.A. Hay mucha gente que cuando mira para dentro de s\u00ed mismo se encuentra cosas que desconoc\u00eda, que incluso asustan. \u00bfT\u00fa te has encontrado alg\u00fan regalo inesperado?<\/strong><\/p>\n\n\n\n<p><strong>A.C.<\/strong>&nbsp;El regalo m\u00e1s grande este a\u00f1o ha sido mi hijo. El ha cambiado mucho mi interior, mi forma de cantar, de estar en la vida&#8230;&nbsp; Antes no me pod\u00eda llegar a imaginar este instinto, esta dimensi\u00f3n de sentimiento. He tenido que detenerme mucho en m\u00ed misma todo este tiempo.<\/p>\n\n\n\n<p><strong>R.A. Te mueves en un terreno musical muy amplio: pop, flamenco, m\u00fasica latina. \u00bfEs inevitable que cuando te pones a crear tu propio material \u00e9ste se empape de la m\u00fasica que te rodea en tu d\u00eda a d\u00eda?<\/strong><\/p>\n\n\n\n<p><strong>A.C.<\/strong>&nbsp;Yo creo que s\u00ed. He hecho much\u00edsimos proyectos muy diferentes, con m\u00fasicos de varios \u00e1mbitos y eso ha influido mucho en mi forma de cantar, que ha ido variando a lo largo de los a\u00f1os. Hay muchas m\u00fasicas que me apasionan y de forma natural est\u00e1n reflejadas en mis canciones.<\/p>\n\n\n\n<p><strong>R.A. \u00bfTodos los temas son de reciente creaci\u00f3n o son canciones que ya te rondaban cuando a\u00fan formabas parte de Las Migas?<\/strong><\/p>\n\n\n\n<p><strong>A.C.<\/strong>&nbsp;Algunos de estos temas son muy recientes, pero la mayor\u00eda ya hace tiempo que los compuse.<\/p>\n\n\n\n<p><strong>R.A. El disco, como t\u00fa misma has comentado, te ha salido muy femenino. Se ha mejorado mucho en el empoderamiento de la mujer en la m\u00fasica, pero t\u00fa que lo vives desde dentro, \u00bffalta a\u00fan mucho por conseguir?<\/strong><\/p>\n\n\n\n<p><strong>A.C.<\/strong>&nbsp;No s\u00e9 si es muy femenino, je je. Fue una apreciaci\u00f3n de una periodista, y me di cuenta que hab\u00eda diferentes mujeres reflejadas, como la canci\u00f3n \u201cDanza para Lola\u201d a mi sobrina Lola, \u201cCanci\u00f3n al marinero\u201d dedicada a las mujeres que esperan a sus marineros. Luego las historias est\u00e1n contadas desde m\u00ed, que tambi\u00e9n soy mujer! No fue algo intencionado.<\/p>\n\n\n\n<figure class=\"wp-block-image size-large\"><img loading=\"lazy\" decoding=\"async\" width=\"1024\" height=\"681\" src=\"https:\/\/raicesandaluzas.com\/revista\/wp-content\/uploads\/2020\/11\/1224003-1024x681.jpg\" alt=\"\" class=\"wp-image-288\" srcset=\"https:\/\/raicesandaluzas.com\/revista\/wp-content\/uploads\/2020\/11\/1224003-1024x681.jpg 1024w, https:\/\/raicesandaluzas.com\/revista\/wp-content\/uploads\/2020\/11\/1224003-300x200.jpg 300w, https:\/\/raicesandaluzas.com\/revista\/wp-content\/uploads\/2020\/11\/1224003-768x511.jpg 768w, https:\/\/raicesandaluzas.com\/revista\/wp-content\/uploads\/2020\/11\/1224003-696x463.jpg 696w, https:\/\/raicesandaluzas.com\/revista\/wp-content\/uploads\/2020\/11\/1224003-1068x710.jpg 1068w, https:\/\/raicesandaluzas.com\/revista\/wp-content\/uploads\/2020\/11\/1224003-632x420.jpg 632w, https:\/\/raicesandaluzas.com\/revista\/wp-content\/uploads\/2020\/11\/1224003.jpg 1200w\" sizes=\"auto, (max-width: 1024px) 100vw, 1024px\" \/><\/figure>\n\n\n\n<blockquote class=\"wp-block-quote is-layout-flow wp-block-quote-is-layout-flow\"><p><strong><span class=\"has-inline-color has-vivid-green-cyan-color\">\u00abHe hecho much\u00edsimos proyectos muy diferentes, con m\u00fasicos de varios \u00e1mbitos y eso ha influido mucho en mi forma de cantar, que ha ido variando a lo largo de los a\u00f1os\u00bb<\/span><\/strong><\/p><\/blockquote>\n\n\n\n<p><strong>R.A. He estado chafardeando en tu twitter y he visto felicitaciones de gente como Miguel Poveda o Chambao. \u00bfDa mucha energ\u00eda o ejerce algo m\u00e1s de presi\u00f3n?<\/strong><\/p>\n\n\n\n<p><strong>A.C.<\/strong>&nbsp;A m\u00ed me da mucha energ\u00eda que artistas como ellos, a los que admiro tanto, est\u00e9n tan cerca. Me siento muy afortunada.<\/p>\n\n\n\n<p><strong>R.A. \u00bfQu\u00e9 vas a ofrecer al p\u00fablico barcelon\u00e9s en tu concierto de Luz de Gas del pr\u00f3ximo 21 de diciembre?<\/strong><\/p>\n\n\n\n<p><strong>A.C.<\/strong>&nbsp;El directo es con la formaci\u00f3n completa a quinteto y pasan muchas cosas. Muchas emociones, estados de \u00e1nimo y alguna sorpresa tambi\u00e9n.<\/p>\n\n\n\n<p><strong>R.A. \u00bfEchas mucho de menos Barcelona?<\/strong><\/p>\n\n\n\n<p><strong>A.C.<\/strong>&nbsp;S\u00ed. Barcelona es mi casa, mi gente, mi entorno. Siempre quiero volver y encontrarme con ella.<\/p>\n","protected":false},"excerpt":{"rendered":"<p>RA\u00cdCES ANDALUZAS. \u00bfC\u00f3mo est\u00e1 siendo la respuesta del p\u00fablico con tu primer disco en solitario? ALBA CARMONA.&nbsp;Muy buena. Estoy muy contenta por c\u00f3mo est\u00e1 recibiendo el disco la gente. Los comentarios son muy buenos, tambi\u00e9n de la prensa. Despu\u00e9s de tanto trabajo recibir mensajes tan bonitos es una inyecci\u00f3n de energ\u00eda tremenda. R.A. \u201cTodo viene [&hellip;]<\/p>\n","protected":false},"author":1,"featured_media":289,"comment_status":"open","ping_status":"open","sticky":false,"template":"","format":"standard","meta":{"footnotes":""},"categories":[20,22],"tags":[],"class_list":{"0":"post-286","1":"post","2":"type-post","3":"status-publish","4":"format-standard","5":"has-post-thumbnail","7":"category-entrevistas","8":"category-flamenco"},"_links":{"self":[{"href":"https:\/\/raicesandaluzas.com\/revista\/wp-json\/wp\/v2\/posts\/286","targetHints":{"allow":["GET"]}}],"collection":[{"href":"https:\/\/raicesandaluzas.com\/revista\/wp-json\/wp\/v2\/posts"}],"about":[{"href":"https:\/\/raicesandaluzas.com\/revista\/wp-json\/wp\/v2\/types\/post"}],"author":[{"embeddable":true,"href":"https:\/\/raicesandaluzas.com\/revista\/wp-json\/wp\/v2\/users\/1"}],"replies":[{"embeddable":true,"href":"https:\/\/raicesandaluzas.com\/revista\/wp-json\/wp\/v2\/comments?post=286"}],"version-history":[{"count":1,"href":"https:\/\/raicesandaluzas.com\/revista\/wp-json\/wp\/v2\/posts\/286\/revisions"}],"predecessor-version":[{"id":290,"href":"https:\/\/raicesandaluzas.com\/revista\/wp-json\/wp\/v2\/posts\/286\/revisions\/290"}],"wp:featuredmedia":[{"embeddable":true,"href":"https:\/\/raicesandaluzas.com\/revista\/wp-json\/wp\/v2\/media\/289"}],"wp:attachment":[{"href":"https:\/\/raicesandaluzas.com\/revista\/wp-json\/wp\/v2\/media?parent=286"}],"wp:term":[{"taxonomy":"category","embeddable":true,"href":"https:\/\/raicesandaluzas.com\/revista\/wp-json\/wp\/v2\/categories?post=286"},{"taxonomy":"post_tag","embeddable":true,"href":"https:\/\/raicesandaluzas.com\/revista\/wp-json\/wp\/v2\/tags?post=286"}],"curies":[{"name":"wp","href":"https:\/\/api.w.org\/{rel}","templated":true}]}}