{"id":282,"date":"2020-11-09T10:51:00","date_gmt":"2020-11-09T10:51:00","guid":{"rendered":"http:\/\/raicesandaluzas.com\/revista\/?p=282"},"modified":"2020-11-18T10:59:07","modified_gmt":"2020-11-18T10:59:07","slug":"la-feria-es-una-demostracion-de-fuerza-de-trabajo-y-de-lucha-en-lo-que-uno-cree","status":"publish","type":"post","link":"https:\/\/raicesandaluzas.com\/revista\/2020\/11\/09\/la-feria-es-una-demostracion-de-fuerza-de-trabajo-y-de-lucha-en-lo-que-uno-cree\/","title":{"rendered":"\u201cLa Feria es una demostraci\u00f3n de fuerza, de trabajo y de lucha en lo que uno cree\u201d"},"content":{"rendered":"\n<p><strong>RA\u00cdCES ANDALUZAS. En la presentaci\u00f3n del cartel y la Feria de Abril dej\u00f3 muy claro que la Feria de Abril en Catalunya es la \u00fanica de estas dimensiones que es organizada por entidades. \u00bfCuesta mucho llegar a acuerdos con todas las entidades de la federaci\u00f3n?<\/strong><\/p>\n\n\n\n<p><strong>DANIEL SALINERO.<\/strong>&nbsp;Es el doble de dif\u00edcil, pero estamos para ayudar a las entidades y ellas est\u00e1n para trabajar y estar aqu\u00ed a gusto. Supongo que es m\u00e1s dif\u00edcil que si la montara una administraci\u00f3n. A nosotros nos cuesta todo el doble. &nbsp;&nbsp;&nbsp;&nbsp;&nbsp;<\/p>\n\n\n\n<p><strong>R.A. \u00bfPero luego ser\u00e1 el doble de satisfactorio, no?<\/strong><\/p>\n\n\n\n<p><strong>D.S.&nbsp;<\/strong>Si sale todo bien, s\u00ed. Pero es el doble de preocupaci\u00f3n, el doble de responsabilidad. Aunque s\u00ed es verdad que si sale todo bien, como as\u00ed ha sido los \u00faltimos a\u00f1os, es el doble de satisfactorio.&nbsp;&nbsp;&nbsp;&nbsp;<\/p>\n\n\n\n<p><strong>R.A. \u00bfEs tambi\u00e9n complicado encontrar el equilibrio entre dar el espacio que requieren las entidades y el que requieren las empresas que ayudan al igual a tirar del carro?<\/strong><\/p>\n\n\n\n<p><strong>D.S.<\/strong>&nbsp;Las empresas son necesarias, y las entidades son lo principal. Creo que todas conviven en un espacio \u00fanico. Las entidades est\u00e1n contentas con la presencia de las empresas, y las empresas se han dado cuenta que la Feria es un potencial y que el movimiento que hay detr\u00e1s, que son las entidades, es muy importante.<\/p>\n\n\n\n<p><strong>R.A. Hemos hablado a\u00f1os atr\u00e1s que la Feria no puede crecer m\u00e1s, por eso se quedan algunas entidades fuera. \u00bfTambi\u00e9n se han quedado sin espacio empresas que quer\u00edan estar y no han podido?<\/strong><\/p>\n\n\n\n<p><strong>D.S.<\/strong>&nbsp;En estos tres a\u00f1os de convenio con Barcelona, que nos obligaron a concursar para estar aqu\u00ed, nos hemos dado cuenta que la Feria necesita mucho m\u00e1s espacio. Este ya es el \u00faltimo a\u00f1o de contrato.&nbsp;&nbsp;<\/p>\n\n\n\n<p><strong>R.A. \u00bfEn el F\u00f2rum es imposible crecer m\u00e1s?<\/strong><\/p>\n\n\n\n<p><strong>D.S.&nbsp;<\/strong>No, lo que pasa es que es imposible por el contrato que nos obligaron a firmar hace tres a\u00f1os. El a\u00f1o que viene habr\u00e1 un nuevo contrato y una de nuestras peticiones ser\u00e1 que nos dejen expandirnos. Se quedan entidades y empresas fuera. Estamos cortos de espacio.<\/p>\n\n\n\n<blockquote class=\"wp-block-quote is-layout-flow wp-block-quote-is-layout-flow\"><p>\u00ab<strong><span class=\"has-inline-color has-vivid-green-cyan-color\">Las empresas son necesarias, y las entidades son lo principal. Creo que todas conviven en un espacio \u00fanico. Las entidades est\u00e1n contentas con la presencia de las empresas, y las empresas se han dado cuenta que la Feria es un potencial y que el movimiento que hay detr\u00e1s, que son las entidades, es muy importante\u00bb<\/span><\/strong><\/p><\/blockquote>\n\n\n\n<p><strong>R.A. \u00bfCu\u00e1ndo se empieza a negociar el nuevo contrato?<\/strong><\/p>\n\n\n\n<p><strong>D.S.<\/strong>&nbsp;Ya hemos empezado.<\/p>\n\n\n\n<p><strong>R.A. \u00bfCon las elecciones municipales de por medio?<\/strong><\/p>\n\n\n\n<p><strong>D.S.<\/strong>&nbsp;Bueno, tenemos el compromiso de la gran mayor\u00eda de grupos pol\u00edticos para que la Feria siga en Barcelona. Ya saben que la Feria quiere crecer y ellos est\u00e1n por la labor.&nbsp;<\/p>\n\n\n\n<p><strong>R.A. En esta edici\u00f3n hay seis entidades nuevas en el Real, pero tambi\u00e9n hay algunas que no montan. Como presidente de la FECAC, \u00bfle duele cuando una entidad decide no montar caseta?<\/strong><\/p>\n\n\n\n<p><strong>D.S.<\/strong>&nbsp;Me duele en el alma. Mi entidad, la Hermandad Pastora Almonte\u00f1a de L\u2019Hospitalet, no monta, por ejemplo. Hay una parte de m\u00ed que les entiende, pero otra que les exige que esto es un patrimonio de todos y todos tenemos que colaborar. Lo que s\u00ed que admiro a todas las entidades que est\u00e1n aqu\u00ed. Para m\u00ed son la base del movimiento andaluz en Catalu\u00f1a.<\/p>\n\n\n\n<p><strong>R.A. La Feria de Abril es el acto estrella de la FECAC. Junto con el Roc\u00edo, aunque la Romer\u00eda es m\u00e1s minoritaria.<\/strong><\/p>\n\n\n\n<p><strong>D.S.<\/strong>&nbsp;La Feria es una demostraci\u00f3n de fuerza, de trabajo y de lucha en lo que uno cree. Las que est\u00e1n aqu\u00ed lo pelean. El Roc\u00edo es algo m\u00e1s festivo, al que vamos muchos, y a la Feria nos gustar\u00eda que vinieran muchos m\u00e1s.&nbsp;<\/p>\n\n\n\n<p><strong>R.A. \u00bfCu\u00e1les fueron las cifras del a\u00f1o pasado?<\/strong><\/p>\n\n\n\n<p><strong>D.S.&nbsp;<\/strong>El a\u00f1o pasado tuvimos una meteorolog\u00eda adversa, la mitad de los d\u00edas hizo mal tiempo, pero a\u00fan as\u00ed estuvimos rozando el mill\u00f3n de personas.<\/p>\n\n\n\n<p><strong>R.A. Hablando de nuevo de las entidades. Hay muchas que montan pero que profesionalizan el bar. \u00bfEso tambi\u00e9n le duele un poco? Porque se pierde la esencia de la Feria de toda la vida.<\/strong><\/p>\n\n\n\n<p><strong>D.S.<\/strong>&nbsp;No, eso ha existido toda la vida. Una parte de las entidades que se vuelca y tiene la capacidad y la posibilidad de hacerlo, y otra que gestionan la barra porque no todo el mundo sabe cocinar y servir copas, pero acaban gestionando la carpa. Todo es importante. Los que vienen de fuera es importante que conozcan la Feria. Vienen muchos feriantes, restauradores, comerciantes del resto de Espa\u00f1a a Barcelona, porque para muchos en su ruta profesional no hay otra fiesta en Barcelona que no sea la Feria de Abril. Luego van a la Feria de Sevilla, a Pamplona en San Ferm\u00edn, a Madrid en San Isidro. Y eso para nosotros es un motivo de orgullo.&nbsp;&nbsp;&nbsp;<\/p>\n\n\n\n<p><strong>R.A. Este a\u00f1o la Calle del Infierno estar\u00e1 en silencio un par de horas dos d\u00edas de Feria gracias a una colaboraci\u00f3n con la Associaci\u00f3 Asperger Catalunya. Si la experiencia es buena, \u00bfel a\u00f1o que viene se podr\u00eda hacer lo mismo en el Real?<\/strong><\/p>\n\n\n\n<p><strong>D.S.&nbsp;<\/strong>Creo que la Feria est\u00e1 evolucionando hacia lo que demanda la sociedad actual, que est\u00e1 en un nivel m\u00e1s sensible y cercano a la problem\u00e1tica que viven muchas personas. De ah\u00ed esta colaboraci\u00f3n y la verdad es que algunas entidades nos han pedido poder sumarse. As\u00ed que el a\u00f1o que viene con m\u00e1s tiempo lo prepararemos.<\/p>\n\n\n\n<p>Tambi\u00e9n tendremos un Punto Lila de atenci\u00f3n a la violencia de g\u00e9nero. Y si se nos permitiera crecer en todos los aspectos, no tendr\u00edamos problemas, m\u00e1s bien el contrario, a crecer tambi\u00e9n en este terreno.<\/p>\n\n\n\n<p><strong>R.A. Esperemos que el Punto Lila de atenci\u00f3n a la violencia de g\u00e9nero sea un espacio de informaci\u00f3n y no de denuncia.<\/strong><\/p>\n\n\n\n<p><strong>D.S.&nbsp;<\/strong>S\u00ed, yo espero que se aburran mucho.&nbsp;<\/p>\n\n\n\n<p><strong>R.A. \u00bfHan tenido problemas de este tipo en la Feria?<\/strong><\/p>\n\n\n\n<p><strong>D.S.<\/strong>&nbsp;No, pero puede ser que haya pasado y que se hayan quedado callados. La FECAC quiere que ese punto sea un altavoz y que si hay alg\u00fan problema, por m\u00ednimo que sea, se denuncie. Pero, repito, ojal\u00e1 se aburran.&nbsp;<\/p>\n\n\n\n<p><strong>R.A. \u00bfSe repetir\u00e1 el Punto Lila en pr\u00f3ximas ediciones?<\/strong><\/p>\n\n\n\n<p><strong>D.S.<\/strong>&nbsp;Pues aunque es terrible que tenga que existir, s\u00ed, se mantendr\u00e1. Porque pienso que cualquier granito de arena que podamos aportar, es importante.<\/p>\n\n\n\n<p><strong>R.A. En esta edici\u00f3n se ha creado la figura del director de la Feria. \u00bfPor qu\u00e9 era necesario este cargo?<\/strong><\/p>\n\n\n\n<p><strong>D.S.<\/strong>&nbsp;Se ha creado esa palabra, pero no es as\u00ed. Siempre hemos tenido una persona responsable, aparte de la junta, que estos \u00faltimos a\u00f1os hab\u00eda sido Noelia Pozo, que este a\u00f1o por temas laborales no pod\u00eda. Por eso hemos contratado una empresa de servicios que se ha hecho cargo de eso y de algunos temas a los que nosotros, que no somos profesionales, a veces no llegamos o llegamos tarde.<\/p>\n\n\n\n<p><strong>R.A. \u00bfEl p\u00fablico en general va a notar alg\u00fan cambio con esta profesionalizaci\u00f3n de la Feria?<\/strong><\/p>\n\n\n\n<p><strong>D.S.<\/strong>&nbsp;No, la Feria viene profesionaliz\u00e1ndose a\u00f1o a a\u00f1o. Vamos cada vez a m\u00e1s. Evidentemente notar\u00e1n que todo est\u00e1 en su sitio, profesionalizado, porque la Feria la monta una entidad pero la Feria es un monstruo que tiene que tener un control y una proyecci\u00f3n. Y creo que lo hemos conseguido.<\/p>\n\n\n\n<p><strong>R.A. \u00bfCree que es importante que exista en Catalunya un acto como la Feria de Abril para tender puentes de di\u00e1logo?<\/strong><\/p>\n\n\n\n<p><strong>D.S.&nbsp;<\/strong>S\u00ed, la Feria siempre ha sido un puente de di\u00e1logo y ahora es m\u00e1s necesaria que nunca. La prueba est\u00e1 que montan la mayor\u00eda de grupos pol\u00edticos. Somos un nexo de uni\u00f3n. Estas \u00faltimos semanas como te comentaba antes hemos hablado con los alcaldables en Barcelona y todo el mundo ve la Feria como un nexo de uni\u00f3n, un espacio plural que se ha ganado su sitio estos a\u00f1os. El nombre y el espacio lo tenemos asegurado.<\/p>\n\n\n\n<blockquote class=\"wp-block-quote is-layout-flow wp-block-quote-is-layout-flow\"><p><strong><span class=\"has-inline-color has-vivid-green-cyan-color\">\u00abLa Feria es una demostraci\u00f3n de fuerza, de trabajo y de lucha en lo que uno cree. Las que est\u00e1n aqu\u00ed lo pelean. El Roc\u00edo es algo m\u00e1s festivo, al que vamos muchos, y a la Feria nos gustar\u00eda que vinieran muchos m\u00e1s\u00bb\u00a0<\/span><\/strong><\/p><\/blockquote>\n\n\n\n<p><strong>R.A. \u00bfPiensa que la Feria de Abril est\u00e1 siendo valorada realmente por las autoridades?<\/strong><\/p>\n\n\n\n<p><strong>D.S.<\/strong>&nbsp;Si hemos tenido que concursar para ocupar un espacio, no est\u00e1 valorada. Si las entidades culturales andaluzas de Catalu\u00f1a han tenido que concursar por ocupar un espacio&#8230;<\/p>\n\n\n\n<p><strong>R.A. Y organizar un evento que llevan organizando casi 50 a\u00f1os.<\/strong><\/p>\n\n\n\n<p><strong>D.S.<\/strong>&nbsp;Que es nuestro y que vamos a seguir organizando aqu\u00ed o en Palam\u00f3s. Pero que en Barcelona, la capital del mundo, los andaluces hayamos tenido que concursar para ocupar un sitio que otras empresas y entidades ocupan durante el a\u00f1o sin problemas, es que no estamos valorados.<\/p>\n\n\n\n<p><strong>R.A. \u00bfC\u00f3mo se consigue esta valoraci\u00f3n? \u00bfPor su parte hay algo m\u00e1s por hacer?<\/strong><\/p>\n\n\n\n<p><strong>D.S.<\/strong>&nbsp;No vamos a concursar m\u00e1s para ocupar un espacio. Las entidades andaluzas no tienen que pagar por ocupar un espacio, pagaremos lo que paga todo el mundo, pero tener que demostrar y pagar por ocupar un sitio no lo vamos a hacer m\u00e1s.<\/p>\n\n\n\n<p><strong>R.A. \u00bfY si despu\u00e9s de las elecciones municipales de mayo el nuevo gobierno de Barcelona dice concurso o nada?<\/strong><\/p>\n\n\n\n<p><strong>D.S.<\/strong>&nbsp;Nos iremos a otro lugar. La 49 Feria de Abril ser\u00e1 en otros sitio.<\/p>\n\n\n\n<p><strong>R.A. \u00bfY ya tienen candidatos?<\/strong><\/p>\n\n\n\n<p><strong>D.S.<\/strong>&nbsp;Tenemos un par. Hemos hablado con alcaldables de otros municipios y hay ciudades que quieren llevarse la Feria de Abril. Nosotros consideramos que su lugar es Barcelona, pero hay otros lugares atractivos. El colectivo de feriantes se muestra dispuesto a cambiar de ubicaci\u00f3n, y seguramente ser\u00e1 m\u00e1s econ\u00f3mico de lo que nos cuesta aqu\u00ed. Pero sobre todo creemos que los andaluces por m\u00e9rito, trabajo y seriedad nos hemos ganado el derecho a no ser diferentes a nadie.&nbsp;&nbsp;<\/p>\n\n\n\n<p><strong>R.A. En el D\u00eda de Andaluc\u00eda hizo de anfitri\u00f3n del nuevo presidente de la Junta de Andaluc\u00eda, Juanma Moreno, al que tuvo que matizar en unas declaraciones. \u00bfLa suya es una posici\u00f3n muy complicada pol\u00edticamente?<\/strong><\/p>\n\n\n\n<p><strong>D.S.<\/strong>&nbsp;Yo entend\u00ed lo que \u00e9l quiso decir, pero creo que no lo dijo bien. Nosotros aqu\u00ed no estamos ni pisoteados ni humillados, ni mucho menos. Los andaluces en Catalu\u00f1a se han ganado con su trabajo y su esfuerzo el ser lo que son ahora mismo, personas normales con hijos y nietos catalanes. No tengo la sensaci\u00f3n de que se pisoteen nuestros derechos. Pienso que lo que vino a decir es que nos iban a apoyar y a dar un soporte importante. Que el gobierno de Andaluc\u00eda iba a estar muy preocupado por los andaluces que viven en Catalu\u00f1a. Y me parece bien, porque hay muchos andaluces que viven en Catalu\u00f1a que est\u00e1n preocupados hoy por hoy. Por tanto, que el presidente de Andaluc\u00eda diga que se van a preocupar por los andaluces que viven aqu\u00ed, a m\u00ed me pareci\u00f3 un buen discurso. Las palabras a lo mejor no fueron del todo acertadas, pero lo que vino a decir es que nos iba a apoyar y nosotros se lo agradecemos.&nbsp;&nbsp;<\/p>\n\n\n\n<p><strong>R.A. \u00bfLes concret\u00f3 las herramientas con las que iban a llevar a cabo dicho apoyo?<\/strong><\/p>\n\n\n\n<p><strong>D.S.&nbsp;<\/strong>Lo primero que han hecho es crear una Direcci\u00f3n General de Andaluces en el Exterior, que no exist\u00eda, para que haya m\u00e1s proximidad y el trabajo sea m\u00e1s sencillo. Eso fue la primera semana, as\u00ed que es un gesto importante.<\/p>\n\n\n\n<p><strong>R.A. \u00bfY la figura del delegado de la Junta en Catalu\u00f1a como hab\u00eda antes?<\/strong><\/p>\n\n\n\n<p><strong>D.S.&nbsp;<\/strong>Fue una de nuestras peticiones. Tenemos que volver a recuperar la delegaci\u00f3n en Catalu\u00f1a. Nos dijeron que ser\u00e1 posible.<\/p>\n\n\n\n<blockquote class=\"wp-block-quote is-layout-flow wp-block-quote-is-layout-flow\"><p><strong><span class=\"has-inline-color has-vivid-green-cyan-color\">\u00abLos andaluces en Catalu\u00f1a se han ganado con su trabajo y su esfuerzo el ser lo que son ahora mismo, personas normales con hijos y nietos catalanes. No tengo la sensaci\u00f3n de que se pisoteen nuestros derechos\u00bb\u00a0<\/span><\/strong><\/p><\/blockquote>\n\n\n\n<p><strong>R.A. \u00bfCree que va a afectar el proceso electoral al primer fin de semana de la Feria?<\/strong><\/p>\n\n\n\n<p><strong>D.S.&nbsp;<\/strong>No, creo que va a ser un fin de semana festivo. El domingo ser\u00e1 m\u00e1s festivo para unos que para otros, pero tenemos una presencia de pol\u00edticos perfecta. La gente en estas elecciones va a ir a votar con alegr\u00eda y con compromiso. Y nosotros votaremos a las 9 y a las 11 ya estaremos en la Feria de Abril.<\/p>\n\n\n\n<p><strong>R.A. Hablemos del Roc\u00edo. Los terrenos donde se ha llevado a cabo los \u00faltimos a\u00f1os en Terrassa han cambiado de propietario. \u00bfCorre peligro la celebraci\u00f3n?<\/strong><\/p>\n\n\n\n<p><strong>D.S.&nbsp;<\/strong>No, no corre peligro. Solvia era la propietaria de los terrenos y lo ha vendido todo a un grupo de inversor de Estados Unidos. Hemos hablado con ellos y est\u00e1n encantado que hagamos el Roc\u00edo all\u00ed muchos a\u00f1os.<\/p>\n\n\n\n<p><strong>R.A. \u00bfHab\u00eda un plan B por si acaso?<\/strong><\/p>\n\n\n\n<p><strong>D.S.&nbsp;<\/strong>Ten\u00edamos plan B, C y D. Pero apostamos por el plan A, aunque mucha gente se asust\u00f3 por tener que hablar con un grupo inversor importante. Pero llam\u00e9 y hemos conseguido hacerlo tambi\u00e9n con la ayuda del Banc Sabadell. No hay problema.<\/p>\n\n\n\n<p><strong>R.A. Tambi\u00e9n han recibido la colaboraci\u00f3n del Ayuntamiento de Terrassa.<\/strong><\/p>\n\n\n\n<p><strong>D.S.&nbsp;<\/strong>S\u00ed, al ayuntamiento de Terrassa tengo que agradecerle el trato que ha tenido con las entidades andaluzas desde el primer momento.<\/p>\n\n\n\n<p><strong>R.A. Est\u00e1n muy contentos en Terrassa, pero si hubiera cambio de gobierno en Montcada i Reixac a partir de junio, \u00bfvolver\u00edan a Mas Duran?<\/strong><\/p>\n\n\n\n<p><strong>D.S.&nbsp;<\/strong>S\u00ed. Tambi\u00e9n hemos hablado con los alcaldables de Montcada menos con la actual alcaldesa que ha demostrado ser primero una mentirosa, y luego ha demostrado ser lo que es. Esperemos que el gobierno de Montcada cambie y que podamos volver al Roc\u00edo porque el pueblo de Montcada quiere que el Roc\u00edo vuelva all\u00ed.<\/p>\n","protected":false},"excerpt":{"rendered":"<p>RA\u00cdCES ANDALUZAS. En la presentaci\u00f3n del cartel y la Feria de Abril dej\u00f3 muy claro que la Feria de Abril en Catalunya es la \u00fanica de estas dimensiones que es organizada por entidades. \u00bfCuesta mucho llegar a acuerdos con todas las entidades de la federaci\u00f3n? DANIEL SALINERO.&nbsp;Es el doble de dif\u00edcil, pero estamos para ayudar [&hellip;]<\/p>\n","protected":false},"author":1,"featured_media":283,"comment_status":"open","ping_status":"open","sticky":false,"template":"","format":"standard","meta":{"footnotes":""},"categories":[20],"tags":[],"class_list":{"0":"post-282","1":"post","2":"type-post","3":"status-publish","4":"format-standard","5":"has-post-thumbnail","7":"category-entrevistas"},"_links":{"self":[{"href":"https:\/\/raicesandaluzas.com\/revista\/wp-json\/wp\/v2\/posts\/282","targetHints":{"allow":["GET"]}}],"collection":[{"href":"https:\/\/raicesandaluzas.com\/revista\/wp-json\/wp\/v2\/posts"}],"about":[{"href":"https:\/\/raicesandaluzas.com\/revista\/wp-json\/wp\/v2\/types\/post"}],"author":[{"embeddable":true,"href":"https:\/\/raicesandaluzas.com\/revista\/wp-json\/wp\/v2\/users\/1"}],"replies":[{"embeddable":true,"href":"https:\/\/raicesandaluzas.com\/revista\/wp-json\/wp\/v2\/comments?post=282"}],"version-history":[{"count":1,"href":"https:\/\/raicesandaluzas.com\/revista\/wp-json\/wp\/v2\/posts\/282\/revisions"}],"predecessor-version":[{"id":284,"href":"https:\/\/raicesandaluzas.com\/revista\/wp-json\/wp\/v2\/posts\/282\/revisions\/284"}],"wp:featuredmedia":[{"embeddable":true,"href":"https:\/\/raicesandaluzas.com\/revista\/wp-json\/wp\/v2\/media\/283"}],"wp:attachment":[{"href":"https:\/\/raicesandaluzas.com\/revista\/wp-json\/wp\/v2\/media?parent=282"}],"wp:term":[{"taxonomy":"category","embeddable":true,"href":"https:\/\/raicesandaluzas.com\/revista\/wp-json\/wp\/v2\/categories?post=282"},{"taxonomy":"post_tag","embeddable":true,"href":"https:\/\/raicesandaluzas.com\/revista\/wp-json\/wp\/v2\/tags?post=282"}],"curies":[{"name":"wp","href":"https:\/\/api.w.org\/{rel}","templated":true}]}}