{"id":279,"date":"2020-11-02T10:42:00","date_gmt":"2020-11-02T10:42:00","guid":{"rendered":"http:\/\/raicesandaluzas.com\/revista\/?p=279"},"modified":"2026-03-20T10:44:52","modified_gmt":"2026-03-20T10:44:52","slug":"no-vamos-a-permitir-que-no-se-respeten-los-derechos-de-los-mas-de-un-millon-de-andaluces-que-viven-en-cataluna","status":"publish","type":"post","link":"https:\/\/raicesandaluzas.com\/revista\/2020\/11\/02\/no-vamos-a-permitir-que-no-se-respeten-los-derechos-de-los-mas-de-un-millon-de-andaluces-que-viven-en-cataluna\/","title":{"rendered":"\u201cNo vamos a permitir que no se respeten los derechos de los m\u00e1s de un mill\u00f3n de andaluces que viven en Catalu\u00f1a\u201d"},"content":{"rendered":"\n<p><strong>RA\u00cdCES ANDALUZAS. Como andaluz que naci\u00f3 en Barcelona, \u00bfqu\u00e9 sentimiento le embarga al visitar Catalunya como presidente de la Junta de Andaluc\u00eda?<\/strong><\/p>\n\n\n\n<p><strong>JUANMA MORENO.<\/strong>&nbsp;Catalu\u00f1a para m\u00ed es una tierra especial. Nac\u00ed en Barcelona porque mis padres tuvieron que emigrar en busca de trabajo. Y al igual que lo hizo conmigo, Catalu\u00f1a ha acogido a muchos andaluces que por aquellos a\u00f1os se vieron obligados a dejar su tierra en busca de oportunidades laborales para poder buscarse un futuro para ellos y para sus familias.<\/p>\n\n\n\n<p>Aunque no crec\u00ed en Catalu\u00f1a, \u00e9sta siempre formar\u00e1 parte de la vida de mi familia y de mis sentimientos.<\/p>\n\n\n\n<p>Los andaluces nos sentimos orgullosos de nuestras se\u00f1as de identidad y yo, como no pod\u00eda ser de otra manera, me siento enormemente orgulloso de las m\u00edas. Cada vez que vengo a Catalu\u00f1a vengo a una tierra de la que me siento profundamente agradecido y con la que tengo unos v\u00ednculos muy especiales.<\/p>\n\n\n\n<p><strong>R.A. \u00bfCu\u00e1l va a ser su estrategia de gobierno para estos pr\u00f3ximos cuatro a\u00f1os respecto a las comunidades andaluzas en el exterior?<\/strong><\/p>\n\n\n\n<p><strong>J.M.<\/strong>&nbsp;Las comunidades andaluzas en el exterior tienen en el Gobierno Andaluz un Gobierno amigo. \u00c9stas son la mejor expresi\u00f3n de la Andaluc\u00eda acogedora, la que siempre sale al encuentro, la que se fusiona sin renuncias y tiene esp\u00edritu integrador.<\/p>\n\n\n\n<p>Las comunidades andaluzas son el icono de la mejor Espa\u00f1a, la mejor Andaluc\u00eda y la mejor Catalu\u00f1a y representan el esfuerzo, la solidaridad y la tolerancia. Son una extensa red que ha contribuido a un fuerte desarrollo de la identidad andaluza fuera de nuestra comunidad y su papel es fundamental para mantenerla viva.<\/p>\n\n\n\n<p>El Gobierno Andaluz va a trabajar por estrechar a\u00fan m\u00e1s los lazos entre ambas comunidades porque Andaluc\u00eda no se entiende sin Catalu\u00f1a ni Catalu\u00f1a sin Andaluc\u00eda.<\/p>\n\n\n\n<blockquote class=\"wp-block-quote is-style-large is-layout-flow wp-block-quote-is-layout-flow\"><p><strong><span class=\"has-inline-color has-vivid-green-cyan-color\">\u00abLas comunidades andaluzas en el exterior tienen en el Gobierno andaluz un Gobierno amigo\u00bb<\/span><\/strong><\/p><\/blockquote>\n\n\n\n<p><strong>R.A. Estuvo presente en la celebraci\u00f3n del D\u00eda de Andaluc\u00eda de la Federaci\u00f3n de Entidades Culturales Andaluzas en Catalunya (FECAC) el pasado mes de febrero, durante la que pudo hablar con miembros de entidades. \u00bfQu\u00e9 problemas y deseos le trasladaron?<\/strong><\/p>\n\n\n\n<p><strong>J.M.<\/strong>&nbsp;Desde aqu\u00ed quiero agradecer a la Federaci\u00f3n de Entidades Culturales Andaluzas en Catalu\u00f1a el afectuoso recibimiento que me dieron y la gran acogida que tuve. Compartimos una jornada de convivencia en la que pudieron trasladarme sus preocupaciones, algunas de ellas personales, y otras como son las relacionadas con los problemas en la Educaci\u00f3n, en la Sanidad, el desempleo, la falta de oportunidades y tambi\u00e9n la complicada situaci\u00f3n que atraviesa Catalu\u00f1a en los \u00faltimos tiempos.<\/p>\n\n\n\n<p>Es imprescindible construir una Catalu\u00f1a abierta, en la que no se pregunte a nadie de d\u00f3nde viene sino c\u00f3mo quiere contribuir a una Catalu\u00f1a de todos.<\/p>\n\n\n\n<p>Creo que esta es la lecci\u00f3n que los andaluces debemos dar a todos aquellos que buscan la divisi\u00f3n y la fractura social en Catalu\u00f1a. Hablar de Catalu\u00f1a es hablar de Andaluc\u00eda y de Espa\u00f1a.<\/p>\n\n\n\n<p><strong>R.A. En dicha visita afirm\u00f3 que el nuevo gobierno de Andaluc\u00eda no dejar\u00e1 que se pisoteen ni se ninguneen los derechos de los andaluces en Catalunya y que la Junta estar\u00e1 m\u00e1s cerca de ellos. \u00bfC\u00f3mo se traducir\u00e1 esta declaraci\u00f3n de intenciones a nivel pr\u00e1ctico?&nbsp;<\/strong><\/p>\n\n\n\n<p><strong>J.M.<\/strong>&nbsp;El Gobierno Andaluz tiene un compromiso de gobierno expresado y ratificado y no es otro que el defender desde Andaluc\u00eda la unidad de Espa\u00f1a y el Estado de las Autonom\u00edas bajo los principios de igualdad y solidaridad en nuestra Constituci\u00f3n. Que no le quepa duda a nadie que el Gobierno Andaluz va a defender y a dignificar las instituciones de la naci\u00f3n espa\u00f1ola.<\/p>\n\n\n\n<p>Como presidente de la Junta de Andaluc\u00eda voy a trabajar con intensidad para defender hasta el \u00faltimo mil\u00edmetro los derechos de todos los andaluces: de los que viven en Andaluc\u00eda, pero tambi\u00e9n de los que viven fuera de ella.<\/p>\n\n\n\n<p>Tanto es as\u00ed que el Gobierno que presido pondr\u00e1 en marcha ayudas econ\u00f3micas para las entidades andaluzas en Catalu\u00f1a y apostar\u00e1 por una presencia m\u00e1s decidida y permanente de la Junta de Andaluc\u00eda en esta comunidad para evitar que se lesionen los derechos ling\u00fc\u00edsticos y culturales de los catalanes con or\u00edgenes andaluces.<\/p>\n\n\n\n<blockquote class=\"wp-block-quote is-layout-flow wp-block-quote-is-layout-flow\"><p>\u00ab<strong><span class=\"has-inline-color has-vivid-green-cyan-color\">Es imprescindible construir una Catalu\u00f1a abierta, en la que no se pregunte a nadie de d\u00f3nde viene sino c\u00f3mo quiere contribuir a una Catalu\u00f1a de todos\u00bb<\/span><\/strong><\/p><\/blockquote>\n\n\n\n<p><strong>R.A. Durante a\u00f1os existi\u00f3 la figura de un representante de la Junta de Andaluc\u00eda en Catalunya, Valencia y Baleares que hac\u00eda de puente entre los andaluces residentes en estas comunidades y la administraci\u00f3n en Sevilla, aunque hace un tiempo que desapareci\u00f3. \u00bfSe han planteado la posibilidad de volver a crear este puesto de enlace?<\/strong><\/p>\n\n\n\n<p><strong>J.M.&nbsp;<\/strong>Hemos recuperado la Direcci\u00f3n General de Relaciones con los Andaluces en el Exterior, a la que se dotar\u00e1 de recursos a trav\u00e9s de los presupuestos auton\u00f3micos.<\/p>\n\n\n\n<p>No obstante, no hay mejor mediaci\u00f3n que la buena relaci\u00f3n, el di\u00e1logo, el respeto y la lealtad institucional entre las distintas administraciones y gobiernos. Y eso es un trabajo en el que hay que seguir ahondando.<\/p>\n\n\n\n<p>No vale centrarse en intereses personales o pol\u00edticos, hay que trabajar por los ciudadanos que deben ser el eje vertebrador de cualquier pol\u00edtica y la preocupaci\u00f3n m\u00e1xima de cualquier dirigente con altura de miras.<\/p>\n\n\n\n<p>Mi compromiso con los andaluces que viven, no s\u00f3lo en Catalu\u00f1a, sino en otras comunidades aut\u00f3nomas, es claro y firme.<\/p>\n\n\n\n<p>Hace poco que he estado en Catalu\u00f1a, pero es una tierra a la que vengo con frecuencia. Lo he hecho en varias ocasiones estando al frente del PP andaluz y tambi\u00e9n estando al frente de otros cargos que he desempe\u00f1ado. Catalu\u00f1a siempre est\u00e1 en mi agenda.<\/p>\n\n\n\n<p><strong>R.A. Tambi\u00e9n afirm\u00f3 en su visita a Catalunya que el gobierno de la Generalitat quiere marginar a los catalanes de origen andaluz. \u00bfEn qu\u00e9 se basa para tal afirmaci\u00f3n?<\/strong><\/p>\n\n\n\n<p><strong>J.M.<\/strong>&nbsp;No puede ser que haya una parte de la sociedad que quiera imponer su manera de pensar al resto y que rechace todo lo que de ah\u00ed se sale. Es evidente que hay un gobierno independentista que quiere marginar a los catalanes de origen andaluz, pero por mucho que lo intente debe saber que va a tener en frente a un Gobierno Andaluz que va a ser dique de contenci\u00f3n y contrapeso para evitar que esto ocurra.<\/p>\n\n\n\n<p>No vamos a permitir que no se respeten los derechos de los m\u00e1s de un mill\u00f3n de andaluces que viven en Catalu\u00f1a, ni su cultura, ni su tradici\u00f3n ni su lengua.<\/p>\n\n\n\n<p><strong>R.A. \u00bfConsidera que es necesario abrir un canal de di\u00e1logo entre el gobierno de Andaluc\u00eda y Catalunya para lograr una mejor defensa de los derechos de los andaluces residentes en tierras catalanas?<\/strong><\/p>\n\n\n\n<p><strong>J.M.<\/strong>&nbsp;Es necesario tener unas relaciones fluidas basadas en el di\u00e1logo con todas las comunidades aut\u00f3nomas porque s\u00f3lo as\u00ed podremos darles a los ciudadanos lo mejor de nosotros mismos.<\/p>\n\n\n\n<p>Debemos dejar a un lado los personalismos y centrarnos en trabajar para ellos porque se lo debemos, porque es nuestra obligaci\u00f3n y tambi\u00e9n nuestro deber hacerlo. Catalu\u00f1a atraviesa unos momentos complicados y deber\u00edan cambiar muchas cosas.<\/p>\n\n\n\n<p>Los catalanes y todos los que all\u00ed viven se merecen un gobierno que respete la diversidad y la pluralidad que hay en Catalu\u00f1a.<\/p>\n\n\n\n<blockquote class=\"wp-block-quote is-layout-flow wp-block-quote-is-layout-flow\"><p><span class=\"has-inline-color has-vivid-green-cyan-color\"><strong>\u00abMi compromiso con los andaluces que viven, no s\u00f3lo en Catalu\u00f1a, sino en otras comunidades aut\u00f3nomas, es claro y firme\u00bb<\/strong><\/span><\/p><\/blockquote>\n\n\n\n<p><strong>R.A. Muchas entidades de cultura andaluza en Catalunya est\u00e1n preocupadas por la bajada, y en algunos casos, la desaparici\u00f3n de las subvenciones por parte de la Junta de Andaluc\u00eda. \u00bfSu gobierno mantendr\u00e1 la ayuda a las comunidades andaluzas en el exterior?<\/strong><\/p>\n\n\n\n<p><strong>J.M.<\/strong>&nbsp;Como dec\u00eda antes, estamos dando pasos muy importantes para poner en valor de nuevo y recuperar el papel que las comunidades andaluzas en el exterior deben tener, y en particular en el caso de Catalu\u00f1a donde tenemos el mayor n\u00famero de andaluces de origen residiendo. Reinstaurar la Direcci\u00f3n General ha sido uno de esos pasos, pero no nos conformamos.<\/p>\n\n\n\n<p>Queremos impulsar m\u00e1s acciones de apoyo, y por ejemplo vamos desde el Gobierno andaluz a desarrollar un convenio con las entidades que aglutinan a los andaluces en el exterior para crear puntos de informaci\u00f3n y de apoyo para facilitar el retorno de todos los que quieran volver a Andaluc\u00eda. A trav\u00e9s de la misma Direcci\u00f3n General, queremos facilitar los tr\u00e1mites y gestiones que este colectivo tiene que realizar para hacer valer sus derechos o solicitar determinadas prestaciones.<\/p>\n\n\n\n<p>Para eso, vamos a convocar una l\u00ednea de subvenciones para que, a trav\u00e9s de las comunidades andaluzas en el exterior, se facilite esa orientaci\u00f3n. Y en esa l\u00ednea vamos a seguir avanzando.<\/p>\n\n\n\n<p><strong>R.A. \u00bfEstar\u00e1 presente en la celebraci\u00f3n de la Feria de Abril en Catalunya 2019?&nbsp;&nbsp;<\/strong><\/p>\n\n\n\n<p><strong>J.M.<\/strong>&nbsp;Me encantar\u00eda, pero este a\u00f1o tengo distintos compromisos que me van a impedir poder asistir. Pero el a\u00f1o que viene intentar\u00e9 venir porque creo que es un momento \u00fanico que merece ser vivido junto con todos los andaluces que viven en Catalu\u00f1a.<\/p>\n\n\n\n<p><strong>R.A. \u00bfSer\u00e1 la primera vez que visite la Feria catalana o ya lo ha hecho en el pasado?<\/strong><\/p>\n\n\n\n<p><strong>J.M.<\/strong>&nbsp;Es algo que siempre he querido hacer. Sobre todo, porque conservo mucha familia en Barcelona y todos los a\u00f1os me invitan a que pueda disfrutar con ellos de la feria.<\/p>\n\n\n\n<p>Creo que es muy importante que este tipo de costumbres se conserven y se potencien; porque, aunque no parezca de las m\u00e1s importantes, lo es. Hay que conservar las ra\u00edces y las tradiciones para que nunca se pierda esa esencia tan especial que tenemos los andaluces y que siempre llevamos tan a gala all\u00ed donde vamos.<\/p>\n\n\n\n<blockquote class=\"wp-block-quote is-layout-flow wp-block-quote-is-layout-flow\"><p><strong><span class=\"has-inline-color has-vivid-green-cyan-color\">\u00abNo vamos a permitir que no se respeten los derechos de los m\u00e1s de un mill\u00f3n de andaluces que viven en Catalu\u00f1a, ni su cultura, ni su tradici\u00f3n ni su lengua\u00bb<\/span><\/strong><\/p><\/blockquote>\n\n\n\n<p><strong>R.A. \u00bfQu\u00e9 cree que dice de Catalunya el hecho de que se celebren durante tantos a\u00f1os y con tanto \u00e9xito de p\u00fablico actos como la propia Feria de Abril o la Romer\u00eda del Roc\u00edo?&nbsp;&nbsp;&nbsp;<\/strong><\/p>\n\n\n\n<p><strong>J.M.<\/strong>&nbsp;M\u00e1s de medio mill\u00f3n de catalanes son de origen andaluz por lo que es normal que se quieran revivir momentos que recuerdan a la tierra de la que procedemos.<\/p>\n\n\n\n<p>En Catalu\u00f1a hay 164 entidades que preservan las se\u00f1as de identidad de Andaluc\u00eda siendo la Feria de Abril o la Romer\u00eda del Roc\u00edo algunas de las m\u00e1s destacadas.<\/p>\n\n\n\n<p>En concreto, la Feria de Abril de Barcelona es la fiesta m\u00e1s multitudinaria en Catalu\u00f1a, ya que todos los a\u00f1os asisten a ella m\u00e1s de 3 millones de personas. S\u00f3lo en Barcelona hay m\u00e1s de 35 escuelas de flamenco y 20 hermandades del Roc\u00edo.<\/p>\n\n\n\n<p>Sin duda, se trata de fiestas populares que se han convertido en una oportunidad perfecta para poner en valor todo lo que nos une y realzar la cultura andaluza.&nbsp;<\/p>\n\n\n\n<p><strong>R.A. \u00bfQu\u00e9 piensa que se puede aprender de los andaluces en Catalunya que trabajan a diario para mantener su cultura en tierras catalanas sin dar la espalda a la cultura de la tierra que les acogi\u00f3?&nbsp;<\/strong><\/p>\n\n\n\n<p><strong>J.M.<\/strong>&nbsp;Podemos aprender mucho de ellos. Como nosotros, ellos tambi\u00e9n se sienten muy orgullosos de sus ra\u00edces porque son \u00e9stas las que nos marcan nuestro presente y nuestro futuro. Son andaluces que llevan a su tierra en la cabeza, pero lo que es m\u00e1s importante la llevan en el coraz\u00f3n.<\/p>\n\n\n\n<p>Desempe\u00f1an una labor fundamental siendo veh\u00edculo de transmisi\u00f3n de algo tan importante como es la cultura o las se\u00f1as de identidad andaluzas. Para m\u00ed tienen mi mayor respeto, mi m\u00e1xima admiraci\u00f3n y mi enorme agradecimiento como presidente de la Junta porque transmiten al resto lo mejor de nosotros mismos y lo mejor de una comunidad tan especial y con un potencial tan enorme como el que tiene Andaluc\u00eda.<\/p>\n","protected":false},"excerpt":{"rendered":"<p>RA\u00cdCES ANDALUZAS. Como andaluz que naci\u00f3 en Barcelona, \u00bfqu\u00e9 sentimiento le embarga al visitar Catalunya como presidente de la Junta de Andaluc\u00eda? JUANMA MORENO.&nbsp;Catalu\u00f1a para m\u00ed es una tierra especial. Nac\u00ed en Barcelona porque mis padres tuvieron que emigrar en busca de trabajo. Y al igual que lo hizo conmigo, Catalu\u00f1a ha acogido a muchos [&hellip;]<\/p>\n","protected":false},"author":1,"featured_media":280,"comment_status":"open","ping_status":"open","sticky":false,"template":"","format":"standard","meta":{"footnotes":""},"categories":[20],"tags":[],"class_list":{"0":"post-279","1":"post","2":"type-post","3":"status-publish","4":"format-standard","5":"has-post-thumbnail","7":"category-entrevistas"},"_links":{"self":[{"href":"https:\/\/raicesandaluzas.com\/revista\/wp-json\/wp\/v2\/posts\/279","targetHints":{"allow":["GET"]}}],"collection":[{"href":"https:\/\/raicesandaluzas.com\/revista\/wp-json\/wp\/v2\/posts"}],"about":[{"href":"https:\/\/raicesandaluzas.com\/revista\/wp-json\/wp\/v2\/types\/post"}],"author":[{"embeddable":true,"href":"https:\/\/raicesandaluzas.com\/revista\/wp-json\/wp\/v2\/users\/1"}],"replies":[{"embeddable":true,"href":"https:\/\/raicesandaluzas.com\/revista\/wp-json\/wp\/v2\/comments?post=279"}],"version-history":[{"count":1,"href":"https:\/\/raicesandaluzas.com\/revista\/wp-json\/wp\/v2\/posts\/279\/revisions"}],"predecessor-version":[{"id":281,"href":"https:\/\/raicesandaluzas.com\/revista\/wp-json\/wp\/v2\/posts\/279\/revisions\/281"}],"wp:featuredmedia":[{"embeddable":true,"href":"https:\/\/raicesandaluzas.com\/revista\/wp-json\/wp\/v2\/media\/280"}],"wp:attachment":[{"href":"https:\/\/raicesandaluzas.com\/revista\/wp-json\/wp\/v2\/media?parent=279"}],"wp:term":[{"taxonomy":"category","embeddable":true,"href":"https:\/\/raicesandaluzas.com\/revista\/wp-json\/wp\/v2\/categories?post=279"},{"taxonomy":"post_tag","embeddable":true,"href":"https:\/\/raicesandaluzas.com\/revista\/wp-json\/wp\/v2\/tags?post=279"}],"curies":[{"name":"wp","href":"https:\/\/api.w.org\/{rel}","templated":true}]}}