{"id":2760,"date":"2026-03-11T10:31:20","date_gmt":"2026-03-11T10:31:20","guid":{"rendered":"https:\/\/raicesandaluzas.com\/revista\/?p=2760"},"modified":"2026-03-11T10:33:45","modified_gmt":"2026-03-11T10:33:45","slug":"nueva-reunion-con-las-entidades-de-la-delegada-de-la-junta-de-andalucia-en-catalunya-concepcio-veray","status":"publish","type":"post","link":"https:\/\/raicesandaluzas.com\/revista\/2026\/03\/11\/nueva-reunion-con-las-entidades-de-la-delegada-de-la-junta-de-andalucia-en-catalunya-concepcio-veray\/","title":{"rendered":"Nueva reuni\u00f3n con las entidades de la delegada de la Junta de Andaluc\u00eda en Catalunya, Concepci\u00f3 Veray"},"content":{"rendered":"\n<p>Este pasado s\u00e1bado, 7 de marzo, la sede de la Hermandad Nuestra Se\u00f1ora del Roc\u00edo Los Romeros de Barcelona acogi\u00f3 una nueva reuni\u00f3n de trabajo con las entidades de la delegada de la Junta de Andaluc\u00eda en Catalunya, Concepci\u00f3 Veray, elegida en el cargo a finales del a\u00f1o pasado. En el acto estuvieron presentes los presidentes de las tres federaciones de entidades culturales andaluzas m\u00e1s importantes en tierras catalanas, Daniel Salinero, de la Federaci\u00f3n de Entidades Culturales Andaluzas en Catalu\u00f1a (FECAC), Emilio de la Chica, de la Federaci\u00f3n Andaluza de Comunidades (FAC), y Laura Toche, de la Federaci\u00f3n Coordinadora de Entidades Andaluzas de L&#8217;Hospitalet. Tambi\u00e9n estuvieron presentes los vocales de Catalunya en el Consejo de Comunidades Andaluzas, Nuria Do\u00f1oro y Paco Carmona.<\/p>\n\n\n\n<figure class=\"wp-block-gallery has-nested-images columns-default is-cropped td-modal-on-gallery wp-block-gallery-1 is-layout-flex wp-block-gallery-is-layout-flex\">\n<figure class=\"wp-block-image size-large\"><img loading=\"lazy\" decoding=\"async\" width=\"1024\" height=\"834\" data-id=\"2761\" src=\"https:\/\/raicesandaluzas.com\/revista\/wp-content\/uploads\/2026\/03\/reunionConcepcionentidades04-1024x834.jpg\" alt=\"\" class=\"wp-image-2761\" srcset=\"https:\/\/raicesandaluzas.com\/revista\/wp-content\/uploads\/2026\/03\/reunionConcepcionentidades04-1024x834.jpg 1024w, https:\/\/raicesandaluzas.com\/revista\/wp-content\/uploads\/2026\/03\/reunionConcepcionentidades04-300x244.jpg 300w, https:\/\/raicesandaluzas.com\/revista\/wp-content\/uploads\/2026\/03\/reunionConcepcionentidades04-768x625.jpg 768w, https:\/\/raicesandaluzas.com\/revista\/wp-content\/uploads\/2026\/03\/reunionConcepcionentidades04-516x420.jpg 516w, https:\/\/raicesandaluzas.com\/revista\/wp-content\/uploads\/2026\/03\/reunionConcepcionentidades04-696x567.jpg 696w, https:\/\/raicesandaluzas.com\/revista\/wp-content\/uploads\/2026\/03\/reunionConcepcionentidades04-1068x870.jpg 1068w, https:\/\/raicesandaluzas.com\/revista\/wp-content\/uploads\/2026\/03\/reunionConcepcionentidades04.jpg 1200w\" sizes=\"auto, (max-width: 1024px) 100vw, 1024px\" \/><figcaption class=\"wp-element-caption\">Concepci\u00f3 Veray con Daniel Salinero (derecha) y Emilio de la Chica. <\/figcaption><\/figure>\n\n\n\n<figure class=\"wp-block-image size-large\"><img loading=\"lazy\" decoding=\"async\" width=\"1024\" height=\"577\" data-id=\"2762\" src=\"https:\/\/raicesandaluzas.com\/revista\/wp-content\/uploads\/2026\/03\/reunionConcepcionentidades03-1024x577.jpg\" alt=\"\" class=\"wp-image-2762\" srcset=\"https:\/\/raicesandaluzas.com\/revista\/wp-content\/uploads\/2026\/03\/reunionConcepcionentidades03-1024x577.jpg 1024w, https:\/\/raicesandaluzas.com\/revista\/wp-content\/uploads\/2026\/03\/reunionConcepcionentidades03-300x169.jpg 300w, https:\/\/raicesandaluzas.com\/revista\/wp-content\/uploads\/2026\/03\/reunionConcepcionentidades03-768x433.jpg 768w, https:\/\/raicesandaluzas.com\/revista\/wp-content\/uploads\/2026\/03\/reunionConcepcionentidades03-746x420.jpg 746w, https:\/\/raicesandaluzas.com\/revista\/wp-content\/uploads\/2026\/03\/reunionConcepcionentidades03-696x392.jpg 696w, https:\/\/raicesandaluzas.com\/revista\/wp-content\/uploads\/2026\/03\/reunionConcepcionentidades03-1068x602.jpg 1068w, https:\/\/raicesandaluzas.com\/revista\/wp-content\/uploads\/2026\/03\/reunionConcepcionentidades03.jpg 1200w\" sizes=\"auto, (max-width: 1024px) 100vw, 1024px\" \/><\/figure>\n\n\n\n<figure class=\"wp-block-image size-large\"><img loading=\"lazy\" decoding=\"async\" width=\"1024\" height=\"577\" data-id=\"2764\" src=\"https:\/\/raicesandaluzas.com\/revista\/wp-content\/uploads\/2026\/03\/reunionConcepcionentidades01-1024x577.jpg\" alt=\"\" class=\"wp-image-2764\" srcset=\"https:\/\/raicesandaluzas.com\/revista\/wp-content\/uploads\/2026\/03\/reunionConcepcionentidades01-1024x577.jpg 1024w, https:\/\/raicesandaluzas.com\/revista\/wp-content\/uploads\/2026\/03\/reunionConcepcionentidades01-300x169.jpg 300w, https:\/\/raicesandaluzas.com\/revista\/wp-content\/uploads\/2026\/03\/reunionConcepcionentidades01-768x433.jpg 768w, https:\/\/raicesandaluzas.com\/revista\/wp-content\/uploads\/2026\/03\/reunionConcepcionentidades01-746x420.jpg 746w, https:\/\/raicesandaluzas.com\/revista\/wp-content\/uploads\/2026\/03\/reunionConcepcionentidades01-696x392.jpg 696w, https:\/\/raicesandaluzas.com\/revista\/wp-content\/uploads\/2026\/03\/reunionConcepcionentidades01-1068x602.jpg 1068w, https:\/\/raicesandaluzas.com\/revista\/wp-content\/uploads\/2026\/03\/reunionConcepcionentidades01.jpg 1200w\" sizes=\"auto, (max-width: 1024px) 100vw, 1024px\" \/><\/figure>\n<\/figure>\n","protected":false},"excerpt":{"rendered":"<p>Este pasado s\u00e1bado, 7 de marzo, la sede de la Hermandad Nuestra Se\u00f1ora del Roc\u00edo Los Romeros de Barcelona acogi\u00f3 una nueva reuni\u00f3n de trabajo con las entidades de la delegada de la Junta de Andaluc\u00eda en Catalunya, Concepci\u00f3 Veray, elegida en el cargo a finales del a\u00f1o pasado. En el acto estuvieron presentes los [&hellip;]<\/p>\n","protected":false},"author":1,"featured_media":2763,"comment_status":"closed","ping_status":"open","sticky":false,"template":"","format":"standard","meta":{"footnotes":""},"categories":[19],"tags":[],"class_list":{"0":"post-2760","1":"post","2":"type-post","3":"status-publish","4":"format-standard","5":"has-post-thumbnail","7":"category-actualidad"},"_links":{"self":[{"href":"https:\/\/raicesandaluzas.com\/revista\/wp-json\/wp\/v2\/posts\/2760","targetHints":{"allow":["GET"]}}],"collection":[{"href":"https:\/\/raicesandaluzas.com\/revista\/wp-json\/wp\/v2\/posts"}],"about":[{"href":"https:\/\/raicesandaluzas.com\/revista\/wp-json\/wp\/v2\/types\/post"}],"author":[{"embeddable":true,"href":"https:\/\/raicesandaluzas.com\/revista\/wp-json\/wp\/v2\/users\/1"}],"replies":[{"embeddable":true,"href":"https:\/\/raicesandaluzas.com\/revista\/wp-json\/wp\/v2\/comments?post=2760"}],"version-history":[{"count":2,"href":"https:\/\/raicesandaluzas.com\/revista\/wp-json\/wp\/v2\/posts\/2760\/revisions"}],"predecessor-version":[{"id":2766,"href":"https:\/\/raicesandaluzas.com\/revista\/wp-json\/wp\/v2\/posts\/2760\/revisions\/2766"}],"wp:featuredmedia":[{"embeddable":true,"href":"https:\/\/raicesandaluzas.com\/revista\/wp-json\/wp\/v2\/media\/2763"}],"wp:attachment":[{"href":"https:\/\/raicesandaluzas.com\/revista\/wp-json\/wp\/v2\/media?parent=2760"}],"wp:term":[{"taxonomy":"category","embeddable":true,"href":"https:\/\/raicesandaluzas.com\/revista\/wp-json\/wp\/v2\/categories?post=2760"},{"taxonomy":"post_tag","embeddable":true,"href":"https:\/\/raicesandaluzas.com\/revista\/wp-json\/wp\/v2\/tags?post=2760"}],"curies":[{"name":"wp","href":"https:\/\/api.w.org\/{rel}","templated":true}]}}