{"id":2752,"date":"2026-03-10T10:18:44","date_gmt":"2026-03-10T10:18:44","guid":{"rendered":"https:\/\/raicesandaluzas.com\/revista\/?p=2752"},"modified":"2026-03-11T10:31:58","modified_gmt":"2026-03-11T10:31:58","slug":"pregon-de-semana-santa-de-la-ciudad-de-barcelona","status":"publish","type":"post","link":"https:\/\/raicesandaluzas.com\/revista\/2026\/03\/10\/pregon-de-semana-santa-de-la-ciudad-de-barcelona\/","title":{"rendered":"Preg\u00f3n de Semana Santa de la Ciudad de Barcelona"},"content":{"rendered":"\n<p>El pasado 7 de marzo ha tenido lugar en la parroquia de San Agust\u00edn de Barcelona, una vez m\u00e1s el tradicional preg\u00f3n de Semana Santa de la Ciudad de Barcelona, organizado por El Consejo General de Hermandades y Cofrad\u00edas de la Archidi\u00f3cesis y por la Pontificia y Real Hermandad de Nuestro Padre Jes\u00fas del Gran Poder y Mar\u00eda Sant\u00edsima de la Esperanza Macarena. Precisamente el Hermano Mayor de dicha corporaci\u00f3n fue el encargado de a las cinco de la tarde dar la bienvenida a las autoridades y p\u00fablico en general para despu\u00e9s dar paso al Director del secretariado Diocesano de Hermandades Y Cofrad\u00edas, el Sr. Manuel Zamora Negrillo que present\u00f3 y desglos\u00f3 la figura del pregonero, al cual le une una amistad de m\u00e1s de un cuarto de siglo.<\/p>\n\n\n\n<p>Posteriormente tom\u00f3 la palabra el pregonero, el cofrade leon\u00e9s Xuas\u00fas Gonz\u00e1lez Fern\u00e1ndez, dando muestras de ser un erudito en la materia y sobre todo tener una visi\u00f3n global de la piedad popular, lejos d ellos localismo que la caracterizan. A destacar el detalle inicial de comenzar con un verso en catal\u00e1n de Moss\u00e9n Cinto Verdaguer, al cual se esforz\u00f3 de sobremanera para dotarlo de un acento casi perfecto. Sigui\u00f3 con un repaso sobre los or\u00edgenes cristianos de Barcelona, sus hermandades y acab\u00f3 con un relato breve de la pasi\u00f3n, muerte y gloriosa resurrecci\u00f3n de Cristo, volviendo al catal\u00e1n para cerrar con el cl\u00e1sico \u201cHe dit\u201d.<\/p>\n\n\n\n<p>Acabado el preg\u00f3n y aclamado el pregonero, se pas\u00f3 a la fase reconocimientos. Primero se dio un reconocimiento otorgado por la Asociaci\u00f3n de Mujeres Cofrades de Barcelona, que recay\u00f3 en Ramona S\u00e1nchez Lozano por toda una vida dedicada a la intendencia de su Hermandad, la de \u201cLos Romeros \u201cde Barcelona, siendo una de aquellas mujeres que trabajan en la sombra para que la casa hermandad, las comidas y todos los preparativos est\u00e9n listos en el momento que se requiere. Hizo entrega del reconocimiento la Presidenta de la Asociaci\u00f3n de Mujeres Cofrade la Sra. Nuria Borraz Isalgu\u00e9.<\/p>\n\n\n\n<figure class=\"wp-block-gallery has-nested-images columns-default is-cropped td-modal-on-gallery wp-block-gallery-1 is-layout-flex wp-block-gallery-is-layout-flex\">\n<div><a href=\"https:\/\/raicesandaluzas.com\/revista\/wp-content\/uploads\/2026\/03\/pregonsemanasantaBCN2026_03-1024x576.jpg\" class=\"td-modal-image\"><figure class=\"wp-block-image size-large\"><img loading=\"lazy\" decoding=\"async\" width=\"1024\" height=\"576\" data-id=\"2756\" src=\"https:\/\/raicesandaluzas.com\/revista\/wp-content\/uploads\/2026\/03\/pregonsemanasantaBCN2026_03-1024x576.jpg\" alt=\"\" class=\"wp-image-2756\" srcset=\"https:\/\/raicesandaluzas.com\/revista\/wp-content\/uploads\/2026\/03\/pregonsemanasantaBCN2026_03-1024x576.jpg 1024w, https:\/\/raicesandaluzas.com\/revista\/wp-content\/uploads\/2026\/03\/pregonsemanasantaBCN2026_03-300x169.jpg 300w, https:\/\/raicesandaluzas.com\/revista\/wp-content\/uploads\/2026\/03\/pregonsemanasantaBCN2026_03-768x432.jpg 768w, https:\/\/raicesandaluzas.com\/revista\/wp-content\/uploads\/2026\/03\/pregonsemanasantaBCN2026_03-747x420.jpg 747w, https:\/\/raicesandaluzas.com\/revista\/wp-content\/uploads\/2026\/03\/pregonsemanasantaBCN2026_03-696x392.jpg 696w, https:\/\/raicesandaluzas.com\/revista\/wp-content\/uploads\/2026\/03\/pregonsemanasantaBCN2026_03-1068x601.jpg 1068w, https:\/\/raicesandaluzas.com\/revista\/wp-content\/uploads\/2026\/03\/pregonsemanasantaBCN2026_03.jpg 1200w\" sizes=\"auto, (max-width: 1024px) 100vw, 1024px\" \/><\/figure><\/a><\/div>\n\n\n\n<div><a href=\"https:\/\/raicesandaluzas.com\/revista\/wp-content\/uploads\/2026\/03\/pregonsemanasantaBCN2026_02-1024x576.jpg\" class=\"td-modal-image\"><figure class=\"wp-block-image size-large\"><img loading=\"lazy\" decoding=\"async\" width=\"1024\" height=\"576\" data-id=\"2757\" src=\"https:\/\/raicesandaluzas.com\/revista\/wp-content\/uploads\/2026\/03\/pregonsemanasantaBCN2026_02-1024x576.jpg\" alt=\"\" class=\"wp-image-2757\" srcset=\"https:\/\/raicesandaluzas.com\/revista\/wp-content\/uploads\/2026\/03\/pregonsemanasantaBCN2026_02-1024x576.jpg 1024w, https:\/\/raicesandaluzas.com\/revista\/wp-content\/uploads\/2026\/03\/pregonsemanasantaBCN2026_02-300x169.jpg 300w, https:\/\/raicesandaluzas.com\/revista\/wp-content\/uploads\/2026\/03\/pregonsemanasantaBCN2026_02-768x432.jpg 768w, https:\/\/raicesandaluzas.com\/revista\/wp-content\/uploads\/2026\/03\/pregonsemanasantaBCN2026_02-747x420.jpg 747w, https:\/\/raicesandaluzas.com\/revista\/wp-content\/uploads\/2026\/03\/pregonsemanasantaBCN2026_02-696x392.jpg 696w, https:\/\/raicesandaluzas.com\/revista\/wp-content\/uploads\/2026\/03\/pregonsemanasantaBCN2026_02-1068x601.jpg 1068w, https:\/\/raicesandaluzas.com\/revista\/wp-content\/uploads\/2026\/03\/pregonsemanasantaBCN2026_02.jpg 1200w\" sizes=\"auto, (max-width: 1024px) 100vw, 1024px\" \/><\/figure><\/a><\/div>\n<\/figure>\n\n\n\n<p>Luego le siguieron los Premios Inmaculada del Consejo General de Hermandades y Cofrad\u00edas de Barcelona, que este a\u00f1o han sido otorgados a M\u00aa Sol Guti\u00e9rrez Zamanillo Mart\u00edn por su devoci\u00f3n y dedicaci\u00f3n continuada en la Cofrad\u00eda de la Virgen Bien Aparecida patrona de Cantabria en Barcelona por sus a\u00f1os prestados en diferentes cargos de la Junta del Consejo tanto de Vocal como tesorera del mismo, cargos desarrollados de forma eficiente y discreta, rasgos ambos de su personalidad. Por problemas de salud no pudo desplazarse a recoger el premio y lo recogi\u00f3 Teresa Mar\u00eda Commelas, hizo entrega del mismo la Presidenta del Consejo General de Hermandades y Cofrad\u00edas de Barcelona, la Sra. M\u00aa Angels Arrabal Dig\u00f3n.<\/p>\n\n\n\n<figure class=\"wp-block-gallery has-nested-images columns-default is-cropped td-modal-on-gallery wp-block-gallery-2 is-layout-flex wp-block-gallery-is-layout-flex\">\n<figure class=\"wp-block-image size-large\"><img loading=\"lazy\" decoding=\"async\" width=\"1024\" height=\"728\" data-id=\"2755\" src=\"https:\/\/raicesandaluzas.com\/revista\/wp-content\/uploads\/2026\/03\/pregonsemanasantaBCN2026_04-1024x728.jpg\" alt=\"\" class=\"wp-image-2755\" srcset=\"https:\/\/raicesandaluzas.com\/revista\/wp-content\/uploads\/2026\/03\/pregonsemanasantaBCN2026_04-1024x728.jpg 1024w, https:\/\/raicesandaluzas.com\/revista\/wp-content\/uploads\/2026\/03\/pregonsemanasantaBCN2026_04-300x213.jpg 300w, https:\/\/raicesandaluzas.com\/revista\/wp-content\/uploads\/2026\/03\/pregonsemanasantaBCN2026_04-768x546.jpg 768w, https:\/\/raicesandaluzas.com\/revista\/wp-content\/uploads\/2026\/03\/pregonsemanasantaBCN2026_04-591x420.jpg 591w, https:\/\/raicesandaluzas.com\/revista\/wp-content\/uploads\/2026\/03\/pregonsemanasantaBCN2026_04-696x495.jpg 696w, https:\/\/raicesandaluzas.com\/revista\/wp-content\/uploads\/2026\/03\/pregonsemanasantaBCN2026_04-1068x759.jpg 1068w, https:\/\/raicesandaluzas.com\/revista\/wp-content\/uploads\/2026\/03\/pregonsemanasantaBCN2026_04.jpg 1200w\" sizes=\"auto, (max-width: 1024px) 100vw, 1024px\" \/><\/figure>\n\n\n\n<div><a href=\"https:\/\/raicesandaluzas.com\/revista\/wp-content\/uploads\/2026\/03\/pregonsemanasantaBCN2026_05-1024x576.jpg\" class=\"td-modal-image\"><figure class=\"wp-block-image size-large\"><img loading=\"lazy\" decoding=\"async\" width=\"1024\" height=\"576\" data-id=\"2754\" src=\"https:\/\/raicesandaluzas.com\/revista\/wp-content\/uploads\/2026\/03\/pregonsemanasantaBCN2026_05-1024x576.jpg\" alt=\"\" class=\"wp-image-2754\" srcset=\"https:\/\/raicesandaluzas.com\/revista\/wp-content\/uploads\/2026\/03\/pregonsemanasantaBCN2026_05-1024x576.jpg 1024w, https:\/\/raicesandaluzas.com\/revista\/wp-content\/uploads\/2026\/03\/pregonsemanasantaBCN2026_05-300x169.jpg 300w, https:\/\/raicesandaluzas.com\/revista\/wp-content\/uploads\/2026\/03\/pregonsemanasantaBCN2026_05-768x432.jpg 768w, https:\/\/raicesandaluzas.com\/revista\/wp-content\/uploads\/2026\/03\/pregonsemanasantaBCN2026_05-747x420.jpg 747w, https:\/\/raicesandaluzas.com\/revista\/wp-content\/uploads\/2026\/03\/pregonsemanasantaBCN2026_05-696x392.jpg 696w, https:\/\/raicesandaluzas.com\/revista\/wp-content\/uploads\/2026\/03\/pregonsemanasantaBCN2026_05-1068x601.jpg 1068w, https:\/\/raicesandaluzas.com\/revista\/wp-content\/uploads\/2026\/03\/pregonsemanasantaBCN2026_05.jpg 1200w\" sizes=\"auto, (max-width: 1024px) 100vw, 1024px\" \/><\/figure><\/a><\/div>\n<\/figure>\n\n\n\n<p>Seguidamente se concedi\u00f3 el segundo Premio Inmaculada, 2025, esta vez al Sr. Casto Lara Parra. por su dedicaci\u00f3n y labor podemos decir diaria, durante casi 50 a\u00f1os a su Cofrad\u00eda 15 + 1 de L\u2019Hospitalet de Llobregat. Ha sido vocal en varas juntas de gobierno y responsable de montaje, actualmente y desde 2022 Vicepresidentes. Costalero y luego capataz de la Cruz de mayo, Contragu\u00eda del Cristo de la Expiraci\u00f3n y eterno guardi\u00e1n de la casa de Hermandad. Este galard\u00f3n tambi\u00e9n quiere hacerse extensivo, de manera simb\u00f3lica, a todos los miembros de esa entidad que con su dedicaci\u00f3n callada han contribuido a engrandecerla. Entreg\u00f3 el premio el Vocal del Consejo General de Hermandades y Cofrad\u00edas de Barcelona, Sr. Javier Rojano.<\/p>\n\n\n\n<p>Acabados los reconocimientos tuvo lugar la presentaci\u00f3n del cartel de la Hermandad De Jes\u00fas del Gran Poder y Mar\u00eda Sant\u00edsima de la Esperanza Macarena que corri\u00f3 a cargo del Hermano Mayor el Sr.&nbsp; Miguel \u00c1ngel Soto Fern\u00e1ndez y de la autora del Cartel la Sra.&nbsp; Jennifer Moreno Gonz\u00e1lez.<\/p>\n\n\n\n<p>Posteriormente disfrutamos todos del concierto de marchas procesionales de la Unidad de M\u00fasica de la Inspecci\u00f3n General del Ej\u00e9rcito, dirigida por el Capit\u00e1n M\u00fasico D. Mario Ruiz Mar\u00eda, el cual nos obsequi\u00f3 con algunas piezas tan ic\u00f3nicas en nuestra semana santa como \u201cLa Estrella Sublime\u201d, \u201cVirgen del Valle\u201d, \u201cPasan los Campanilleros\u201d o \u201cMater Mea\u201d que acabaron poniendo el p\u00fablico en pie.<\/p>\n\n\n\n<p>Cerr\u00f3 el acto agradeciendo la presencia los asistentes y emplaz\u00e1ndolos a la edici\u00f3n del a\u00f1o que viene, la presidenta del Consejo la Sra. Mar\u00eda Angels Arrabal Dig\u00f3n.<\/p>\n\n\n\n<p><strong>Fuente: barnacofrade.com<\/strong><\/p>\n","protected":false},"excerpt":{"rendered":"<p>El pasado 7 de marzo ha tenido lugar en la parroquia de San Agust\u00edn de Barcelona, una vez m\u00e1s el tradicional preg\u00f3n de Semana Santa de la Ciudad de Barcelona, organizado por El Consejo General de Hermandades y Cofrad\u00edas de la Archidi\u00f3cesis y por la Pontificia y Real Hermandad de Nuestro Padre Jes\u00fas del Gran [&hellip;]<\/p>\n","protected":false},"author":2,"featured_media":2758,"comment_status":"closed","ping_status":"open","sticky":false,"template":"","format":"standard","meta":{"footnotes":""},"categories":[19],"tags":[],"class_list":{"0":"post-2752","1":"post","2":"type-post","3":"status-publish","4":"format-standard","5":"has-post-thumbnail","7":"category-actualidad"},"_links":{"self":[{"href":"https:\/\/raicesandaluzas.com\/revista\/wp-json\/wp\/v2\/posts\/2752","targetHints":{"allow":["GET"]}}],"collection":[{"href":"https:\/\/raicesandaluzas.com\/revista\/wp-json\/wp\/v2\/posts"}],"about":[{"href":"https:\/\/raicesandaluzas.com\/revista\/wp-json\/wp\/v2\/types\/post"}],"author":[{"embeddable":true,"href":"https:\/\/raicesandaluzas.com\/revista\/wp-json\/wp\/v2\/users\/2"}],"replies":[{"embeddable":true,"href":"https:\/\/raicesandaluzas.com\/revista\/wp-json\/wp\/v2\/comments?post=2752"}],"version-history":[{"count":1,"href":"https:\/\/raicesandaluzas.com\/revista\/wp-json\/wp\/v2\/posts\/2752\/revisions"}],"predecessor-version":[{"id":2759,"href":"https:\/\/raicesandaluzas.com\/revista\/wp-json\/wp\/v2\/posts\/2752\/revisions\/2759"}],"wp:featuredmedia":[{"embeddable":true,"href":"https:\/\/raicesandaluzas.com\/revista\/wp-json\/wp\/v2\/media\/2758"}],"wp:attachment":[{"href":"https:\/\/raicesandaluzas.com\/revista\/wp-json\/wp\/v2\/media?parent=2752"}],"wp:term":[{"taxonomy":"category","embeddable":true,"href":"https:\/\/raicesandaluzas.com\/revista\/wp-json\/wp\/v2\/categories?post=2752"},{"taxonomy":"post_tag","embeddable":true,"href":"https:\/\/raicesandaluzas.com\/revista\/wp-json\/wp\/v2\/tags?post=2752"}],"curies":[{"name":"wp","href":"https:\/\/api.w.org\/{rel}","templated":true}]}}