{"id":2685,"date":"2026-01-21T10:13:03","date_gmt":"2026-01-21T10:13:03","guid":{"rendered":"https:\/\/raicesandaluzas.com\/revista\/?p=2685"},"modified":"2026-01-26T10:16:20","modified_gmt":"2026-01-26T10:16:20","slug":"la-hermandad-del-rocio-de-barcelona-recibe-la-visita-del-heredero-al-trono-de-italia","status":"publish","type":"post","link":"https:\/\/raicesandaluzas.com\/revista\/2026\/01\/21\/la-hermandad-del-rocio-de-barcelona-recibe-la-visita-del-heredero-al-trono-de-italia\/","title":{"rendered":"La Hermandad del Roc\u00edo de Barcelona recibe la visita del heredero al trono de Italia"},"content":{"rendered":"\n<p>La Hermandad del Roc\u00edo de Barcelona ha recibido este mi\u00e9rcoles 21 de enero la visita de S.A.R. el Pr\u00edncipe de Saboya, Emmanuele Filiberto di Saboia, heredero al trono de Italia, en un acto marcado por la solemnidad, la fe y el recogimiento.<br>Durante su estancia, el Pr\u00edncipe ha rezado ante el Bendito Simpecado de la Hermandad, elevando una oraci\u00f3n en memoria de las personas fallecidas en el tr\u00e1gico accidente ferroviario de Adamuz, mostrando as\u00ed su cercan\u00eda y respeto hacia las v\u00edctimas y sus familias.<br>En el transcurso del encuentro, el heredero recibi\u00f3 un rosario de manos de la presidenta de la Hermandad, el cual fue bendecido por el rector de la Parroquia de Betlem, Mn. Alejandro. Asimismo, S.A.R. el Pr\u00edncipe Emmanuele Filiberto hizo entrega de un centro de flores, que fue depositado a los pies del Bendito Simpecado como gesto de homenaje, oraci\u00f3n y recuerdo.<br>La Hermandad del Roc\u00edo de Barcelona desea expresar su agradecimiento por esta visita, que refuerza los valores de fe, devoci\u00f3n mariana y memoria compartida que inspiran su labor religiosa y cultural.<\/p>\n\n\n\n<figure class=\"wp-block-gallery has-nested-images columns-default is-cropped td-modal-on-gallery wp-block-gallery-1 is-layout-flex wp-block-gallery-is-layout-flex\">\n<figure class=\"wp-block-image size-large\"><img loading=\"lazy\" decoding=\"async\" width=\"1024\" height=\"1024\" data-id=\"2687\" src=\"https:\/\/raicesandaluzas.com\/revista\/wp-content\/uploads\/2026\/01\/PRINCIPE-DE-SABOYA-2-1024x1024.jpg\" alt=\"\" class=\"wp-image-2687\" srcset=\"https:\/\/raicesandaluzas.com\/revista\/wp-content\/uploads\/2026\/01\/PRINCIPE-DE-SABOYA-2-1024x1024.jpg 1024w, https:\/\/raicesandaluzas.com\/revista\/wp-content\/uploads\/2026\/01\/PRINCIPE-DE-SABOYA-2-300x300.jpg 300w, https:\/\/raicesandaluzas.com\/revista\/wp-content\/uploads\/2026\/01\/PRINCIPE-DE-SABOYA-2-150x150.jpg 150w, https:\/\/raicesandaluzas.com\/revista\/wp-content\/uploads\/2026\/01\/PRINCIPE-DE-SABOYA-2-768x768.jpg 768w, https:\/\/raicesandaluzas.com\/revista\/wp-content\/uploads\/2026\/01\/PRINCIPE-DE-SABOYA-2-420x420.jpg 420w, https:\/\/raicesandaluzas.com\/revista\/wp-content\/uploads\/2026\/01\/PRINCIPE-DE-SABOYA-2-696x696.jpg 696w, https:\/\/raicesandaluzas.com\/revista\/wp-content\/uploads\/2026\/01\/PRINCIPE-DE-SABOYA-2-1068x1068.jpg 1068w, https:\/\/raicesandaluzas.com\/revista\/wp-content\/uploads\/2026\/01\/PRINCIPE-DE-SABOYA-2.jpg 1200w\" sizes=\"auto, (max-width: 1024px) 100vw, 1024px\" \/><\/figure>\n\n\n\n<figure class=\"wp-block-image size-large\"><img loading=\"lazy\" decoding=\"async\" width=\"768\" height=\"1024\" data-id=\"2688\" src=\"https:\/\/raicesandaluzas.com\/revista\/wp-content\/uploads\/2026\/01\/PRINCIPE-DE-SABOYA-3-768x1024.jpg\" alt=\"\" class=\"wp-image-2688\" srcset=\"https:\/\/raicesandaluzas.com\/revista\/wp-content\/uploads\/2026\/01\/PRINCIPE-DE-SABOYA-3-768x1024.jpg 768w, https:\/\/raicesandaluzas.com\/revista\/wp-content\/uploads\/2026\/01\/PRINCIPE-DE-SABOYA-3-225x300.jpg 225w, https:\/\/raicesandaluzas.com\/revista\/wp-content\/uploads\/2026\/01\/PRINCIPE-DE-SABOYA-3-315x420.jpg 315w, https:\/\/raicesandaluzas.com\/revista\/wp-content\/uploads\/2026\/01\/PRINCIPE-DE-SABOYA-3-696x928.jpg 696w, https:\/\/raicesandaluzas.com\/revista\/wp-content\/uploads\/2026\/01\/PRINCIPE-DE-SABOYA-3.jpg 900w\" sizes=\"auto, (max-width: 768px) 100vw, 768px\" \/><\/figure>\n<\/figure>\n","protected":false},"excerpt":{"rendered":"<p>La Hermandad del Roc\u00edo de Barcelona ha recibido este mi\u00e9rcoles 21 de enero la visita de S.A.R. el Pr\u00edncipe de Saboya, Emmanuele Filiberto di Saboia, heredero al trono de Italia, en un acto marcado por la solemnidad, la fe y el recogimiento.Durante su estancia, el Pr\u00edncipe ha rezado ante el Bendito Simpecado de la Hermandad, [&hellip;]<\/p>\n","protected":false},"author":2,"featured_media":2686,"comment_status":"closed","ping_status":"open","sticky":false,"template":"","format":"standard","meta":{"footnotes":""},"categories":[19,21],"tags":[],"class_list":{"0":"post-2685","1":"post","2":"type-post","3":"status-publish","4":"format-standard","5":"has-post-thumbnail","7":"category-actualidad","8":"category-raices-rocieras"},"_links":{"self":[{"href":"https:\/\/raicesandaluzas.com\/revista\/wp-json\/wp\/v2\/posts\/2685","targetHints":{"allow":["GET"]}}],"collection":[{"href":"https:\/\/raicesandaluzas.com\/revista\/wp-json\/wp\/v2\/posts"}],"about":[{"href":"https:\/\/raicesandaluzas.com\/revista\/wp-json\/wp\/v2\/types\/post"}],"author":[{"embeddable":true,"href":"https:\/\/raicesandaluzas.com\/revista\/wp-json\/wp\/v2\/users\/2"}],"replies":[{"embeddable":true,"href":"https:\/\/raicesandaluzas.com\/revista\/wp-json\/wp\/v2\/comments?post=2685"}],"version-history":[{"count":1,"href":"https:\/\/raicesandaluzas.com\/revista\/wp-json\/wp\/v2\/posts\/2685\/revisions"}],"predecessor-version":[{"id":2689,"href":"https:\/\/raicesandaluzas.com\/revista\/wp-json\/wp\/v2\/posts\/2685\/revisions\/2689"}],"wp:featuredmedia":[{"embeddable":true,"href":"https:\/\/raicesandaluzas.com\/revista\/wp-json\/wp\/v2\/media\/2686"}],"wp:attachment":[{"href":"https:\/\/raicesandaluzas.com\/revista\/wp-json\/wp\/v2\/media?parent=2685"}],"wp:term":[{"taxonomy":"category","embeddable":true,"href":"https:\/\/raicesandaluzas.com\/revista\/wp-json\/wp\/v2\/categories?post=2685"},{"taxonomy":"post_tag","embeddable":true,"href":"https:\/\/raicesandaluzas.com\/revista\/wp-json\/wp\/v2\/tags?post=2685"}],"curies":[{"name":"wp","href":"https:\/\/api.w.org\/{rel}","templated":true}]}}