{"id":2662,"date":"2025-12-10T09:39:24","date_gmt":"2025-12-10T09:39:24","guid":{"rendered":"https:\/\/raicesandaluzas.com\/revista\/?p=2662"},"modified":"2025-12-10T09:40:05","modified_gmt":"2025-12-10T09:40:05","slug":"la-hermandad-del-rocio-de-barcelona-anuncia-la-iv-zambomba-solidaria","status":"publish","type":"post","link":"https:\/\/raicesandaluzas.com\/revista\/2025\/12\/10\/la-hermandad-del-rocio-de-barcelona-anuncia-la-iv-zambomba-solidaria\/","title":{"rendered":"La Hermandad del Roc\u00edo de Barcelona anuncia la IV Zambomba Solidaria"},"content":{"rendered":"\n<p>La Hermandad Nuestra Se\u00f1ora del Roc\u00edo de Barcelona se complace en anunciar la celebraci\u00f3n de la IV Zambomba Solidaria, un evento para disfrutar de una tarde de m\u00fasica y solidaridad. Este a\u00f1o, el evento tendr\u00e1 lugar el domingo 14 de diciembre de 2025 en un nuevo emplazamiento: El patio de la Parroquia \u00abEl Pilar\u00bb \u2013 Escola Ipse, situada en la esquina de C\/Londres con C\/Casanova, Barcelona. Las actividades comenzar\u00e1n a las 17:30 horas.<br>La IV Zambomba Solidaria contar\u00e1 con la actuaci\u00f3n de varios coros que ofrecer\u00e1n su talento para amenizar la velada. Entre ellos destacan: Coro de la Hermandad Nuestra Se\u00f1ora del Roc\u00edo \u00abLos Romeros\u00bb de Barcelona; Coro Flamenco \u00abCasa de C\u00e1diz\u00bb de Sant Boi: Coro de \u00abCofrad\u00eda de Jes\u00fas Nazareno\u00bb de Badia del Vall\u00e8s: Coro Romero \u00abColonia Egabrense\u00bb de Santa Coloma de Gramenet; Coro Rociero \u00abRa\u00edces\u00bb Casa de Sevilla de Sant Boi; Grupo \u00abGente de Almonte\u00bb; Coro de la Hermandad Nuestra Se\u00f1ora del Roc\u00edo de Barcelona.<br>Este evento tiene como objetivo recaudar fondos para una obra social, siendo este a\u00f1o en beneficio de Emma\u00fas, una organizaci\u00f3n que trabaja para ayudar a personas en situaci\u00f3n de vulnerabilidad. La entrada al evento tiene un donativo de solo 7 euros, y los asistentes podr\u00e1n disfrutar de una agradable tarde llena de m\u00fasica, esp\u00edritu navide\u00f1o y solidaridad.<br><\/p>\n\n\n\n<div><a href=\"https:\/\/raicesandaluzas.com\/revista\/wp-content\/uploads\/2025\/12\/ZAMBOMBA-SOLIDARIA-2025-724x1024.jpg\" class=\"td-modal-image\"><figure class=\"wp-block-image size-large\"><img loading=\"lazy\" decoding=\"async\" width=\"724\" height=\"1024\" src=\"https:\/\/raicesandaluzas.com\/revista\/wp-content\/uploads\/2025\/12\/ZAMBOMBA-SOLIDARIA-2025-724x1024.jpg\" alt=\"\" class=\"wp-image-2663\" srcset=\"https:\/\/raicesandaluzas.com\/revista\/wp-content\/uploads\/2025\/12\/ZAMBOMBA-SOLIDARIA-2025-724x1024.jpg 724w, https:\/\/raicesandaluzas.com\/revista\/wp-content\/uploads\/2025\/12\/ZAMBOMBA-SOLIDARIA-2025-212x300.jpg 212w, https:\/\/raicesandaluzas.com\/revista\/wp-content\/uploads\/2025\/12\/ZAMBOMBA-SOLIDARIA-2025-768x1087.jpg 768w, https:\/\/raicesandaluzas.com\/revista\/wp-content\/uploads\/2025\/12\/ZAMBOMBA-SOLIDARIA-2025-297x420.jpg 297w, https:\/\/raicesandaluzas.com\/revista\/wp-content\/uploads\/2025\/12\/ZAMBOMBA-SOLIDARIA-2025-696x985.jpg 696w, https:\/\/raicesandaluzas.com\/revista\/wp-content\/uploads\/2025\/12\/ZAMBOMBA-SOLIDARIA-2025.jpg 848w\" sizes=\"auto, (max-width: 724px) 100vw, 724px\" \/><\/figure><\/a><\/div>\n\n\n\n<p><\/p>\n","protected":false},"excerpt":{"rendered":"<p>La Hermandad Nuestra Se\u00f1ora del Roc\u00edo de Barcelona se complace en anunciar la celebraci\u00f3n de la IV Zambomba Solidaria, un evento para disfrutar de una tarde de m\u00fasica y solidaridad. Este a\u00f1o, el evento tendr\u00e1 lugar el domingo 14 de diciembre de 2025 en un nuevo emplazamiento: El patio de la Parroquia \u00abEl Pilar\u00bb \u2013 [&hellip;]<\/p>\n","protected":false},"author":2,"featured_media":2663,"comment_status":"closed","ping_status":"open","sticky":false,"template":"","format":"standard","meta":{"footnotes":""},"categories":[19,21],"tags":[],"class_list":{"0":"post-2662","1":"post","2":"type-post","3":"status-publish","4":"format-standard","5":"has-post-thumbnail","7":"category-actualidad","8":"category-raices-rocieras"},"_links":{"self":[{"href":"https:\/\/raicesandaluzas.com\/revista\/wp-json\/wp\/v2\/posts\/2662","targetHints":{"allow":["GET"]}}],"collection":[{"href":"https:\/\/raicesandaluzas.com\/revista\/wp-json\/wp\/v2\/posts"}],"about":[{"href":"https:\/\/raicesandaluzas.com\/revista\/wp-json\/wp\/v2\/types\/post"}],"author":[{"embeddable":true,"href":"https:\/\/raicesandaluzas.com\/revista\/wp-json\/wp\/v2\/users\/2"}],"replies":[{"embeddable":true,"href":"https:\/\/raicesandaluzas.com\/revista\/wp-json\/wp\/v2\/comments?post=2662"}],"version-history":[{"count":2,"href":"https:\/\/raicesandaluzas.com\/revista\/wp-json\/wp\/v2\/posts\/2662\/revisions"}],"predecessor-version":[{"id":2665,"href":"https:\/\/raicesandaluzas.com\/revista\/wp-json\/wp\/v2\/posts\/2662\/revisions\/2665"}],"wp:featuredmedia":[{"embeddable":true,"href":"https:\/\/raicesandaluzas.com\/revista\/wp-json\/wp\/v2\/media\/2663"}],"wp:attachment":[{"href":"https:\/\/raicesandaluzas.com\/revista\/wp-json\/wp\/v2\/media?parent=2662"}],"wp:term":[{"taxonomy":"category","embeddable":true,"href":"https:\/\/raicesandaluzas.com\/revista\/wp-json\/wp\/v2\/categories?post=2662"},{"taxonomy":"post_tag","embeddable":true,"href":"https:\/\/raicesandaluzas.com\/revista\/wp-json\/wp\/v2\/tags?post=2662"}],"curies":[{"name":"wp","href":"https:\/\/api.w.org\/{rel}","templated":true}]}}