{"id":2651,"date":"2025-12-03T10:32:04","date_gmt":"2025-12-03T10:32:04","guid":{"rendered":"https:\/\/raicesandaluzas.com\/revista\/?p=2651"},"modified":"2025-12-03T10:36:55","modified_gmt":"2025-12-03T10:36:55","slug":"emociones-a-flor-de-piel-en-la-procesion-jubilar-de-las-esperanzas","status":"publish","type":"post","link":"https:\/\/raicesandaluzas.com\/revista\/2025\/12\/03\/emociones-a-flor-de-piel-en-la-procesion-jubilar-de-las-esperanzas\/","title":{"rendered":"Emociones a flor de piel en la Procesi\u00f3n Jubilar de las Esperanzas en Barcelona"},"content":{"rendered":"\n<p>Barcelona vivi\u00f3 el \u00faltimo fin de semana de noviembre un momento hist\u00f3rico y emocionante con la Procesi\u00f3n Jubilar de las Esperanzas en las que procesionaron las im\u00e1genes dolorosas de la Archidi\u00f3cesis de Barcelona. As\u00ed, recorrieron las calles las tallas de las hermandades del Gran Poder y la Esperanza Macarena de Barcelona, la del Sant\u00edsimo Redentor y Nuestra Se\u00f1ora de la Soledad de Badalona, la de Nuestro Padre Nazareno y Nuestra Se\u00f1ora de la Esperanza de Matar\u00f3, y la del Sant\u00edsimo Cristo de la Buena Muerte y Mar\u00eda Sant\u00edsima de la Esperanza Macarena de Cornell\u00e0. <\/p>\n\n\n\n<p>Los actos comenzaron el viernes, 28 de noviembre, con el preg\u00f3n que preced\u00eda a la procesi\u00f3n extraordinaria en la parroquia de Sant Agust\u00ed, sede de la Hermandad de la Macarena y Gran Poder de la Ciudad Condal, que corri\u00f3 a cargo del periodista sevillano Antonio Silva de Pablos, hermano de la Hermandad de la O de Sevilla. Silva habl\u00f3 de la Esperanza, \u00abque es el amor y la misericordia de Cristo traen a esta \u00e9poca falta de ella\u00bb. <\/p>\n\n\n\n<p>Al d\u00eda siguiente, las cuatro hermandades participantes salieron acompa\u00f1adas de sus respectivas bandas por la puerta de la iglesia de Sant Agust\u00ed para dirigirse a Las Ramblas. Han recorrido las calles Ferran, Aviny\u00f3 y Ample hasta llegar a la Bas\u00edlica de la Merc\u00e8, donde la patrona de Barcelona esperaba a las puertas de la iglesia. En la plaza de la Merc\u00e9, las cuatro Esperanzas se colocaron frente a la patrona situada en un pedestal frente a las puertas de la Bas\u00edlica. A su lado una tarima desde donde recibi\u00f3 a los participantes el Cardenal de Barcelona, Juan Jos\u00e9 Omella Omella, junto con el Padre Ferm\u00edn delgado, Rector de la Merc\u00e8, y \u00c1ngel G\u00f3mez-Sala, presidente de la Cofrad\u00eda de La Mare de D\u00e9u de la Merc\u00e8. Este \u00faltimo dio la bienvenida recalcando el acto hist\u00f3rico y espiritual que se estaba viviendo ese d\u00eda en las calles de Barcelona.<\/p>\n\n\n\n<figure class=\"wp-block-gallery has-nested-images columns-default is-cropped td-modal-on-gallery wp-block-gallery-1 is-layout-flex wp-block-gallery-is-layout-flex\">\n<figure class=\"wp-block-image size-large\"><img loading=\"lazy\" decoding=\"async\" width=\"1024\" height=\"768\" data-id=\"2652\" src=\"https:\/\/raicesandaluzas.com\/revista\/wp-content\/uploads\/2025\/12\/procesionesperanzas06-1024x768.jpg\" alt=\"\" class=\"wp-image-2652\" srcset=\"https:\/\/raicesandaluzas.com\/revista\/wp-content\/uploads\/2025\/12\/procesionesperanzas06-1024x768.jpg 1024w, https:\/\/raicesandaluzas.com\/revista\/wp-content\/uploads\/2025\/12\/procesionesperanzas06-300x225.jpg 300w, https:\/\/raicesandaluzas.com\/revista\/wp-content\/uploads\/2025\/12\/procesionesperanzas06-768x576.jpg 768w, https:\/\/raicesandaluzas.com\/revista\/wp-content\/uploads\/2025\/12\/procesionesperanzas06-560x420.jpg 560w, https:\/\/raicesandaluzas.com\/revista\/wp-content\/uploads\/2025\/12\/procesionesperanzas06-80x60.jpg 80w, https:\/\/raicesandaluzas.com\/revista\/wp-content\/uploads\/2025\/12\/procesionesperanzas06-696x522.jpg 696w, https:\/\/raicesandaluzas.com\/revista\/wp-content\/uploads\/2025\/12\/procesionesperanzas06-1068x801.jpg 1068w, https:\/\/raicesandaluzas.com\/revista\/wp-content\/uploads\/2025\/12\/procesionesperanzas06.jpg 1200w\" sizes=\"auto, (max-width: 1024px) 100vw, 1024px\" \/><\/figure>\n\n\n\n<figure class=\"wp-block-image size-large\"><img loading=\"lazy\" decoding=\"async\" width=\"1024\" height=\"768\" data-id=\"2653\" src=\"https:\/\/raicesandaluzas.com\/revista\/wp-content\/uploads\/2025\/12\/procesionesperanzas05-1024x768.jpg\" alt=\"\" class=\"wp-image-2653\" srcset=\"https:\/\/raicesandaluzas.com\/revista\/wp-content\/uploads\/2025\/12\/procesionesperanzas05-1024x768.jpg 1024w, https:\/\/raicesandaluzas.com\/revista\/wp-content\/uploads\/2025\/12\/procesionesperanzas05-300x225.jpg 300w, https:\/\/raicesandaluzas.com\/revista\/wp-content\/uploads\/2025\/12\/procesionesperanzas05-768x576.jpg 768w, https:\/\/raicesandaluzas.com\/revista\/wp-content\/uploads\/2025\/12\/procesionesperanzas05-560x420.jpg 560w, https:\/\/raicesandaluzas.com\/revista\/wp-content\/uploads\/2025\/12\/procesionesperanzas05-80x60.jpg 80w, https:\/\/raicesandaluzas.com\/revista\/wp-content\/uploads\/2025\/12\/procesionesperanzas05-696x522.jpg 696w, https:\/\/raicesandaluzas.com\/revista\/wp-content\/uploads\/2025\/12\/procesionesperanzas05-1068x801.jpg 1068w, https:\/\/raicesandaluzas.com\/revista\/wp-content\/uploads\/2025\/12\/procesionesperanzas05.jpg 1200w\" sizes=\"auto, (max-width: 1024px) 100vw, 1024px\" \/><\/figure>\n\n\n\n<figure class=\"wp-block-image size-large\"><img loading=\"lazy\" decoding=\"async\" width=\"1024\" height=\"768\" data-id=\"2654\" src=\"https:\/\/raicesandaluzas.com\/revista\/wp-content\/uploads\/2025\/12\/procesionesperanzas03-1024x768.jpg\" alt=\"\" class=\"wp-image-2654\" srcset=\"https:\/\/raicesandaluzas.com\/revista\/wp-content\/uploads\/2025\/12\/procesionesperanzas03-1024x768.jpg 1024w, https:\/\/raicesandaluzas.com\/revista\/wp-content\/uploads\/2025\/12\/procesionesperanzas03-300x225.jpg 300w, https:\/\/raicesandaluzas.com\/revista\/wp-content\/uploads\/2025\/12\/procesionesperanzas03-768x576.jpg 768w, https:\/\/raicesandaluzas.com\/revista\/wp-content\/uploads\/2025\/12\/procesionesperanzas03-560x420.jpg 560w, https:\/\/raicesandaluzas.com\/revista\/wp-content\/uploads\/2025\/12\/procesionesperanzas03-80x60.jpg 80w, https:\/\/raicesandaluzas.com\/revista\/wp-content\/uploads\/2025\/12\/procesionesperanzas03-696x522.jpg 696w, https:\/\/raicesandaluzas.com\/revista\/wp-content\/uploads\/2025\/12\/procesionesperanzas03-1068x801.jpg 1068w, https:\/\/raicesandaluzas.com\/revista\/wp-content\/uploads\/2025\/12\/procesionesperanzas03.jpg 1200w\" sizes=\"auto, (max-width: 1024px) 100vw, 1024px\" \/><\/figure>\n\n\n\n<figure class=\"wp-block-image size-large\"><img loading=\"lazy\" decoding=\"async\" width=\"1024\" height=\"768\" data-id=\"2655\" src=\"https:\/\/raicesandaluzas.com\/revista\/wp-content\/uploads\/2025\/12\/procesionesperanzas02-1024x768.jpg\" alt=\"\" class=\"wp-image-2655\" srcset=\"https:\/\/raicesandaluzas.com\/revista\/wp-content\/uploads\/2025\/12\/procesionesperanzas02-1024x768.jpg 1024w, https:\/\/raicesandaluzas.com\/revista\/wp-content\/uploads\/2025\/12\/procesionesperanzas02-300x225.jpg 300w, https:\/\/raicesandaluzas.com\/revista\/wp-content\/uploads\/2025\/12\/procesionesperanzas02-768x576.jpg 768w, https:\/\/raicesandaluzas.com\/revista\/wp-content\/uploads\/2025\/12\/procesionesperanzas02-560x420.jpg 560w, https:\/\/raicesandaluzas.com\/revista\/wp-content\/uploads\/2025\/12\/procesionesperanzas02-80x60.jpg 80w, https:\/\/raicesandaluzas.com\/revista\/wp-content\/uploads\/2025\/12\/procesionesperanzas02-696x522.jpg 696w, https:\/\/raicesandaluzas.com\/revista\/wp-content\/uploads\/2025\/12\/procesionesperanzas02-1068x801.jpg 1068w, https:\/\/raicesandaluzas.com\/revista\/wp-content\/uploads\/2025\/12\/procesionesperanzas02.jpg 1200w\" sizes=\"auto, (max-width: 1024px) 100vw, 1024px\" \/><\/figure>\n\n\n\n<figure class=\"wp-block-image size-large\"><img loading=\"lazy\" decoding=\"async\" width=\"1024\" height=\"768\" data-id=\"2656\" src=\"https:\/\/raicesandaluzas.com\/revista\/wp-content\/uploads\/2025\/12\/procesionesperanzas01-1024x768.jpg\" alt=\"\" class=\"wp-image-2656\" srcset=\"https:\/\/raicesandaluzas.com\/revista\/wp-content\/uploads\/2025\/12\/procesionesperanzas01-1024x768.jpg 1024w, https:\/\/raicesandaluzas.com\/revista\/wp-content\/uploads\/2025\/12\/procesionesperanzas01-300x225.jpg 300w, https:\/\/raicesandaluzas.com\/revista\/wp-content\/uploads\/2025\/12\/procesionesperanzas01-768x576.jpg 768w, https:\/\/raicesandaluzas.com\/revista\/wp-content\/uploads\/2025\/12\/procesionesperanzas01-560x420.jpg 560w, https:\/\/raicesandaluzas.com\/revista\/wp-content\/uploads\/2025\/12\/procesionesperanzas01-80x60.jpg 80w, https:\/\/raicesandaluzas.com\/revista\/wp-content\/uploads\/2025\/12\/procesionesperanzas01-696x522.jpg 696w, https:\/\/raicesandaluzas.com\/revista\/wp-content\/uploads\/2025\/12\/procesionesperanzas01-1068x801.jpg 1068w, https:\/\/raicesandaluzas.com\/revista\/wp-content\/uploads\/2025\/12\/procesionesperanzas01.jpg 1200w\" sizes=\"auto, (max-width: 1024px) 100vw, 1024px\" \/><\/figure>\n<figcaption class=\"blocks-gallery-caption wp-element-caption\">Fotograf\u00edas: Asociaci\u00f3n de Mujeres Cofrades de Barcelona Barcelona<\/figcaption><\/figure>\n\n\n\n<p>El director del Secretariado de Hermandades y Cofrad\u00edas de la Archidi\u00f3cesis de Barcelona, Manuel Zamora Negrillo, recalc\u00f3 el car\u00e1cter de Iglesia en salida, Iglesia en la calle de las Cofrad\u00edas y agradeci\u00f3 a todas y todos su participaci\u00f3n para coordinarse en sus distintas maneras de trabajar, su servicio, disponibilidad y testimonio de fe, siendo portadores de la \u201cbuena noticia\u201d, un mensaje de \u201cesperanza\u201d cada d\u00eda m\u00e1s importante, mencionaba.<\/p>\n\n\n\n<p>El padre Ferm\u00edn ley\u00f3 el Evangelio,\u00a0y seguidamente\u00a0el\u00a0Cardenal\u00a0hizo la homil\u00eda, \u00abque Dios haga de las Cofrad\u00edas verdaderos faros de Esperanza\u00a0para la ciudad y la Iglesia de Barcelona,\u00a0ser testimonios de luz en medio de la sociedad, destacando adem\u00e1s la Piedad Popular y las cofrad\u00edas como aut\u00e9nticas escuelas de vida cristiana\u00bb.<\/p>\n\n\n\n<p>Para terminar, se rez\u00f3 un Padre Nuestro y Alexandra Moreno redonde\u00f3 el acto cantando un Ave Mar\u00eda.<\/p>\n","protected":false},"excerpt":{"rendered":"<p>Barcelona vivi\u00f3 el \u00faltimo fin de semana de noviembre un momento hist\u00f3rico y emocionante con la Procesi\u00f3n Jubilar de las Esperanzas en las que procesionaron las im\u00e1genes dolorosas de la Archidi\u00f3cesis de Barcelona. As\u00ed, recorrieron las calles las tallas de las hermandades del Gran Poder y la Esperanza Macarena de Barcelona, la del Sant\u00edsimo Redentor [&hellip;]<\/p>\n","protected":false},"author":2,"featured_media":2657,"comment_status":"closed","ping_status":"open","sticky":false,"template":"","format":"standard","meta":{"footnotes":""},"categories":[19],"tags":[],"class_list":{"0":"post-2651","1":"post","2":"type-post","3":"status-publish","4":"format-standard","5":"has-post-thumbnail","7":"category-actualidad"},"_links":{"self":[{"href":"https:\/\/raicesandaluzas.com\/revista\/wp-json\/wp\/v2\/posts\/2651","targetHints":{"allow":["GET"]}}],"collection":[{"href":"https:\/\/raicesandaluzas.com\/revista\/wp-json\/wp\/v2\/posts"}],"about":[{"href":"https:\/\/raicesandaluzas.com\/revista\/wp-json\/wp\/v2\/types\/post"}],"author":[{"embeddable":true,"href":"https:\/\/raicesandaluzas.com\/revista\/wp-json\/wp\/v2\/users\/2"}],"replies":[{"embeddable":true,"href":"https:\/\/raicesandaluzas.com\/revista\/wp-json\/wp\/v2\/comments?post=2651"}],"version-history":[{"count":3,"href":"https:\/\/raicesandaluzas.com\/revista\/wp-json\/wp\/v2\/posts\/2651\/revisions"}],"predecessor-version":[{"id":2661,"href":"https:\/\/raicesandaluzas.com\/revista\/wp-json\/wp\/v2\/posts\/2651\/revisions\/2661"}],"wp:featuredmedia":[{"embeddable":true,"href":"https:\/\/raicesandaluzas.com\/revista\/wp-json\/wp\/v2\/media\/2657"}],"wp:attachment":[{"href":"https:\/\/raicesandaluzas.com\/revista\/wp-json\/wp\/v2\/media?parent=2651"}],"wp:term":[{"taxonomy":"category","embeddable":true,"href":"https:\/\/raicesandaluzas.com\/revista\/wp-json\/wp\/v2\/categories?post=2651"},{"taxonomy":"post_tag","embeddable":true,"href":"https:\/\/raicesandaluzas.com\/revista\/wp-json\/wp\/v2\/tags?post=2651"}],"curies":[{"name":"wp","href":"https:\/\/api.w.org\/{rel}","templated":true}]}}