{"id":2643,"date":"2025-12-01T11:04:50","date_gmt":"2025-12-01T11:04:50","guid":{"rendered":"https:\/\/raicesandaluzas.com\/revista\/?p=2643"},"modified":"2025-12-01T11:05:01","modified_gmt":"2025-12-01T11:05:01","slug":"la-fac-celebra-el-4-de-diciembre-con-un-homenaje-a-la-bandera-andaluza","status":"publish","type":"post","link":"https:\/\/raicesandaluzas.com\/revista\/2025\/12\/01\/la-fac-celebra-el-4-de-diciembre-con-un-homenaje-a-la-bandera-andaluza\/","title":{"rendered":"La FAC celebra el 4 de diciembre con un homenaje a la bandera andaluza"},"content":{"rendered":"\n<p>El 4 de diciembre de 2022, el Consejo de Gobierno de la Junta de Andaluc\u00eda aprob\u00f3 el decreto 541\/2022, por el que se declar\u00f3 oficialmente este d\u00eda como D\u00eda de la Bandera de Andaluc\u00eda. La Federaci\u00f3n Andaluza de Comunidades (FAC) ha conmemorado este d\u00eda un a\u00f1o m\u00e1s, y ya van tres de consecutivos este pasado 29 de noviembre.<\/p>\n\n\n\n<p>El acto consisti\u00f3 en el izado de la bandera andaluza en el escenario, que fue acompa\u00f1ada por las banderas de las ocho provincias andaluzas y el himno de Andaluc\u00eda en directo con los acordes de un saxof\u00f3n. El izado de la bandera corri\u00f3 a cargo del presidente de la FAC, que estuvo acompa\u00f1ado por Enric Millo, secretario general de Acci\u00f3n Exterior y Uni\u00f3n Europea de la Junta de Andaluc\u00eda.<\/p>\n\n\n\n<figure class=\"wp-block-gallery has-nested-images columns-default is-cropped td-modal-on-gallery wp-block-gallery-1 is-layout-flex wp-block-gallery-is-layout-flex\">\n<figure class=\"wp-block-image size-large\"><img loading=\"lazy\" decoding=\"async\" width=\"1024\" height=\"683\" data-id=\"2645\" src=\"https:\/\/raicesandaluzas.com\/revista\/wp-content\/uploads\/2025\/12\/UHDV_FOTOFIJA-33-1024x683.jpg\" alt=\"\" class=\"wp-image-2645\" srcset=\"https:\/\/raicesandaluzas.com\/revista\/wp-content\/uploads\/2025\/12\/UHDV_FOTOFIJA-33-1024x683.jpg 1024w, https:\/\/raicesandaluzas.com\/revista\/wp-content\/uploads\/2025\/12\/UHDV_FOTOFIJA-33-300x200.jpg 300w, https:\/\/raicesandaluzas.com\/revista\/wp-content\/uploads\/2025\/12\/UHDV_FOTOFIJA-33-768x512.jpg 768w, https:\/\/raicesandaluzas.com\/revista\/wp-content\/uploads\/2025\/12\/UHDV_FOTOFIJA-33-630x420.jpg 630w, https:\/\/raicesandaluzas.com\/revista\/wp-content\/uploads\/2025\/12\/UHDV_FOTOFIJA-33-696x464.jpg 696w, https:\/\/raicesandaluzas.com\/revista\/wp-content\/uploads\/2025\/12\/UHDV_FOTOFIJA-33-1068x712.jpg 1068w, https:\/\/raicesandaluzas.com\/revista\/wp-content\/uploads\/2025\/12\/UHDV_FOTOFIJA-33.jpg 1200w\" sizes=\"auto, (max-width: 1024px) 100vw, 1024px\" \/><\/figure>\n\n\n\n<figure class=\"wp-block-image size-large\"><img loading=\"lazy\" decoding=\"async\" width=\"1024\" height=\"683\" data-id=\"2646\" src=\"https:\/\/raicesandaluzas.com\/revista\/wp-content\/uploads\/2025\/12\/UHDV_FOTOFIJA-60-1024x683.jpg\" alt=\"\" class=\"wp-image-2646\" srcset=\"https:\/\/raicesandaluzas.com\/revista\/wp-content\/uploads\/2025\/12\/UHDV_FOTOFIJA-60-1024x683.jpg 1024w, https:\/\/raicesandaluzas.com\/revista\/wp-content\/uploads\/2025\/12\/UHDV_FOTOFIJA-60-300x200.jpg 300w, https:\/\/raicesandaluzas.com\/revista\/wp-content\/uploads\/2025\/12\/UHDV_FOTOFIJA-60-768x512.jpg 768w, https:\/\/raicesandaluzas.com\/revista\/wp-content\/uploads\/2025\/12\/UHDV_FOTOFIJA-60-630x420.jpg 630w, https:\/\/raicesandaluzas.com\/revista\/wp-content\/uploads\/2025\/12\/UHDV_FOTOFIJA-60-696x464.jpg 696w, https:\/\/raicesandaluzas.com\/revista\/wp-content\/uploads\/2025\/12\/UHDV_FOTOFIJA-60-1068x712.jpg 1068w, https:\/\/raicesandaluzas.com\/revista\/wp-content\/uploads\/2025\/12\/UHDV_FOTOFIJA-60.jpg 1200w\" sizes=\"auto, (max-width: 1024px) 100vw, 1024px\" \/><\/figure>\n\n\n\n<figure class=\"wp-block-image size-large\"><img loading=\"lazy\" decoding=\"async\" width=\"1024\" height=\"683\" data-id=\"2647\" src=\"https:\/\/raicesandaluzas.com\/revista\/wp-content\/uploads\/2025\/12\/UHDV_FOTOFIJA-82-1024x683.jpg\" alt=\"\" class=\"wp-image-2647\" srcset=\"https:\/\/raicesandaluzas.com\/revista\/wp-content\/uploads\/2025\/12\/UHDV_FOTOFIJA-82-1024x683.jpg 1024w, https:\/\/raicesandaluzas.com\/revista\/wp-content\/uploads\/2025\/12\/UHDV_FOTOFIJA-82-300x200.jpg 300w, https:\/\/raicesandaluzas.com\/revista\/wp-content\/uploads\/2025\/12\/UHDV_FOTOFIJA-82-768x512.jpg 768w, https:\/\/raicesandaluzas.com\/revista\/wp-content\/uploads\/2025\/12\/UHDV_FOTOFIJA-82-630x420.jpg 630w, https:\/\/raicesandaluzas.com\/revista\/wp-content\/uploads\/2025\/12\/UHDV_FOTOFIJA-82-696x464.jpg 696w, https:\/\/raicesandaluzas.com\/revista\/wp-content\/uploads\/2025\/12\/UHDV_FOTOFIJA-82-1068x712.jpg 1068w, https:\/\/raicesandaluzas.com\/revista\/wp-content\/uploads\/2025\/12\/UHDV_FOTOFIJA-82.jpg 1200w\" sizes=\"auto, (max-width: 1024px) 100vw, 1024px\" \/><\/figure>\n<\/figure>\n\n\n\n<p>Una vez concluido el acto de izado de la bandera de Andaluc\u00eda, comenz\u00f3 la conferencia a cargo de Miguel Moreno Mart\u00ednez, especializado en gesti\u00f3n y liderazgo de empresa, que habl\u00f3 sobre la Bandera, Escudo e Himno de Andaluc\u00eda. Tras la conferencia, dio inicio la parte musical del acto, con la actuaci\u00f3n de la Compa\u00f1\u00eda Barcelona Flamenco Ballet con el espect\u00e1culo \u201cTIEMPO NUEVO\u201d, bajo la direcci\u00f3n de David Guti\u00e9rrez Molina.<\/p>\n","protected":false},"excerpt":{"rendered":"<p>El 4 de diciembre de 2022, el Consejo de Gobierno de la Junta de Andaluc\u00eda aprob\u00f3 el decreto 541\/2022, por el que se declar\u00f3 oficialmente este d\u00eda como D\u00eda de la Bandera de Andaluc\u00eda. La Federaci\u00f3n Andaluza de Comunidades (FAC) ha conmemorado este d\u00eda un a\u00f1o m\u00e1s, y ya van tres de consecutivos este pasado [&hellip;]<\/p>\n","protected":false},"author":1,"featured_media":2644,"comment_status":"closed","ping_status":"open","sticky":false,"template":"","format":"standard","meta":{"footnotes":""},"categories":[19],"tags":[],"class_list":{"0":"post-2643","1":"post","2":"type-post","3":"status-publish","4":"format-standard","5":"has-post-thumbnail","7":"category-actualidad"},"_links":{"self":[{"href":"https:\/\/raicesandaluzas.com\/revista\/wp-json\/wp\/v2\/posts\/2643","targetHints":{"allow":["GET"]}}],"collection":[{"href":"https:\/\/raicesandaluzas.com\/revista\/wp-json\/wp\/v2\/posts"}],"about":[{"href":"https:\/\/raicesandaluzas.com\/revista\/wp-json\/wp\/v2\/types\/post"}],"author":[{"embeddable":true,"href":"https:\/\/raicesandaluzas.com\/revista\/wp-json\/wp\/v2\/users\/1"}],"replies":[{"embeddable":true,"href":"https:\/\/raicesandaluzas.com\/revista\/wp-json\/wp\/v2\/comments?post=2643"}],"version-history":[{"count":2,"href":"https:\/\/raicesandaluzas.com\/revista\/wp-json\/wp\/v2\/posts\/2643\/revisions"}],"predecessor-version":[{"id":2649,"href":"https:\/\/raicesandaluzas.com\/revista\/wp-json\/wp\/v2\/posts\/2643\/revisions\/2649"}],"wp:featuredmedia":[{"embeddable":true,"href":"https:\/\/raicesandaluzas.com\/revista\/wp-json\/wp\/v2\/media\/2644"}],"wp:attachment":[{"href":"https:\/\/raicesandaluzas.com\/revista\/wp-json\/wp\/v2\/media?parent=2643"}],"wp:term":[{"taxonomy":"category","embeddable":true,"href":"https:\/\/raicesandaluzas.com\/revista\/wp-json\/wp\/v2\/categories?post=2643"},{"taxonomy":"post_tag","embeddable":true,"href":"https:\/\/raicesandaluzas.com\/revista\/wp-json\/wp\/v2\/tags?post=2643"}],"curies":[{"name":"wp","href":"https:\/\/api.w.org\/{rel}","templated":true}]}}