{"id":2615,"date":"2025-11-09T11:59:36","date_gmt":"2025-11-09T11:59:36","guid":{"rendered":"https:\/\/raicesandaluzas.com\/revista\/?p=2615"},"modified":"2025-11-10T12:05:57","modified_gmt":"2025-11-10T12:05:57","slug":"la-casa-de-andalucia-en-barcelona-homenajea-al-comunicador-carlos-herrera-como-andaluz-del-ano-2025","status":"publish","type":"post","link":"https:\/\/raicesandaluzas.com\/revista\/2025\/11\/09\/la-casa-de-andalucia-en-barcelona-homenajea-al-comunicador-carlos-herrera-como-andaluz-del-ano-2025\/","title":{"rendered":"La Casa de Andaluc\u00eda en Barcelona homenajea al comunicador Carlos Herrera como Andaluz del A\u00f1o 2025"},"content":{"rendered":"\n<p>El periodista, locutor y comunicador andaluz Carlos Herrera recibi\u00f3 este s\u00e1bado el homenaje de la Casa de Andaluc\u00eda en Barcelona como Andaluz del A\u00f1o. El evento congreg\u00f3 a unas 300 personas, entre las que pudieron encontrarse destacadas figuras del mundo de la comunicaci\u00f3n, el asociacionismo, sociedad civil y pol\u00edtica. En su discurso, mitad castellano y mitad catal\u00e1n, Carlos Herrera record\u00f3 sus a\u00f1os vividos en la Ciudad Condal y su amor por Andaluc\u00eda y su gente. \u201cEn\u00a0mi coraz\u00f3n, Catalu\u00f1a y Andaluc\u00eda combinan a la perfecci\u00f3n, son complementarias. Yo necesito de ambas para vivir\u2026 Somos lo que fuimos. Nuestra sangre se cocin\u00f3 durante siglos y felizmente se mezcl\u00f3\u201d, coment\u00f3 en su discurso.<\/p>\n\n\n\n<p> <\/p>\n\n\n\n<figure class=\"wp-block-gallery has-nested-images columns-default is-cropped td-modal-on-gallery wp-block-gallery-1 is-layout-flex wp-block-gallery-is-layout-flex\">\n<figure class=\"wp-block-image size-large\"><img loading=\"lazy\" decoding=\"async\" width=\"1024\" height=\"712\" data-id=\"2616\" src=\"https:\/\/raicesandaluzas.com\/revista\/wp-content\/uploads\/2025\/11\/1-carlos-solo-1024x712.jpg\" alt=\"\" class=\"wp-image-2616\" srcset=\"https:\/\/raicesandaluzas.com\/revista\/wp-content\/uploads\/2025\/11\/1-carlos-solo-1024x712.jpg 1024w, https:\/\/raicesandaluzas.com\/revista\/wp-content\/uploads\/2025\/11\/1-carlos-solo-300x209.jpg 300w, https:\/\/raicesandaluzas.com\/revista\/wp-content\/uploads\/2025\/11\/1-carlos-solo-768x534.jpg 768w, https:\/\/raicesandaluzas.com\/revista\/wp-content\/uploads\/2025\/11\/1-carlos-solo-604x420.jpg 604w, https:\/\/raicesandaluzas.com\/revista\/wp-content\/uploads\/2025\/11\/1-carlos-solo-696x484.jpg 696w, https:\/\/raicesandaluzas.com\/revista\/wp-content\/uploads\/2025\/11\/1-carlos-solo-1068x742.jpg 1068w, https:\/\/raicesandaluzas.com\/revista\/wp-content\/uploads\/2025\/11\/1-carlos-solo.jpg 1200w\" sizes=\"auto, (max-width: 1024px) 100vw, 1024px\" \/><\/figure>\n\n\n\n<figure class=\"wp-block-image size-large\"><img loading=\"lazy\" decoding=\"async\" width=\"1024\" height=\"586\" data-id=\"2618\" src=\"https:\/\/raicesandaluzas.com\/revista\/wp-content\/uploads\/2025\/11\/e82b180-a714-4edb-9b2d-67ede9023739-1024x586.jpg\" alt=\"\" class=\"wp-image-2618\" srcset=\"https:\/\/raicesandaluzas.com\/revista\/wp-content\/uploads\/2025\/11\/e82b180-a714-4edb-9b2d-67ede9023739-1024x586.jpg 1024w, https:\/\/raicesandaluzas.com\/revista\/wp-content\/uploads\/2025\/11\/e82b180-a714-4edb-9b2d-67ede9023739-300x172.jpg 300w, https:\/\/raicesandaluzas.com\/revista\/wp-content\/uploads\/2025\/11\/e82b180-a714-4edb-9b2d-67ede9023739-768x440.jpg 768w, https:\/\/raicesandaluzas.com\/revista\/wp-content\/uploads\/2025\/11\/e82b180-a714-4edb-9b2d-67ede9023739-734x420.jpg 734w, https:\/\/raicesandaluzas.com\/revista\/wp-content\/uploads\/2025\/11\/e82b180-a714-4edb-9b2d-67ede9023739-696x398.jpg 696w, https:\/\/raicesandaluzas.com\/revista\/wp-content\/uploads\/2025\/11\/e82b180-a714-4edb-9b2d-67ede9023739-1068x611.jpg 1068w, https:\/\/raicesandaluzas.com\/revista\/wp-content\/uploads\/2025\/11\/e82b180-a714-4edb-9b2d-67ede9023739.jpg 1200w\" sizes=\"auto, (max-width: 1024px) 100vw, 1024px\" \/><\/figure>\n\n\n\n<figure class=\"wp-block-image size-large\"><img loading=\"lazy\" decoding=\"async\" width=\"1024\" height=\"768\" data-id=\"2619\" src=\"https:\/\/raicesandaluzas.com\/revista\/wp-content\/uploads\/2025\/11\/IMG-20251109-WA0034-1024x768.jpg\" alt=\"\" class=\"wp-image-2619\" srcset=\"https:\/\/raicesandaluzas.com\/revista\/wp-content\/uploads\/2025\/11\/IMG-20251109-WA0034-1024x768.jpg 1024w, https:\/\/raicesandaluzas.com\/revista\/wp-content\/uploads\/2025\/11\/IMG-20251109-WA0034-300x225.jpg 300w, https:\/\/raicesandaluzas.com\/revista\/wp-content\/uploads\/2025\/11\/IMG-20251109-WA0034-768x576.jpg 768w, https:\/\/raicesandaluzas.com\/revista\/wp-content\/uploads\/2025\/11\/IMG-20251109-WA0034-560x420.jpg 560w, https:\/\/raicesandaluzas.com\/revista\/wp-content\/uploads\/2025\/11\/IMG-20251109-WA0034-80x60.jpg 80w, https:\/\/raicesandaluzas.com\/revista\/wp-content\/uploads\/2025\/11\/IMG-20251109-WA0034-696x522.jpg 696w, https:\/\/raicesandaluzas.com\/revista\/wp-content\/uploads\/2025\/11\/IMG-20251109-WA0034-1068x801.jpg 1068w, https:\/\/raicesandaluzas.com\/revista\/wp-content\/uploads\/2025\/11\/IMG-20251109-WA0034.jpg 1200w\" sizes=\"auto, (max-width: 1024px) 100vw, 1024px\" \/><\/figure>\n\n\n\n<figure class=\"wp-block-image size-large\"><img loading=\"lazy\" decoding=\"async\" width=\"1024\" height=\"768\" data-id=\"2620\" src=\"https:\/\/raicesandaluzas.com\/revista\/wp-content\/uploads\/2025\/11\/IMG-20251109-WA0102-1024x768.jpg\" alt=\"\" class=\"wp-image-2620\" srcset=\"https:\/\/raicesandaluzas.com\/revista\/wp-content\/uploads\/2025\/11\/IMG-20251109-WA0102-1024x768.jpg 1024w, https:\/\/raicesandaluzas.com\/revista\/wp-content\/uploads\/2025\/11\/IMG-20251109-WA0102-300x225.jpg 300w, https:\/\/raicesandaluzas.com\/revista\/wp-content\/uploads\/2025\/11\/IMG-20251109-WA0102-768x576.jpg 768w, https:\/\/raicesandaluzas.com\/revista\/wp-content\/uploads\/2025\/11\/IMG-20251109-WA0102-560x420.jpg 560w, https:\/\/raicesandaluzas.com\/revista\/wp-content\/uploads\/2025\/11\/IMG-20251109-WA0102-80x60.jpg 80w, https:\/\/raicesandaluzas.com\/revista\/wp-content\/uploads\/2025\/11\/IMG-20251109-WA0102-696x522.jpg 696w, https:\/\/raicesandaluzas.com\/revista\/wp-content\/uploads\/2025\/11\/IMG-20251109-WA0102-1068x801.jpg 1068w, https:\/\/raicesandaluzas.com\/revista\/wp-content\/uploads\/2025\/11\/IMG-20251109-WA0102.jpg 1200w\" sizes=\"auto, (max-width: 1024px) 100vw, 1024px\" \/><\/figure>\n\n\n\n<figure class=\"wp-block-image size-large\"><img loading=\"lazy\" decoding=\"async\" width=\"1024\" height=\"679\" data-id=\"2621\" src=\"https:\/\/raicesandaluzas.com\/revista\/wp-content\/uploads\/2025\/11\/IMG-20251109-WA0192-1024x679.jpg\" alt=\"\" class=\"wp-image-2621\" srcset=\"https:\/\/raicesandaluzas.com\/revista\/wp-content\/uploads\/2025\/11\/IMG-20251109-WA0192-1024x679.jpg 1024w, https:\/\/raicesandaluzas.com\/revista\/wp-content\/uploads\/2025\/11\/IMG-20251109-WA0192-300x199.jpg 300w, https:\/\/raicesandaluzas.com\/revista\/wp-content\/uploads\/2025\/11\/IMG-20251109-WA0192-768x509.jpg 768w, https:\/\/raicesandaluzas.com\/revista\/wp-content\/uploads\/2025\/11\/IMG-20251109-WA0192-633x420.jpg 633w, https:\/\/raicesandaluzas.com\/revista\/wp-content\/uploads\/2025\/11\/IMG-20251109-WA0192-696x462.jpg 696w, https:\/\/raicesandaluzas.com\/revista\/wp-content\/uploads\/2025\/11\/IMG-20251109-WA0192-1068x708.jpg 1068w, https:\/\/raicesandaluzas.com\/revista\/wp-content\/uploads\/2025\/11\/IMG-20251109-WA0192.jpg 1200w\" sizes=\"auto, (max-width: 1024px) 100vw, 1024px\" \/><\/figure>\n<\/figure>\n","protected":false},"excerpt":{"rendered":"<p>El periodista, locutor y comunicador andaluz Carlos Herrera recibi\u00f3 este s\u00e1bado el homenaje de la Casa de Andaluc\u00eda en Barcelona como Andaluz del A\u00f1o. El evento congreg\u00f3 a unas 300 personas, entre las que pudieron encontrarse destacadas figuras del mundo de la comunicaci\u00f3n, el asociacionismo, sociedad civil y pol\u00edtica. En su discurso, mitad castellano y [&hellip;]<\/p>\n","protected":false},"author":1,"featured_media":2617,"comment_status":"closed","ping_status":"open","sticky":false,"template":"","format":"standard","meta":{"footnotes":""},"categories":[19],"tags":[],"class_list":{"0":"post-2615","1":"post","2":"type-post","3":"status-publish","4":"format-standard","5":"has-post-thumbnail","7":"category-actualidad"},"_links":{"self":[{"href":"https:\/\/raicesandaluzas.com\/revista\/wp-json\/wp\/v2\/posts\/2615","targetHints":{"allow":["GET"]}}],"collection":[{"href":"https:\/\/raicesandaluzas.com\/revista\/wp-json\/wp\/v2\/posts"}],"about":[{"href":"https:\/\/raicesandaluzas.com\/revista\/wp-json\/wp\/v2\/types\/post"}],"author":[{"embeddable":true,"href":"https:\/\/raicesandaluzas.com\/revista\/wp-json\/wp\/v2\/users\/1"}],"replies":[{"embeddable":true,"href":"https:\/\/raicesandaluzas.com\/revista\/wp-json\/wp\/v2\/comments?post=2615"}],"version-history":[{"count":1,"href":"https:\/\/raicesandaluzas.com\/revista\/wp-json\/wp\/v2\/posts\/2615\/revisions"}],"predecessor-version":[{"id":2622,"href":"https:\/\/raicesandaluzas.com\/revista\/wp-json\/wp\/v2\/posts\/2615\/revisions\/2622"}],"wp:featuredmedia":[{"embeddable":true,"href":"https:\/\/raicesandaluzas.com\/revista\/wp-json\/wp\/v2\/media\/2617"}],"wp:attachment":[{"href":"https:\/\/raicesandaluzas.com\/revista\/wp-json\/wp\/v2\/media?parent=2615"}],"wp:term":[{"taxonomy":"category","embeddable":true,"href":"https:\/\/raicesandaluzas.com\/revista\/wp-json\/wp\/v2\/categories?post=2615"},{"taxonomy":"post_tag","embeddable":true,"href":"https:\/\/raicesandaluzas.com\/revista\/wp-json\/wp\/v2\/tags?post=2615"}],"curies":[{"name":"wp","href":"https:\/\/api.w.org\/{rel}","templated":true}]}}