{"id":2602,"date":"2025-10-31T11:43:42","date_gmt":"2025-10-31T11:43:42","guid":{"rendered":"https:\/\/raicesandaluzas.com\/revista\/?p=2602"},"modified":"2025-10-31T11:43:42","modified_gmt":"2025-10-31T11:43:42","slug":"la-casa-de-sevilla-de-sant-boi-inicia-la-celebracion-de-su-40o-aniversariocon-una-emotiva-gala-inaugural","status":"publish","type":"post","link":"https:\/\/raicesandaluzas.com\/revista\/2025\/10\/31\/la-casa-de-sevilla-de-sant-boi-inicia-la-celebracion-de-su-40o-aniversariocon-una-emotiva-gala-inaugural\/","title":{"rendered":"La Casa de Sevilla de Sant Boi inicia la celebraci\u00f3n de su 40\u00ba aniversariocon una emotiva gala inaugural"},"content":{"rendered":"\n<p>La Casa de Sevilla de Sant Boi ha dado el pistoletazo de salida a los actos conmemorativos de su 40\u00ba aniversario con una emotiva gala inaugural celebrada en el emblem\u00e1tico espacio de Can Torrents, un marco \u00fanico para comenzar un a\u00f1o que estar\u00e1 lleno de actividades culturales, encuentros y celebraciones especiales.<br>Durante el acto, se present\u00f3 el cartel oficial del 40\u00ba aniversario, una obra original de la artista Marta Guijarro, que plasma con gran sensibilidad la esencia y el esp\u00edritu de la entidad. La pieza refleja el profundo v\u00ednculo entre las ra\u00edces andaluzas y la ciudad de Sant Boi, una conexi\u00f3n que ha definido la trayectoria de la Casa de Sevilla desde su fundaci\u00f3n.<br>La velada sirvi\u00f3 tambi\u00e9n para rendir homenaje a dos figuras muy queridas en la historia de la entidad: Pedro Morilla y Mar\u00eda Jos\u00e9 Jord\u00e1n, quienes recibieron un reconocimiento especial por su dedicaci\u00f3n y compromiso durante sus etapas como presidentes. Su trabajo, junto al de tantos socios y colaboradores a lo largo de estas cuatro d\u00e9cadas, ha permitido que la Casa de Sevilla siga siendo hoy un referente cultural y social en la ciudad.<br>El acto cont\u00f3 con la asistencia de numerosos socios, representantes de entidades locales, autoridades municipales y colaboradores, que quisieron acompa\u00f1ar a la Casa en este inicio tan simb\u00f3lico y cargado de emoci\u00f3n.<br>Con esta inauguraci\u00f3n, la Casa de Sevilla de Sant Boi abre un a\u00f1o de celebraci\u00f3n que estar\u00e1 marcado por actividades culturales, musicales y sociales, destinadas a conmemorar cuarenta a\u00f1os de historia, convivencia y amor por Andaluc\u00eda.<br>La programaci\u00f3n en el web www.casadesevillasantboi.com.<\/p>\n\n\n\n<figure class=\"wp-block-gallery has-nested-images columns-default is-cropped td-modal-on-gallery wp-block-gallery-1 is-layout-flex wp-block-gallery-is-layout-flex\">\n<figure class=\"wp-block-image size-large\"><img loading=\"lazy\" decoding=\"async\" width=\"736\" height=\"1024\" data-id=\"2603\" src=\"https:\/\/raicesandaluzas.com\/revista\/wp-content\/uploads\/2025\/10\/galasantboi40_04-736x1024.jpg\" alt=\"\" class=\"wp-image-2603\" srcset=\"https:\/\/raicesandaluzas.com\/revista\/wp-content\/uploads\/2025\/10\/galasantboi40_04-736x1024.jpg 736w, https:\/\/raicesandaluzas.com\/revista\/wp-content\/uploads\/2025\/10\/galasantboi40_04-216x300.jpg 216w, https:\/\/raicesandaluzas.com\/revista\/wp-content\/uploads\/2025\/10\/galasantboi40_04-768x1069.jpg 768w, https:\/\/raicesandaluzas.com\/revista\/wp-content\/uploads\/2025\/10\/galasantboi40_04-302x420.jpg 302w, https:\/\/raicesandaluzas.com\/revista\/wp-content\/uploads\/2025\/10\/galasantboi40_04-696x969.jpg 696w, https:\/\/raicesandaluzas.com\/revista\/wp-content\/uploads\/2025\/10\/galasantboi40_04.jpg 862w\" sizes=\"auto, (max-width: 736px) 100vw, 736px\" \/><\/figure>\n\n\n\n<figure class=\"wp-block-image size-large\"><img loading=\"lazy\" decoding=\"async\" width=\"1024\" height=\"1024\" data-id=\"2605\" src=\"https:\/\/raicesandaluzas.com\/revista\/wp-content\/uploads\/2025\/10\/galasantboi40_03-1024x1024.jpg\" alt=\"\" class=\"wp-image-2605\" srcset=\"https:\/\/raicesandaluzas.com\/revista\/wp-content\/uploads\/2025\/10\/galasantboi40_03-1024x1024.jpg 1024w, https:\/\/raicesandaluzas.com\/revista\/wp-content\/uploads\/2025\/10\/galasantboi40_03-300x300.jpg 300w, https:\/\/raicesandaluzas.com\/revista\/wp-content\/uploads\/2025\/10\/galasantboi40_03-150x150.jpg 150w, https:\/\/raicesandaluzas.com\/revista\/wp-content\/uploads\/2025\/10\/galasantboi40_03-768x768.jpg 768w, https:\/\/raicesandaluzas.com\/revista\/wp-content\/uploads\/2025\/10\/galasantboi40_03-420x420.jpg 420w, https:\/\/raicesandaluzas.com\/revista\/wp-content\/uploads\/2025\/10\/galasantboi40_03-696x696.jpg 696w, https:\/\/raicesandaluzas.com\/revista\/wp-content\/uploads\/2025\/10\/galasantboi40_03-1068x1068.jpg 1068w, https:\/\/raicesandaluzas.com\/revista\/wp-content\/uploads\/2025\/10\/galasantboi40_03.jpg 1200w\" sizes=\"auto, (max-width: 1024px) 100vw, 1024px\" \/><\/figure>\n\n\n\n<figure class=\"wp-block-image size-large\"><img loading=\"lazy\" decoding=\"async\" width=\"1024\" height=\"1024\" data-id=\"2604\" src=\"https:\/\/raicesandaluzas.com\/revista\/wp-content\/uploads\/2025\/10\/galasantboi40_02-1024x1024.jpg\" alt=\"\" class=\"wp-image-2604\" srcset=\"https:\/\/raicesandaluzas.com\/revista\/wp-content\/uploads\/2025\/10\/galasantboi40_02-1024x1024.jpg 1024w, https:\/\/raicesandaluzas.com\/revista\/wp-content\/uploads\/2025\/10\/galasantboi40_02-300x300.jpg 300w, https:\/\/raicesandaluzas.com\/revista\/wp-content\/uploads\/2025\/10\/galasantboi40_02-150x150.jpg 150w, https:\/\/raicesandaluzas.com\/revista\/wp-content\/uploads\/2025\/10\/galasantboi40_02-768x768.jpg 768w, https:\/\/raicesandaluzas.com\/revista\/wp-content\/uploads\/2025\/10\/galasantboi40_02-420x420.jpg 420w, https:\/\/raicesandaluzas.com\/revista\/wp-content\/uploads\/2025\/10\/galasantboi40_02-696x696.jpg 696w, https:\/\/raicesandaluzas.com\/revista\/wp-content\/uploads\/2025\/10\/galasantboi40_02-1068x1068.jpg 1068w, https:\/\/raicesandaluzas.com\/revista\/wp-content\/uploads\/2025\/10\/galasantboi40_02.jpg 1200w\" sizes=\"auto, (max-width: 1024px) 100vw, 1024px\" \/><\/figure>\n<\/figure>\n","protected":false},"excerpt":{"rendered":"<p>La Casa de Sevilla de Sant Boi ha dado el pistoletazo de salida a los actos conmemorativos de su 40\u00ba aniversario con una emotiva gala inaugural celebrada en el emblem\u00e1tico espacio de Can Torrents, un marco \u00fanico para comenzar un a\u00f1o que estar\u00e1 lleno de actividades culturales, encuentros y celebraciones especiales.Durante el acto, se present\u00f3 [&hellip;]<\/p>\n","protected":false},"author":2,"featured_media":2606,"comment_status":"closed","ping_status":"open","sticky":false,"template":"","format":"standard","meta":{"footnotes":""},"categories":[19],"tags":[],"class_list":{"0":"post-2602","1":"post","2":"type-post","3":"status-publish","4":"format-standard","5":"has-post-thumbnail","7":"category-actualidad"},"_links":{"self":[{"href":"https:\/\/raicesandaluzas.com\/revista\/wp-json\/wp\/v2\/posts\/2602","targetHints":{"allow":["GET"]}}],"collection":[{"href":"https:\/\/raicesandaluzas.com\/revista\/wp-json\/wp\/v2\/posts"}],"about":[{"href":"https:\/\/raicesandaluzas.com\/revista\/wp-json\/wp\/v2\/types\/post"}],"author":[{"embeddable":true,"href":"https:\/\/raicesandaluzas.com\/revista\/wp-json\/wp\/v2\/users\/2"}],"replies":[{"embeddable":true,"href":"https:\/\/raicesandaluzas.com\/revista\/wp-json\/wp\/v2\/comments?post=2602"}],"version-history":[{"count":1,"href":"https:\/\/raicesandaluzas.com\/revista\/wp-json\/wp\/v2\/posts\/2602\/revisions"}],"predecessor-version":[{"id":2607,"href":"https:\/\/raicesandaluzas.com\/revista\/wp-json\/wp\/v2\/posts\/2602\/revisions\/2607"}],"wp:featuredmedia":[{"embeddable":true,"href":"https:\/\/raicesandaluzas.com\/revista\/wp-json\/wp\/v2\/media\/2606"}],"wp:attachment":[{"href":"https:\/\/raicesandaluzas.com\/revista\/wp-json\/wp\/v2\/media?parent=2602"}],"wp:term":[{"taxonomy":"category","embeddable":true,"href":"https:\/\/raicesandaluzas.com\/revista\/wp-json\/wp\/v2\/categories?post=2602"},{"taxonomy":"post_tag","embeddable":true,"href":"https:\/\/raicesandaluzas.com\/revista\/wp-json\/wp\/v2\/tags?post=2602"}],"curies":[{"name":"wp","href":"https:\/\/api.w.org\/{rel}","templated":true}]}}