{"id":2599,"date":"2025-10-27T09:41:08","date_gmt":"2025-10-27T09:41:08","guid":{"rendered":"https:\/\/raicesandaluzas.com\/revista\/?p=2599"},"modified":"2025-10-27T09:41:09","modified_gmt":"2025-10-27T09:41:09","slug":"tres-cantaores-de-andalucia-optan-al-xxv-yunque-flamenco-de-plata-que-se-entregara-el-14-de-noviembre","status":"publish","type":"post","link":"https:\/\/raicesandaluzas.com\/revista\/2025\/10\/27\/tres-cantaores-de-andalucia-optan-al-xxv-yunque-flamenco-de-plata-que-se-entregara-el-14-de-noviembre\/","title":{"rendered":"Tres \u2018cantaores\u2019 de Andaluc\u00eda optan al XXV Yunque Flamenco de plata que se entregar\u00e1 el 14 de noviembre"},"content":{"rendered":"\n<p>Tres \u2018cantaores\u2019 \u2013 Pedro Garrido, de Jerez; Manuel G\u00f3mez \u2018el Ecijano\u2019 de Sevilla, y Bernardo Miranda, de C\u00f3rdoba &#8211; concurrir\u00e1n en la gala de entrega de premios del XXV Concurso Internacional de Cante Jondo Yunque Flamenco, organizado por la Federaci\u00f3n de Entidades Culturales Andaluzas en Catalunya (FECAC), que tendr\u00e1 lugar el viernes 14 de noviembre, a las 20 horas, en el Teatre Sagarra de Santa Coloma de Gramenet.<\/p>\n\n\n\n<p>Los tres seleccionados para obtener el m\u00e1ximo galard\u00f3n han sido los mejor puntuados en las tres fases preliminares celebradas en septiembre y octubre en diversas localidades y a las que han concurrido m\u00e1s de un centenar de artistas de toda Espa\u00f1a y del extranjero.<\/p>\n\n\n\n<p>El primer clasificado obtendr\u00e1 el Yunque de Plata, 4.500 euros en met\u00e1lico y un diploma. El segundo y tercero recibir\u00e1n 2.500 y 1.200 euros, respectivamente, adem\u00e1s del correspondiente diploma. Aparte, hay dos acc\u00e9sits para Ana Lorenzo, ganadora de la categor\u00eda de menores de 25 a\u00f1os, y Ana Brenes, mejor clasificada residente en Catalu\u00f1a. Estos dos premios est\u00e1n dotados con 500 euros donados por la Tertulia Flamenca de Badalona.<\/p>\n\n\n\n<p>En esta edici\u00f3n se rinde homenaje asimismo al maestro Paco Cepero, a quien se le entregar\u00e1 el \u201cYunque honorifico\u201d. Con ello, la FECAC rinde tributo a la trayectoria y la aportaci\u00f3n al arte jondo de una de las figuras m\u00e1s reconocidas de la guitarra flamenca. &nbsp;<\/p>\n\n\n\n<p>Como cierre de la velada, el p\u00fablico podr\u00e1 disfrutar del arte inconfundible de El Capullo de Jerez, que ofrecer\u00e1 un concierto acompa\u00f1ado por Ram\u00f3n Trujillo (guitarra), El Tripa (percusi\u00f3n) y Jos\u00e9 Rubichi y Miguel Flores (palmas), en una actuaci\u00f3n que promete emoci\u00f3n, comp\u00e1s y pureza flamenca.<\/p>\n\n\n\n<p>Las entradas, a un precio de 20 euros, ya est\u00e1n disponibles en: <a href=\"https:\/\/fecac.koobin.com\/\">https:\/\/fecac.koobin.com\/<\/a><\/p>\n\n\n\n<p>El Concurso Internacional de Cante Jondo Yunque Flamenco, que cumple veinticinco ediciones, tiene como objetivo fomentar la carrera profesional del flamenco y premiar la labor art\u00edstica, promover la creatividad, reconocer, conservar y difundir este arte universal.<\/p>\n\n\n\n<p>En marzo pasado se present\u00f3 el libro que conmemora las bodas de plata y medio siglo de existencia de este certamen, obra de Jos\u00e9 Mayo Guti\u00e9rrez, una de las m\u00e1ximas autoridades en el estudio del flamenco.<\/p>\n","protected":false},"excerpt":{"rendered":"<p>Tres \u2018cantaores\u2019 \u2013 Pedro Garrido, de Jerez; Manuel G\u00f3mez \u2018el Ecijano\u2019 de Sevilla, y Bernardo Miranda, de C\u00f3rdoba &#8211; concurrir\u00e1n en la gala de entrega de premios del XXV Concurso Internacional de Cante Jondo Yunque Flamenco, organizado por la Federaci\u00f3n de Entidades Culturales Andaluzas en Catalunya (FECAC), que tendr\u00e1 lugar el viernes 14 de noviembre, [&hellip;]<\/p>\n","protected":false},"author":2,"featured_media":2600,"comment_status":"closed","ping_status":"open","sticky":false,"template":"","format":"standard","meta":{"footnotes":""},"categories":[19,22],"tags":[],"class_list":{"0":"post-2599","1":"post","2":"type-post","3":"status-publish","4":"format-standard","5":"has-post-thumbnail","7":"category-actualidad","8":"category-flamenco"},"_links":{"self":[{"href":"https:\/\/raicesandaluzas.com\/revista\/wp-json\/wp\/v2\/posts\/2599","targetHints":{"allow":["GET"]}}],"collection":[{"href":"https:\/\/raicesandaluzas.com\/revista\/wp-json\/wp\/v2\/posts"}],"about":[{"href":"https:\/\/raicesandaluzas.com\/revista\/wp-json\/wp\/v2\/types\/post"}],"author":[{"embeddable":true,"href":"https:\/\/raicesandaluzas.com\/revista\/wp-json\/wp\/v2\/users\/2"}],"replies":[{"embeddable":true,"href":"https:\/\/raicesandaluzas.com\/revista\/wp-json\/wp\/v2\/comments?post=2599"}],"version-history":[{"count":1,"href":"https:\/\/raicesandaluzas.com\/revista\/wp-json\/wp\/v2\/posts\/2599\/revisions"}],"predecessor-version":[{"id":2601,"href":"https:\/\/raicesandaluzas.com\/revista\/wp-json\/wp\/v2\/posts\/2599\/revisions\/2601"}],"wp:featuredmedia":[{"embeddable":true,"href":"https:\/\/raicesandaluzas.com\/revista\/wp-json\/wp\/v2\/media\/2600"}],"wp:attachment":[{"href":"https:\/\/raicesandaluzas.com\/revista\/wp-json\/wp\/v2\/media?parent=2599"}],"wp:term":[{"taxonomy":"category","embeddable":true,"href":"https:\/\/raicesandaluzas.com\/revista\/wp-json\/wp\/v2\/categories?post=2599"},{"taxonomy":"post_tag","embeddable":true,"href":"https:\/\/raicesandaluzas.com\/revista\/wp-json\/wp\/v2\/tags?post=2599"}],"curies":[{"name":"wp","href":"https:\/\/api.w.org\/{rel}","templated":true}]}}