{"id":2591,"date":"2025-10-17T11:07:11","date_gmt":"2025-10-17T11:07:11","guid":{"rendered":"https:\/\/raicesandaluzas.com\/revista\/?p=2591"},"modified":"2025-10-17T11:08:34","modified_gmt":"2025-10-17T11:08:34","slug":"la-casa-de-andalucia-en-barcelona-y-linares-hermanados","status":"publish","type":"post","link":"https:\/\/raicesandaluzas.com\/revista\/2025\/10\/17\/la-casa-de-andalucia-en-barcelona-y-linares-hermanados\/","title":{"rendered":"La Casa de Andaluc\u00eda en Barcelona y el Ayuntamiento de Linares, hermanados"},"content":{"rendered":"\n<p>La Casa de Andaluc\u00eda en Barcelona solicit\u00f3 formalmente el pasado mes de marzo el hermanamiento con el municipio jiennense de Linares, que se encuentra inmerso en la celebraci\u00f3n del 150 aniversario de la firma del rey Alfonso XII del Real Decreto por el que conced\u00eda a Linares el t\u00edtulo de ciudad. En el pasado pleno ordinario de octubre, se aprob\u00f3 el dictamen de la comisi\u00f3n informativa de cultura sobre el hermanamiento entre el Ayuntamiento de Linares y la Casa de Andaluc\u00eda en Barcelona, como \u00abreconocimiento a la gran labor que dicha entidad realiza en Catalu\u00f1a en cuanto a la difusi\u00f3n cultural vinculada con Andaluc\u00eda y muy especialmente con nuestra ciudad\u00bb.<\/p>\n\n\n\n<p>La presidenta de la Casa de Andaluc\u00eda en Barcelona, Paquita Mar\u00edn, reconoc\u00eda que \u00abhan pasado unos meses de espera con nervios hasta que por fin y tras pasar por los&nbsp;distintos tramites oficiales, nos han comunicado que nos han concedido el privilegio de llevar a cabo este tan deseado hermanamiento.&nbsp;Un gesto que une nuestras ra\u00edces, fuerza los lazos culturales y celebra la historia compartida entre nuestra Entidad y Linares\u00bb. Mar\u00edn agradece especialmente a la corporaci\u00f3n municipal de Linares, y en particular a la alcaldesa, Auxi del Olmo, y a la concejala de Cultura, Susana Ferrer.&nbsp;<\/p>\n\n\n\n<p>En los pr\u00f3ximos d\u00edas se har\u00e1 p\u00fablica la fecha en la que se firmar\u00e1 oficialmente el hermanamiento.<\/p>\n\n\n\n<div><a href=\"https:\/\/raicesandaluzas.com\/revista\/wp-content\/uploads\/2025\/10\/okok-1024x660.jpg\" class=\"td-modal-image\"><figure class=\"wp-block-image size-large\"><img loading=\"lazy\" decoding=\"async\" width=\"1024\" height=\"660\" src=\"https:\/\/raicesandaluzas.com\/revista\/wp-content\/uploads\/2025\/10\/okok-1024x660.jpg\" alt=\"\" class=\"wp-image-2592\" srcset=\"https:\/\/raicesandaluzas.com\/revista\/wp-content\/uploads\/2025\/10\/okok-1024x660.jpg 1024w, https:\/\/raicesandaluzas.com\/revista\/wp-content\/uploads\/2025\/10\/okok-300x193.jpg 300w, https:\/\/raicesandaluzas.com\/revista\/wp-content\/uploads\/2025\/10\/okok-768x495.jpg 768w, https:\/\/raicesandaluzas.com\/revista\/wp-content\/uploads\/2025\/10\/okok-1536x990.jpg 1536w, https:\/\/raicesandaluzas.com\/revista\/wp-content\/uploads\/2025\/10\/okok-652x420.jpg 652w, https:\/\/raicesandaluzas.com\/revista\/wp-content\/uploads\/2025\/10\/okok-696x449.jpg 696w, https:\/\/raicesandaluzas.com\/revista\/wp-content\/uploads\/2025\/10\/okok-1068x688.jpg 1068w, https:\/\/raicesandaluzas.com\/revista\/wp-content\/uploads\/2025\/10\/okok-1920x1238.jpg 1920w, https:\/\/raicesandaluzas.com\/revista\/wp-content\/uploads\/2025\/10\/okok.jpg 2048w\" sizes=\"auto, (max-width: 1024px) 100vw, 1024px\" \/><\/figure><\/a><\/div>\n\n\n\n<div><a href=\"https:\/\/raicesandaluzas.com\/revista\/wp-content\/uploads\/2025\/10\/hermanamientoLinarespeticion-724x1024.jpg\" class=\"td-modal-image\"><figure class=\"wp-block-image size-large\"><img loading=\"lazy\" decoding=\"async\" width=\"724\" height=\"1024\" src=\"https:\/\/raicesandaluzas.com\/revista\/wp-content\/uploads\/2025\/10\/hermanamientoLinarespeticion-724x1024.jpg\" alt=\"\" class=\"wp-image-2593\" srcset=\"https:\/\/raicesandaluzas.com\/revista\/wp-content\/uploads\/2025\/10\/hermanamientoLinarespeticion-724x1024.jpg 724w, https:\/\/raicesandaluzas.com\/revista\/wp-content\/uploads\/2025\/10\/hermanamientoLinarespeticion-212x300.jpg 212w, https:\/\/raicesandaluzas.com\/revista\/wp-content\/uploads\/2025\/10\/hermanamientoLinarespeticion-768x1086.jpg 768w, https:\/\/raicesandaluzas.com\/revista\/wp-content\/uploads\/2025\/10\/hermanamientoLinarespeticion-297x420.jpg 297w, https:\/\/raicesandaluzas.com\/revista\/wp-content\/uploads\/2025\/10\/hermanamientoLinarespeticion-696x984.jpg 696w, https:\/\/raicesandaluzas.com\/revista\/wp-content\/uploads\/2025\/10\/hermanamientoLinarespeticion.jpg 849w\" sizes=\"auto, (max-width: 724px) 100vw, 724px\" \/><\/figure><\/a><\/div>\n","protected":false},"excerpt":{"rendered":"<p>La Casa de Andaluc\u00eda en Barcelona solicit\u00f3 formalmente el pasado mes de marzo el hermanamiento con el municipio jiennense de Linares, que se encuentra inmerso en la celebraci\u00f3n del 150 aniversario de la firma del rey Alfonso XII del Real Decreto por el que conced\u00eda a Linares el t\u00edtulo de ciudad. En el pasado pleno [&hellip;]<\/p>\n","protected":false},"author":1,"featured_media":2596,"comment_status":"closed","ping_status":"open","sticky":false,"template":"","format":"standard","meta":{"footnotes":""},"categories":[19],"tags":[],"class_list":{"0":"post-2591","1":"post","2":"type-post","3":"status-publish","4":"format-standard","5":"has-post-thumbnail","7":"category-actualidad"},"_links":{"self":[{"href":"https:\/\/raicesandaluzas.com\/revista\/wp-json\/wp\/v2\/posts\/2591","targetHints":{"allow":["GET"]}}],"collection":[{"href":"https:\/\/raicesandaluzas.com\/revista\/wp-json\/wp\/v2\/posts"}],"about":[{"href":"https:\/\/raicesandaluzas.com\/revista\/wp-json\/wp\/v2\/types\/post"}],"author":[{"embeddable":true,"href":"https:\/\/raicesandaluzas.com\/revista\/wp-json\/wp\/v2\/users\/1"}],"replies":[{"embeddable":true,"href":"https:\/\/raicesandaluzas.com\/revista\/wp-json\/wp\/v2\/comments?post=2591"}],"version-history":[{"count":3,"href":"https:\/\/raicesandaluzas.com\/revista\/wp-json\/wp\/v2\/posts\/2591\/revisions"}],"predecessor-version":[{"id":2597,"href":"https:\/\/raicesandaluzas.com\/revista\/wp-json\/wp\/v2\/posts\/2591\/revisions\/2597"}],"wp:featuredmedia":[{"embeddable":true,"href":"https:\/\/raicesandaluzas.com\/revista\/wp-json\/wp\/v2\/media\/2596"}],"wp:attachment":[{"href":"https:\/\/raicesandaluzas.com\/revista\/wp-json\/wp\/v2\/media?parent=2591"}],"wp:term":[{"taxonomy":"category","embeddable":true,"href":"https:\/\/raicesandaluzas.com\/revista\/wp-json\/wp\/v2\/categories?post=2591"},{"taxonomy":"post_tag","embeddable":true,"href":"https:\/\/raicesandaluzas.com\/revista\/wp-json\/wp\/v2\/tags?post=2591"}],"curies":[{"name":"wp","href":"https:\/\/api.w.org\/{rel}","templated":true}]}}