{"id":2582,"date":"2025-09-30T09:31:25","date_gmt":"2025-09-30T09:31:25","guid":{"rendered":"https:\/\/raicesandaluzas.com\/revista\/?p=2582"},"modified":"2025-09-30T09:32:17","modified_gmt":"2025-09-30T09:32:17","slug":"jose-manuel-gomez-torres-el-ecijano-gana-el-iv-concurso-nacional-de-tarantas-carmen-linares-de-la-casa-de-andalucia-en-barcelona","status":"publish","type":"post","link":"https:\/\/raicesandaluzas.com\/revista\/2025\/09\/30\/jose-manuel-gomez-torres-el-ecijano-gana-el-iv-concurso-nacional-de-tarantas-carmen-linares-de-la-casa-de-andalucia-en-barcelona\/","title":{"rendered":"Jos\u00e9 Manuel G\u00f3mez Torres \u00abEl Ecijano\u00bb gana el IV Concurso Nacional de Tarantas \u00abCarmen Linares\u00bb de la Casa de Andaluc\u00eda en Barcelona"},"content":{"rendered":"\n<p>El pasado 27 de septiembre, tuvo lugar la final del IV Concurso&nbsp;Nacional de Tarantas \u201cCarmen Linares\u201d, organizado por la Casa de Andaluc\u00eda en&nbsp;Barcelona, con el patrocinio y apoyo institucional de la Diputaci\u00f3n de Ja\u00e9n y el Ayuntamiento de Linares, dos entidades firmemente comprometidas con la&nbsp;preservaci\u00f3n y difusi\u00f3n del flamenco, y en particular con el cante de las minas.<\/p>\n\n\n\n<p>El ganador del certamen fue distinguido con la Cabr\u00eda de Plata, trofeo cedido por el&nbsp;Ayuntamiento de Linares.&nbsp;El evento tuvo lugar en el Auditori L\u2019Illa, situado en la Avenida Diagonal, 547,&nbsp;Barcelona, y reuni\u00f3 a cuatro destacados cantaores: Antonio J. Nieto, (Lucena,&nbsp;C\u00f3rdoba) Manuel Cuevas, (Osuna, Sevilla). Manuel G\u00f3mez (\u201cEl Ecijano\u201d Sevilla). y&nbsp;Juan Francisco Mor\u00e1n. (Benameji, C\u00f3rdoba). Este \u00faltimo recib\u00f3 el Premio Especial&nbsp;Menor de 25 a\u00f1os \u201cCarmen Linares\u201d. Al toque fueron acompa\u00f1ados por el&nbsp;guitarrista oficial, Paco Garfia.&nbsp;presentado por el gran comunicador y maestro de ceremonia Antonio Menchon.<\/p>\n\n\n\n<div><a href=\"https:\/\/raicesandaluzas.com\/revista\/wp-content\/uploads\/2025\/09\/tarantas2025_01-1024x381.jpg\" class=\"td-modal-image\"><figure class=\"wp-block-image size-large\"><img loading=\"lazy\" decoding=\"async\" width=\"1024\" height=\"381\" src=\"https:\/\/raicesandaluzas.com\/revista\/wp-content\/uploads\/2025\/09\/tarantas2025_01-1024x381.jpg\" alt=\"\" class=\"wp-image-2585\" srcset=\"https:\/\/raicesandaluzas.com\/revista\/wp-content\/uploads\/2025\/09\/tarantas2025_01-1024x381.jpg 1024w, https:\/\/raicesandaluzas.com\/revista\/wp-content\/uploads\/2025\/09\/tarantas2025_01-300x112.jpg 300w, https:\/\/raicesandaluzas.com\/revista\/wp-content\/uploads\/2025\/09\/tarantas2025_01-768x286.jpg 768w, https:\/\/raicesandaluzas.com\/revista\/wp-content\/uploads\/2025\/09\/tarantas2025_01-1128x420.jpg 1128w, https:\/\/raicesandaluzas.com\/revista\/wp-content\/uploads\/2025\/09\/tarantas2025_01-696x259.jpg 696w, https:\/\/raicesandaluzas.com\/revista\/wp-content\/uploads\/2025\/09\/tarantas2025_01-1068x398.jpg 1068w, https:\/\/raicesandaluzas.com\/revista\/wp-content\/uploads\/2025\/09\/tarantas2025_01.jpg 1200w\" sizes=\"auto, (max-width: 1024px) 100vw, 1024px\" \/><\/figure><\/a><\/div>\n\n\n\n<p>Como artista invitada actu\u00f3 la prestigiosa cantaora de flamenco Antonia&nbsp;Contreras, acompa\u00f1ada por la guitarra de Juan Ram\u00f3n Caro.<\/p>\n\n\n\n<p>Distribuci\u00f3n de premios:<\/p>\n\n\n\n<p>Premio especial \u201cCarmen Linares \u201cmenor de 25 a\u00f1os<\/p>\n\n\n\n<p>\u2022 Juan Francisco Rom\u00e1n Reyes: Benameji, C\u00f3rdoba,<\/p>\n\n\n\n<p>Entreg\u00f3 el premio Emilio de la Chica, presidente de Federaci\u00f3n Andaluza de&nbsp;Comunidades.<\/p>\n\n\n\n<p>\u2022 Tercer Premio: Antonio Jos\u00e9 Nieto: Lucena C\u00f3rdoba,<\/p>\n\n\n\n<p>Entreg\u00f3 el premio, Susana Ferrer, concejala de Cultura del Ayuntamiento de&nbsp;Linares.<\/p>\n\n\n\n<p>\u2022 Segundo premio: Manuel Cuevas Gonz\u00e1lez: Lentejuela Sevilla,<\/p>\n\n\n\n<p>Entreg\u00f3 el premio, Pedro Aguilera, Comisionado y en representaci\u00f3n del&nbsp;ayuntamiento de BCN<\/p>\n\n\n\n<p>\u2022 Primer Premio: Jos\u00e9 Manuel G\u00f3mez Torres: \u201cEl Ecijano\u201d \u00c9cija Sevilla,<\/p>\n\n\n\n<p>Entreg\u00f3 Diploma: Paquita Mar\u00edn, Presidenta de la Casa de Andaluc\u00eda en Barcelona, Tal\u00f3n, Javier Perales Diputado de Agricultura, Ganader\u00eda, \u00c1rea de Medio&nbsp;Ambiente y contra el Cambio Clim\u00e1tico en Ja\u00e9n.<\/p>\n\n\n\n<div><a href=\"https:\/\/raicesandaluzas.com\/revista\/wp-content\/uploads\/2025\/09\/tarantas2025_03-1024x683.jpg\" class=\"td-modal-image\"><figure class=\"wp-block-image size-large\"><img loading=\"lazy\" decoding=\"async\" width=\"1024\" height=\"683\" src=\"https:\/\/raicesandaluzas.com\/revista\/wp-content\/uploads\/2025\/09\/tarantas2025_03-1024x683.jpg\" alt=\"\" class=\"wp-image-2584\" title=\"\" srcset=\"https:\/\/raicesandaluzas.com\/revista\/wp-content\/uploads\/2025\/09\/tarantas2025_03-1024x683.jpg 1024w, https:\/\/raicesandaluzas.com\/revista\/wp-content\/uploads\/2025\/09\/tarantas2025_03-300x200.jpg 300w, https:\/\/raicesandaluzas.com\/revista\/wp-content\/uploads\/2025\/09\/tarantas2025_03-768x512.jpg 768w, https:\/\/raicesandaluzas.com\/revista\/wp-content\/uploads\/2025\/09\/tarantas2025_03-630x420.jpg 630w, https:\/\/raicesandaluzas.com\/revista\/wp-content\/uploads\/2025\/09\/tarantas2025_03-696x464.jpg 696w, https:\/\/raicesandaluzas.com\/revista\/wp-content\/uploads\/2025\/09\/tarantas2025_03-1068x712.jpg 1068w, https:\/\/raicesandaluzas.com\/revista\/wp-content\/uploads\/2025\/09\/tarantas2025_03.jpg 1200w\" sizes=\"auto, (max-width: 1024px) 100vw, 1024px\" \/><\/figure><\/a><\/div>\n\n\n\n<p>El prestigioso galard\u00f3n \u201cLa Cabria de Plata\u201d fue entregada por la propia&nbsp;alcaldesa de Linares, Auxi del Olmo, s\u00edmbolo del reconocimiento y arraigo&nbsp;de este cante en su tierra de origen.<\/p>\n\n\n\n<p>El cante de las tarantas, que forma parte de los cantes de las minas, tiene su origen en el siglo XIX, como expresi\u00f3n de la dureza de la vida minera en Linares y en otras cuencas del Levante andaluz. Este certamen, impulsado por el Ayuntamiento de Linares y la Diputaci\u00f3n de Ja\u00e9n, constituye un puente cultural entre Linares y Barcelona, acercando a la capital catalana una de las manifestaciones m\u00e1s hondas y universales del flamenco, es quiz\u00e1s por esa manifestaci\u00f3n m\u00e1s conocida, un arte que combina m\u00fasica, cante y baile, declarado Patrimonio Cultural inmaterial de la Humanidad por la UNESCO..<\/p>\n\n\n\n<div><a href=\"https:\/\/raicesandaluzas.com\/revista\/wp-content\/uploads\/2025\/09\/tarantas2025_02-1024x644.jpg\" class=\"td-modal-image\"><figure class=\"wp-block-image size-large\"><img loading=\"lazy\" decoding=\"async\" width=\"1024\" height=\"644\" src=\"https:\/\/raicesandaluzas.com\/revista\/wp-content\/uploads\/2025\/09\/tarantas2025_02-1024x644.jpg\" alt=\"\" class=\"wp-image-2583\" title=\"\" srcset=\"https:\/\/raicesandaluzas.com\/revista\/wp-content\/uploads\/2025\/09\/tarantas2025_02-1024x644.jpg 1024w, https:\/\/raicesandaluzas.com\/revista\/wp-content\/uploads\/2025\/09\/tarantas2025_02-300x189.jpg 300w, https:\/\/raicesandaluzas.com\/revista\/wp-content\/uploads\/2025\/09\/tarantas2025_02-768x483.jpg 768w, https:\/\/raicesandaluzas.com\/revista\/wp-content\/uploads\/2025\/09\/tarantas2025_02-668x420.jpg 668w, https:\/\/raicesandaluzas.com\/revista\/wp-content\/uploads\/2025\/09\/tarantas2025_02-696x438.jpg 696w, https:\/\/raicesandaluzas.com\/revista\/wp-content\/uploads\/2025\/09\/tarantas2025_02-1068x672.jpg 1068w, https:\/\/raicesandaluzas.com\/revista\/wp-content\/uploads\/2025\/09\/tarantas2025_02.jpg 1200w\" sizes=\"auto, (max-width: 1024px) 100vw, 1024px\" \/><\/figure><\/a><\/div>\n\n\n\n<p>Durante el acto se hizo entrega del Premio Honor\u00edfico a la bailaora japonesa La Yunco, en reconocimiento a su trayectoria en difundir el flamenco por el mundo con su baile.<\/p>\n\n\n\n<p>Y al comunicador y presentador del evento, Antonio Mench\u00f3n, por su destacada labor de difusi\u00f3n cultural y apoyo a las entidades, por su disponibilidad y cari\u00f1o.<\/p>\n\n\n\n<p>La organizaci\u00f3n desea expresar su m\u00e1s sincero agradecimiento a los participantes, al p\u00fablico asistente y, de manera muy especial, a la Diputaci\u00f3n de Ja\u00e9n y al Ayuntamiento de Linares, cuyo compromiso y colaboraci\u00f3n hacen posible que este certamen siga proyectando el arte flamenco y fortaleciendo los lazos culturales entre Linares y Barcelona.<\/p>\n","protected":false},"excerpt":{"rendered":"<p>El pasado 27 de septiembre, tuvo lugar la final del IV Concurso&nbsp;Nacional de Tarantas \u201cCarmen Linares\u201d, organizado por la Casa de Andaluc\u00eda en&nbsp;Barcelona, con el patrocinio y apoyo institucional de la Diputaci\u00f3n de Ja\u00e9n y el Ayuntamiento de Linares, dos entidades firmemente comprometidas con la&nbsp;preservaci\u00f3n y difusi\u00f3n del flamenco, y en particular con el cante [&hellip;]<\/p>\n","protected":false},"author":2,"featured_media":2585,"comment_status":"closed","ping_status":"open","sticky":false,"template":"","format":"standard","meta":{"footnotes":""},"categories":[19,22],"tags":[],"class_list":{"0":"post-2582","1":"post","2":"type-post","3":"status-publish","4":"format-standard","5":"has-post-thumbnail","7":"category-actualidad","8":"category-flamenco"},"_links":{"self":[{"href":"https:\/\/raicesandaluzas.com\/revista\/wp-json\/wp\/v2\/posts\/2582","targetHints":{"allow":["GET"]}}],"collection":[{"href":"https:\/\/raicesandaluzas.com\/revista\/wp-json\/wp\/v2\/posts"}],"about":[{"href":"https:\/\/raicesandaluzas.com\/revista\/wp-json\/wp\/v2\/types\/post"}],"author":[{"embeddable":true,"href":"https:\/\/raicesandaluzas.com\/revista\/wp-json\/wp\/v2\/users\/2"}],"replies":[{"embeddable":true,"href":"https:\/\/raicesandaluzas.com\/revista\/wp-json\/wp\/v2\/comments?post=2582"}],"version-history":[{"count":3,"href":"https:\/\/raicesandaluzas.com\/revista\/wp-json\/wp\/v2\/posts\/2582\/revisions"}],"predecessor-version":[{"id":2588,"href":"https:\/\/raicesandaluzas.com\/revista\/wp-json\/wp\/v2\/posts\/2582\/revisions\/2588"}],"wp:featuredmedia":[{"embeddable":true,"href":"https:\/\/raicesandaluzas.com\/revista\/wp-json\/wp\/v2\/media\/2585"}],"wp:attachment":[{"href":"https:\/\/raicesandaluzas.com\/revista\/wp-json\/wp\/v2\/media?parent=2582"}],"wp:term":[{"taxonomy":"category","embeddable":true,"href":"https:\/\/raicesandaluzas.com\/revista\/wp-json\/wp\/v2\/categories?post=2582"},{"taxonomy":"post_tag","embeddable":true,"href":"https:\/\/raicesandaluzas.com\/revista\/wp-json\/wp\/v2\/tags?post=2582"}],"curies":[{"name":"wp","href":"https:\/\/api.w.org\/{rel}","templated":true}]}}