{"id":2578,"date":"2025-09-15T09:25:33","date_gmt":"2025-09-15T09:25:33","guid":{"rendered":"https:\/\/raicesandaluzas.com\/revista\/?p=2578"},"modified":"2025-09-15T09:25:34","modified_gmt":"2025-09-15T09:25:34","slug":"la-casa-de-andalucia-en-barcelona-se-prepara-para-la-final-de-su-cuarto-concurso-nacional-de-tarantas-carmen-linares","status":"publish","type":"post","link":"https:\/\/raicesandaluzas.com\/revista\/2025\/09\/15\/la-casa-de-andalucia-en-barcelona-se-prepara-para-la-final-de-su-cuarto-concurso-nacional-de-tarantas-carmen-linares\/","title":{"rendered":"La Casa de Andaluc\u00eda en Barcelona se prepara para la final de su cuarto Concurso Nacional de Tarantas \u00abCarmen Linares\u00bb"},"content":{"rendered":"\n<p>La Casa de Andaluc\u00eda en Barcelona tiene todo preparado para la final de la cuarta edici\u00f3n del Concurso Nacional de Tarantas \u00abCarmen Linares\u00bb, que tendr\u00e1 lugar el 27 de septiembre, a partir de las 18 horas, en el Auditori L&#8217;Illa de Barcelona, anteriormente conocido como Auditori AXA. En la edici\u00f3n de este a\u00f1o, se rendir\u00e1 homenaje a la bailaora japonesa Layunko y al comunicador Antonio Mench\u00f3n, quien tambi\u00e9n presentar\u00e1 el acto.<\/p>\n\n\n\n<p>A la final han llegado Antonio J. Nieto, de Lucena, Manuel Cuevas, de Osuna, Manuel G\u00f3mez \u00abEl Ecijano\u00bb, y Juan Francisco Benameji, C\u00f3rdoba. Ser\u00e1n acompa\u00f1ados a la guitarra por Paco Garfia.<\/p>\n","protected":false},"excerpt":{"rendered":"<p>La Casa de Andaluc\u00eda en Barcelona tiene todo preparado para la final de la cuarta edici\u00f3n del Concurso Nacional de Tarantas \u00abCarmen Linares\u00bb, que tendr\u00e1 lugar el 27 de septiembre, a partir de las 18 horas, en el Auditori L&#8217;Illa de Barcelona, anteriormente conocido como Auditori AXA. En la edici\u00f3n de este a\u00f1o, se rendir\u00e1 [&hellip;]<\/p>\n","protected":false},"author":1,"featured_media":2579,"comment_status":"closed","ping_status":"open","sticky":false,"template":"","format":"standard","meta":{"footnotes":""},"categories":[19,22],"tags":[],"class_list":{"0":"post-2578","1":"post","2":"type-post","3":"status-publish","4":"format-standard","5":"has-post-thumbnail","7":"category-actualidad","8":"category-flamenco"},"_links":{"self":[{"href":"https:\/\/raicesandaluzas.com\/revista\/wp-json\/wp\/v2\/posts\/2578","targetHints":{"allow":["GET"]}}],"collection":[{"href":"https:\/\/raicesandaluzas.com\/revista\/wp-json\/wp\/v2\/posts"}],"about":[{"href":"https:\/\/raicesandaluzas.com\/revista\/wp-json\/wp\/v2\/types\/post"}],"author":[{"embeddable":true,"href":"https:\/\/raicesandaluzas.com\/revista\/wp-json\/wp\/v2\/users\/1"}],"replies":[{"embeddable":true,"href":"https:\/\/raicesandaluzas.com\/revista\/wp-json\/wp\/v2\/comments?post=2578"}],"version-history":[{"count":1,"href":"https:\/\/raicesandaluzas.com\/revista\/wp-json\/wp\/v2\/posts\/2578\/revisions"}],"predecessor-version":[{"id":2580,"href":"https:\/\/raicesandaluzas.com\/revista\/wp-json\/wp\/v2\/posts\/2578\/revisions\/2580"}],"wp:featuredmedia":[{"embeddable":true,"href":"https:\/\/raicesandaluzas.com\/revista\/wp-json\/wp\/v2\/media\/2579"}],"wp:attachment":[{"href":"https:\/\/raicesandaluzas.com\/revista\/wp-json\/wp\/v2\/media?parent=2578"}],"wp:term":[{"taxonomy":"category","embeddable":true,"href":"https:\/\/raicesandaluzas.com\/revista\/wp-json\/wp\/v2\/categories?post=2578"},{"taxonomy":"post_tag","embeddable":true,"href":"https:\/\/raicesandaluzas.com\/revista\/wp-json\/wp\/v2\/tags?post=2578"}],"curies":[{"name":"wp","href":"https:\/\/api.w.org\/{rel}","templated":true}]}}