{"id":2572,"date":"2025-08-04T09:56:00","date_gmt":"2025-08-04T09:56:00","guid":{"rendered":"https:\/\/raicesandaluzas.com\/revista\/?p=2572"},"modified":"2025-08-25T09:57:35","modified_gmt":"2025-08-25T09:57:35","slug":"gregorio-moya-se-lleva-la-lampara-mineradel-cante-de-las-minas-a-ciudad-real","status":"publish","type":"post","link":"https:\/\/raicesandaluzas.com\/revista\/2025\/08\/04\/gregorio-moya-se-lleva-la-lampara-mineradel-cante-de-las-minas-a-ciudad-real\/","title":{"rendered":"Gregorio Moya se lleva la \u2018L\u00e1mpara Minera\u2019del Cante de las Minas a Ciudad Real"},"content":{"rendered":"\n<p>El manchego Gregorio Moya Lara \u2018Gregorio Moya\u2019 se ha alzado con la <strong>\u2018L\u00e1mpara Minera\u2019<\/strong> de la 64\u00aa edici\u00f3n del Festival Internacional del Cante de las Minas. El cantaor, natural de Argamasilla de Alba (Ciudad Real), ha conquistado tanto al jurado como al p\u00fablico, acompa\u00f1ado de su guitarrista Paco Cort\u00e9s.<\/p>\n\n\n\n<p>Han sido cuatro los premios que ha acumulado: el premio del Grupo 3 por su interpretaci\u00f3n de mariana (dotado con 2.000 euros), el del Grupo 2 por su malague\u00f1a (dotado con 3.000 euros), el premio por cartageneras (dotado con 3.000 euros) y el primer premio de mineras (6.000), sumado a la propia \u2018L\u00e1mpara Minera\u2019, cuyo premio, adem\u00e1s del trofeo, se cifra en 15.000 euros. \u201cQuiero defender el premio all\u00ed donde vaya y estar a la altura\u201d, contaba a\u00fan sin palabras tras interpretar la minera por segunda vez, ya como ganador en la categor\u00eda de cante, dedicando este triunfo a algunos de los seres queridos, como su padre, que ha perdido en estos \u00faltimos a\u00f1os.<\/p>\n\n\n\n<div><a href=\"https:\/\/raicesandaluzas.com\/revista\/wp-content\/uploads\/2025\/08\/ganadorLamparaMinera2025_02-1024x683.jpg\" class=\"td-modal-image\"><figure class=\"wp-block-image size-large\"><img loading=\"lazy\" decoding=\"async\" width=\"1024\" height=\"683\" src=\"https:\/\/raicesandaluzas.com\/revista\/wp-content\/uploads\/2025\/08\/ganadorLamparaMinera2025_02-1024x683.jpg\" alt=\"\" class=\"wp-image-2573\" srcset=\"https:\/\/raicesandaluzas.com\/revista\/wp-content\/uploads\/2025\/08\/ganadorLamparaMinera2025_02-1024x683.jpg 1024w, https:\/\/raicesandaluzas.com\/revista\/wp-content\/uploads\/2025\/08\/ganadorLamparaMinera2025_02-300x200.jpg 300w, https:\/\/raicesandaluzas.com\/revista\/wp-content\/uploads\/2025\/08\/ganadorLamparaMinera2025_02-768x512.jpg 768w, https:\/\/raicesandaluzas.com\/revista\/wp-content\/uploads\/2025\/08\/ganadorLamparaMinera2025_02-630x420.jpg 630w, https:\/\/raicesandaluzas.com\/revista\/wp-content\/uploads\/2025\/08\/ganadorLamparaMinera2025_02-696x464.jpg 696w, https:\/\/raicesandaluzas.com\/revista\/wp-content\/uploads\/2025\/08\/ganadorLamparaMinera2025_02-1068x712.jpg 1068w, https:\/\/raicesandaluzas.com\/revista\/wp-content\/uploads\/2025\/08\/ganadorLamparaMinera2025_02.jpg 1200w\" sizes=\"auto, (max-width: 1024px) 100vw, 1024px\" \/><\/figure><\/a><\/div>\n\n\n\n<p>Respecto al resto de finalistas en la categor\u00eda de cante, Jos\u00e9 Plant\u00f3n Heredia \u2018Jos\u00e9 del Calli\u2019 (C\u00f3rdoba) se ha llevado el \u2018Premio de Murcianas y otros cantes mineros\u2019 por su levantica, y Francisco Javier Heredia Hern\u00e1ndez \u2018Francisco Heredia\u2019 (Ja\u00e9n) ha ganado el \u2018Premio de Tarantas\u2019, dotado con la misma cantidad que el anterior.<\/p>\n\n\n\n<p>En la categor\u00eda de baile, los dos premios se han ido para C\u00e1diz. En segundo lugar ha quedado Jos\u00e9 Mar\u00eda Vi\u00f1as Coca, con un premio de 2.000 euros, y el trofeo <strong>\u2018Desplante\u2019<\/strong> ha sido para Salom\u00e9 Ram\u00edrez Almagro por su taranto y sole\u00e1, que ha bailado acompa\u00f1ada de Alejandro Moreno a la guitarra, Manu Soto al cante y Gabriel \u2018De la Tomasa\u2019 y Jos\u00e9 Luis Hern\u00e1ndez a las palmas. Un reconocimiento que motiva a la bailaora a afrontar con m\u00e1s ilusi\u00f3n a\u00fan su primer espect\u00e1culo en solitario, que estrenar\u00e1 en noviembre en el Teatro Real, adem\u00e1s de continuar formando parte de la gira de Yerai Cort\u00e9s. \u201cSolo quiero bailar mucho y poder regalar mi arte a todo el mundo\u201d, dec\u00eda.<\/p>\n\n\n\n<p>En cuanto al primer premio al instrumentista flamenco, dotado con el trofeo <strong>\u2018Fil\u00f3n\u2019<\/strong> y 6.000 euros, ha sido para el joven Jos\u00e9 Carlos Esteban-Hanza Fern\u00e1ndez, de Almer\u00eda. Con tan solo 20 a\u00f1os, este pianista ha demostrado que lleva el flamenco en la sangre. Sobrino de \u2018Tomatito\u2019, ha acudido a la final con parte de su familia: Crist\u00f3bal Santiago y Antonio Torres \u2018Pescaito\u2019 al cante y Mois\u00e9s Santiago a la percusi\u00f3n. El galard\u00f3n le motiva a seguir estudiando y continuar defendiendo su talento sobre el escenario. En segunda posici\u00f3n (2.000 euros) ha quedado la flauta de la extreme\u00f1a Ostalinda Su\u00e1rez con su taranta cartagenera y flautas\u00eda flamenca.<\/p>\n\n\n\n<p><strong>El \u2018Bord\u00f3n Minero\u2019, desierto<\/strong><\/p>\n\n\n\n<p>El \u2018Bord\u00f3n Minero\u2019, el m\u00e1ximo galard\u00f3n al toque, ha quedado desierto en esta edici\u00f3n. El \u00fanico finalista en esta categor\u00eda, el barcelon\u00e9s Toni Abell\u00e1n S\u00e1nchez, se ha llevado el segundo premio (2.000 euros).<\/p>\n\n\n\n<div><a href=\"https:\/\/raicesandaluzas.com\/revista\/wp-content\/uploads\/2025\/08\/Premiados-1024x683.jpg\" class=\"td-modal-image\"><figure class=\"wp-block-image size-large\"><img loading=\"lazy\" decoding=\"async\" width=\"1024\" height=\"683\" src=\"https:\/\/raicesandaluzas.com\/revista\/wp-content\/uploads\/2025\/08\/Premiados-1024x683.jpg\" alt=\"\" class=\"wp-image-2574\" srcset=\"https:\/\/raicesandaluzas.com\/revista\/wp-content\/uploads\/2025\/08\/Premiados-1024x683.jpg 1024w, https:\/\/raicesandaluzas.com\/revista\/wp-content\/uploads\/2025\/08\/Premiados-300x200.jpg 300w, https:\/\/raicesandaluzas.com\/revista\/wp-content\/uploads\/2025\/08\/Premiados-768x512.jpg 768w, https:\/\/raicesandaluzas.com\/revista\/wp-content\/uploads\/2025\/08\/Premiados-630x420.jpg 630w, https:\/\/raicesandaluzas.com\/revista\/wp-content\/uploads\/2025\/08\/Premiados-696x464.jpg 696w, https:\/\/raicesandaluzas.com\/revista\/wp-content\/uploads\/2025\/08\/Premiados-1068x712.jpg 1068w, https:\/\/raicesandaluzas.com\/revista\/wp-content\/uploads\/2025\/08\/Premiados.jpg 1200w\" sizes=\"auto, (max-width: 1024px) 100vw, 1024px\" \/><\/figure><\/a><\/div>\n\n\n\n<p><strong>Premios especiales<\/strong><\/p>\n\n\n\n<p>El Premio Especial del Jurado, dotado con una cantidad de 1.000 euros al mejor artista de acompa\u00f1amiento, ha sido para el guitarrista Paco Cort\u00e9s, acompa\u00f1ante del nuevo titular de la \u2018L\u00e1mpara Minera\u2019.<\/p>\n\n\n\n<p>El nuevo premio de guitarra \u2018Mariano Conde\u2019, dotado con una guitarra flamenca de la prestigiosa marca de lutier, ha sido para el joven Samuel del R\u00edo Carmona \u2018Samuel de Encarni\u2019, natural de C\u00e1diz.<\/p>\n","protected":false},"excerpt":{"rendered":"<p>El manchego Gregorio Moya Lara \u2018Gregorio Moya\u2019 se ha alzado con la \u2018L\u00e1mpara Minera\u2019 de la 64\u00aa edici\u00f3n del Festival Internacional del Cante de las Minas. El cantaor, natural de Argamasilla de Alba (Ciudad Real), ha conquistado tanto al jurado como al p\u00fablico, acompa\u00f1ado de su guitarrista Paco Cort\u00e9s. Han sido cuatro los premios que [&hellip;]<\/p>\n","protected":false},"author":2,"featured_media":2575,"comment_status":"closed","ping_status":"open","sticky":false,"template":"","format":"standard","meta":{"footnotes":""},"categories":[19,22],"tags":[],"class_list":{"0":"post-2572","1":"post","2":"type-post","3":"status-publish","4":"format-standard","5":"has-post-thumbnail","7":"category-actualidad","8":"category-flamenco"},"_links":{"self":[{"href":"https:\/\/raicesandaluzas.com\/revista\/wp-json\/wp\/v2\/posts\/2572","targetHints":{"allow":["GET"]}}],"collection":[{"href":"https:\/\/raicesandaluzas.com\/revista\/wp-json\/wp\/v2\/posts"}],"about":[{"href":"https:\/\/raicesandaluzas.com\/revista\/wp-json\/wp\/v2\/types\/post"}],"author":[{"embeddable":true,"href":"https:\/\/raicesandaluzas.com\/revista\/wp-json\/wp\/v2\/users\/2"}],"replies":[{"embeddable":true,"href":"https:\/\/raicesandaluzas.com\/revista\/wp-json\/wp\/v2\/comments?post=2572"}],"version-history":[{"count":1,"href":"https:\/\/raicesandaluzas.com\/revista\/wp-json\/wp\/v2\/posts\/2572\/revisions"}],"predecessor-version":[{"id":2576,"href":"https:\/\/raicesandaluzas.com\/revista\/wp-json\/wp\/v2\/posts\/2572\/revisions\/2576"}],"wp:featuredmedia":[{"embeddable":true,"href":"https:\/\/raicesandaluzas.com\/revista\/wp-json\/wp\/v2\/media\/2575"}],"wp:attachment":[{"href":"https:\/\/raicesandaluzas.com\/revista\/wp-json\/wp\/v2\/media?parent=2572"}],"wp:term":[{"taxonomy":"category","embeddable":true,"href":"https:\/\/raicesandaluzas.com\/revista\/wp-json\/wp\/v2\/categories?post=2572"},{"taxonomy":"post_tag","embeddable":true,"href":"https:\/\/raicesandaluzas.com\/revista\/wp-json\/wp\/v2\/tags?post=2572"}],"curies":[{"name":"wp","href":"https:\/\/api.w.org\/{rel}","templated":true}]}}