{"id":2523,"date":"2025-06-19T09:50:27","date_gmt":"2025-06-19T09:50:27","guid":{"rendered":"https:\/\/raicesandaluzas.com\/revista\/?p=2523"},"modified":"2025-06-19T09:59:19","modified_gmt":"2025-06-19T09:59:19","slug":"fallece-esperanza-garcia-delegada-de-la-junta-de-andalucia-en-catalunya","status":"publish","type":"post","link":"https:\/\/raicesandaluzas.com\/revista\/2025\/06\/19\/fallece-esperanza-garcia-delegada-de-la-junta-de-andalucia-en-catalunya\/","title":{"rendered":"Fallece Esperanza Garc\u00eda, delegada de la Junta de Andaluc\u00eda en Catalunya"},"content":{"rendered":"\n<p>Esta madrugada ha fallecido Esperanza Garc\u00eda, delegada de la Junta de Andaluc\u00eda en Catalunya y exdiputada del Partido Popular en el Parlament de Catalunya. El l\u00edder del partido en tierras catalanas, Alejandro Fern\u00e1ndez, ha destacado de ella que era \u00abuna mujer inteligente, elegante, brillante y que nos deja demasiado pronto\u00bb. Nacida en Barcelona hace 50 a\u00f1os, fue diputada del PP en el Parlament de Catalunya en dos etapas, entre 2015 y 2017 y 2019 y 2020, y form\u00f3 parte del gobierno municipal de Badalona de la mano de Xavier Garc\u00eda Albiol. En 2023 fue elegida por el gobierno andaluz para revitalizar la delegaci\u00f3n de la Junta de Andaluc\u00eda en tierras catalanas que llevaba a\u00f1os sin representante. <\/p>\n\n\n\n<p>En los primeros momentos de su nuevo cargo tuvimos oportunidad de poder realizarle una entrevista que pueden recuperar en este <a href=\"https:\/\/raicesandaluzas.com\/revista\/2023\/04\/24\/el-reto-de-las-entidades-es-hacer-crecer-la-cultura-andaluza-en-cataluna\/\">enlace<\/a>. Desde la redacci\u00f3n de la revista Ra\u00edces Andaluzas queremos mandar nuestro p\u00e9same a la familia y amigos de Esperanza, quien siempre nos trat\u00f3 con mucho cari\u00f1o. Descanse en paz. <\/p>\n","protected":false},"excerpt":{"rendered":"<p>Esta madrugada ha fallecido Esperanza Garc\u00eda, delegada de la Junta de Andaluc\u00eda en Catalunya y exdiputada del Partido Popular en el Parlament de Catalunya. El l\u00edder del partido en tierras catalanas, Alejandro Fern\u00e1ndez, ha destacado de ella que era \u00abuna mujer inteligente, elegante, brillante y que nos deja demasiado pronto\u00bb. Nacida en Barcelona hace 50 [&hellip;]<\/p>\n","protected":false},"author":1,"featured_media":2525,"comment_status":"closed","ping_status":"open","sticky":false,"template":"","format":"standard","meta":{"footnotes":""},"categories":[19],"tags":[],"class_list":{"0":"post-2523","1":"post","2":"type-post","3":"status-publish","4":"format-standard","5":"has-post-thumbnail","7":"category-actualidad"},"_links":{"self":[{"href":"https:\/\/raicesandaluzas.com\/revista\/wp-json\/wp\/v2\/posts\/2523","targetHints":{"allow":["GET"]}}],"collection":[{"href":"https:\/\/raicesandaluzas.com\/revista\/wp-json\/wp\/v2\/posts"}],"about":[{"href":"https:\/\/raicesandaluzas.com\/revista\/wp-json\/wp\/v2\/types\/post"}],"author":[{"embeddable":true,"href":"https:\/\/raicesandaluzas.com\/revista\/wp-json\/wp\/v2\/users\/1"}],"replies":[{"embeddable":true,"href":"https:\/\/raicesandaluzas.com\/revista\/wp-json\/wp\/v2\/comments?post=2523"}],"version-history":[{"count":1,"href":"https:\/\/raicesandaluzas.com\/revista\/wp-json\/wp\/v2\/posts\/2523\/revisions"}],"predecessor-version":[{"id":2524,"href":"https:\/\/raicesandaluzas.com\/revista\/wp-json\/wp\/v2\/posts\/2523\/revisions\/2524"}],"wp:featuredmedia":[{"embeddable":true,"href":"https:\/\/raicesandaluzas.com\/revista\/wp-json\/wp\/v2\/media\/2525"}],"wp:attachment":[{"href":"https:\/\/raicesandaluzas.com\/revista\/wp-json\/wp\/v2\/media?parent=2523"}],"wp:term":[{"taxonomy":"category","embeddable":true,"href":"https:\/\/raicesandaluzas.com\/revista\/wp-json\/wp\/v2\/categories?post=2523"},{"taxonomy":"post_tag","embeddable":true,"href":"https:\/\/raicesandaluzas.com\/revista\/wp-json\/wp\/v2\/tags?post=2523"}],"curies":[{"name":"wp","href":"https:\/\/api.w.org\/{rel}","templated":true}]}}