{"id":2521,"date":"2025-06-17T08:46:04","date_gmt":"2025-06-17T08:46:04","guid":{"rendered":"https:\/\/raicesandaluzas.com\/revista\/?p=2521"},"modified":"2025-06-17T08:46:04","modified_gmt":"2025-06-17T08:46:04","slug":"ultimos-dias-para-participar-en-el-xix-concurso-de-fotografia-rociera-del-cercat","status":"publish","type":"post","link":"https:\/\/raicesandaluzas.com\/revista\/2025\/06\/17\/ultimos-dias-para-participar-en-el-xix-concurso-de-fotografia-rociera-del-cercat\/","title":{"rendered":"\u00daltimos d\u00edas para participar en el XIX Concurso de Fotograf\u00eda Rociera del CERCAT"},"content":{"rendered":"\n<p>Hasta el pr\u00f3ximo martes, 24 de junio, se puede participar en el XIX Concurso de Fotograf\u00eda Rociera del CERCAT. El tema principal y cl\u00e1sico es el de Romer\u00eda del Roc\u00edo. Los dos temas especiales son Catalunya cofrade, que recoge cualquier expresi\u00f3n de la cultura y fe que realizan las Hermandades de Pasi\u00f3n en Catalunya, y Feria de Abril catalana en cualquiera de sus ediciones, que incluye cualquier expresi\u00f3n de cultura popular que se celebre en el Real durante los d\u00edas de Feria. Y el nuevo tema de 2025 es Cultura andaluza en el mundo, en el que se podr\u00e1n presentar fotograf\u00edas bajo la tem\u00e1tica de la Romer\u00eda del Roc\u00edo, la Feria de Abril y la Semana Santa realizadas en cualquier parte del mundo, excepto en Catalu\u00f1a.<\/p>\n\n\n\n<p>El concurso est\u00e1 abierto al p\u00fablico general y cada autor podr\u00e1 presentar cinco fotograf\u00edas que deben enviarse telem\u00e1ticamente atrav\u00e9s de la p\u00e1gina web www.cercat.es. Las fotograf\u00edas deben ser archivos jpg, tener un tama\u00f1o m\u00ednimo en su parte m\u00e1s larga de 1.024 p\u00edxeles y con un peso m\u00e1ximo de 5 Mb. Para concursar se debe acceder a www.cercat.es, y cumplimentar el formulario de participaci\u00f3n en el que se podr\u00e1n adjuntar las fotograf\u00edas.<\/p>\n\n\n\n<p>En las categor\u00edas de Roc\u00edo, Catalunya cofrade y Cultura andaluza en el mundo se repartir\u00e1n tres primeros premios, dotados con 150 euros, 100 euros y 50 euros cada uno, y un cuarto tambi\u00e9n de 50 euros. En la categor\u00eda de Feria de Abril se entregar\u00e1 un primer premio dotado con 100 euros. Los ganadores del tema Roc\u00edo y Catalunya cofrade recibir\u00e1n tambi\u00e9n una medalla de la Federaci\u00f3 Catalana de Fotograf\u00eda, mientras que los de los temas de Feria de Abril y Cultura andaluza en el mundo recibir\u00e1n una medalla de la Federaci\u00f3n Andaluza de Fotograf\u00eda.<\/p>\n\n\n\n<p>Se podr\u00e1n presentar fotograf\u00edas hasta el 24 de junio. El jurado deliberar\u00e1 el 5 de julio y los premios se entregar\u00e1n el 12 de julio en el Museu d\u2019hist\u00f2ria de la immigraci\u00f3 de Catalunya, en Sant Adri\u00e0 de Bes\u00f2s.<\/p>\n","protected":false},"excerpt":{"rendered":"<p>Hasta el pr\u00f3ximo martes, 24 de junio, se puede participar en el XIX Concurso de Fotograf\u00eda Rociera del CERCAT. El tema principal y cl\u00e1sico es el de Romer\u00eda del Roc\u00edo. Los dos temas especiales son Catalunya cofrade, que recoge cualquier expresi\u00f3n de la cultura y fe que realizan las Hermandades de Pasi\u00f3n en Catalunya, y [&hellip;]<\/p>\n","protected":false},"author":1,"featured_media":2365,"comment_status":"closed","ping_status":"open","sticky":false,"template":"","format":"standard","meta":{"footnotes":""},"categories":[19,21],"tags":[],"class_list":{"0":"post-2521","1":"post","2":"type-post","3":"status-publish","4":"format-standard","5":"has-post-thumbnail","7":"category-actualidad","8":"category-raices-rocieras"},"_links":{"self":[{"href":"https:\/\/raicesandaluzas.com\/revista\/wp-json\/wp\/v2\/posts\/2521","targetHints":{"allow":["GET"]}}],"collection":[{"href":"https:\/\/raicesandaluzas.com\/revista\/wp-json\/wp\/v2\/posts"}],"about":[{"href":"https:\/\/raicesandaluzas.com\/revista\/wp-json\/wp\/v2\/types\/post"}],"author":[{"embeddable":true,"href":"https:\/\/raicesandaluzas.com\/revista\/wp-json\/wp\/v2\/users\/1"}],"replies":[{"embeddable":true,"href":"https:\/\/raicesandaluzas.com\/revista\/wp-json\/wp\/v2\/comments?post=2521"}],"version-history":[{"count":1,"href":"https:\/\/raicesandaluzas.com\/revista\/wp-json\/wp\/v2\/posts\/2521\/revisions"}],"predecessor-version":[{"id":2522,"href":"https:\/\/raicesandaluzas.com\/revista\/wp-json\/wp\/v2\/posts\/2521\/revisions\/2522"}],"wp:featuredmedia":[{"embeddable":true,"href":"https:\/\/raicesandaluzas.com\/revista\/wp-json\/wp\/v2\/media\/2365"}],"wp:attachment":[{"href":"https:\/\/raicesandaluzas.com\/revista\/wp-json\/wp\/v2\/media?parent=2521"}],"wp:term":[{"taxonomy":"category","embeddable":true,"href":"https:\/\/raicesandaluzas.com\/revista\/wp-json\/wp\/v2\/categories?post=2521"},{"taxonomy":"post_tag","embeddable":true,"href":"https:\/\/raicesandaluzas.com\/revista\/wp-json\/wp\/v2\/tags?post=2521"}],"curies":[{"name":"wp","href":"https:\/\/api.w.org\/{rel}","templated":true}]}}