{"id":2515,"date":"2025-06-13T09:17:39","date_gmt":"2025-06-13T09:17:39","guid":{"rendered":"https:\/\/raicesandaluzas.com\/revista\/?p=2515"},"modified":"2025-06-13T09:17:40","modified_gmt":"2025-06-13T09:17:40","slug":"castelldefels-acogera-por-primera-vez-una-prueba-selectiva-para-el-festival-internacional-del-cante-de-las-minas","status":"publish","type":"post","link":"https:\/\/raicesandaluzas.com\/revista\/2025\/06\/13\/castelldefels-acogera-por-primera-vez-una-prueba-selectiva-para-el-festival-internacional-del-cante-de-las-minas\/","title":{"rendered":"Castelldefels acoger\u00e1 por primera vez una prueba selectiva para el Festival Internacional del Cante de las Minas"},"content":{"rendered":"\n<p>El Festival Internacional del Cante de las Minas comienza su fase de b\u00fasqueda de los artistas que participar\u00e1n en el concurso de su 64\u00aa edici\u00f3n. Las pruebas selectivas vuelven a convertirse, un a\u00f1o m\u00e1s, en un promotor de la cultura del flamenco por toda la geograf\u00eda espa\u00f1ola, llevando espect\u00e1culos de cante, toque y baile a siete localidades que se convertir\u00e1n as\u00ed en sedes de este encuentro.<\/p>\n\n\n\n<p>Torrevieja, aliada ya habitual del certamen, acoger\u00e1 la primera parada el pr\u00f3ximo s\u00e1bado 14 de junio en el Palacio de la M\u00fasica. Le sigue otra ciudad que repite experiencia, como es la Pe\u00f1a La Plater\u00eda de Granada, que acoger\u00e1 la prueba el viernes 20 de junio para pasar, el d\u00eda 28, a otra de las fieles a esta cita: Viator.<\/p>\n\n\n\n<p>El \u00e9xito de la convocatoria de Lucainena de las Torres el pasado a\u00f1o, cuando recibi\u00f3 por primera vez estas pruebas, ha hecho que la localidad vuelva a ser sede del Festival. Ser\u00e1 el s\u00e1bado 5 de julio. Tras esto, las pruebas selectivas viajan a Madrid en un fin de semana que llevar\u00e1 el mejor flamenco a la capital: el viernes 11 en el tablao Villarosa y el s\u00e1bado 12 en una de las embajadas por excelencia del flamenco y del Cante de las Minas como es el Corral de la Morer\u00eda.<\/p>\n\n\n\n<p>La novedad de este a\u00f1o es la incorporaci\u00f3n de Castelldefels, en Barcelona, el 19 de julio. La convocatoria concluir\u00e1 el d\u00eda 25 en Sagunto.<\/p>\n","protected":false},"excerpt":{"rendered":"<p>El Festival Internacional del Cante de las Minas comienza su fase de b\u00fasqueda de los artistas que participar\u00e1n en el concurso de su 64\u00aa edici\u00f3n. Las pruebas selectivas vuelven a convertirse, un a\u00f1o m\u00e1s, en un promotor de la cultura del flamenco por toda la geograf\u00eda espa\u00f1ola, llevando espect\u00e1culos de cante, toque y baile a [&hellip;]<\/p>\n","protected":false},"author":2,"featured_media":2516,"comment_status":"closed","ping_status":"open","sticky":false,"template":"","format":"standard","meta":{"footnotes":""},"categories":[19,22],"tags":[],"class_list":{"0":"post-2515","1":"post","2":"type-post","3":"status-publish","4":"format-standard","5":"has-post-thumbnail","7":"category-actualidad","8":"category-flamenco"},"_links":{"self":[{"href":"https:\/\/raicesandaluzas.com\/revista\/wp-json\/wp\/v2\/posts\/2515","targetHints":{"allow":["GET"]}}],"collection":[{"href":"https:\/\/raicesandaluzas.com\/revista\/wp-json\/wp\/v2\/posts"}],"about":[{"href":"https:\/\/raicesandaluzas.com\/revista\/wp-json\/wp\/v2\/types\/post"}],"author":[{"embeddable":true,"href":"https:\/\/raicesandaluzas.com\/revista\/wp-json\/wp\/v2\/users\/2"}],"replies":[{"embeddable":true,"href":"https:\/\/raicesandaluzas.com\/revista\/wp-json\/wp\/v2\/comments?post=2515"}],"version-history":[{"count":1,"href":"https:\/\/raicesandaluzas.com\/revista\/wp-json\/wp\/v2\/posts\/2515\/revisions"}],"predecessor-version":[{"id":2517,"href":"https:\/\/raicesandaluzas.com\/revista\/wp-json\/wp\/v2\/posts\/2515\/revisions\/2517"}],"wp:featuredmedia":[{"embeddable":true,"href":"https:\/\/raicesandaluzas.com\/revista\/wp-json\/wp\/v2\/media\/2516"}],"wp:attachment":[{"href":"https:\/\/raicesandaluzas.com\/revista\/wp-json\/wp\/v2\/media?parent=2515"}],"wp:term":[{"taxonomy":"category","embeddable":true,"href":"https:\/\/raicesandaluzas.com\/revista\/wp-json\/wp\/v2\/categories?post=2515"},{"taxonomy":"post_tag","embeddable":true,"href":"https:\/\/raicesandaluzas.com\/revista\/wp-json\/wp\/v2\/tags?post=2515"}],"curies":[{"name":"wp","href":"https:\/\/api.w.org\/{rel}","templated":true}]}}