{"id":2512,"date":"2025-06-08T08:13:05","date_gmt":"2025-06-08T08:13:05","guid":{"rendered":"https:\/\/raicesandaluzas.com\/revista\/?p=2512"},"modified":"2025-06-10T08:14:44","modified_gmt":"2025-06-10T08:14:44","slug":"especial-raices-andaluzas-rocio-2025","status":"publish","type":"post","link":"https:\/\/raicesandaluzas.com\/revista\/2025\/06\/08\/especial-raices-andaluzas-rocio-2025\/","title":{"rendered":"Especial Ra\u00edces Andaluzas Roc\u00edo 2025"},"content":{"rendered":"\n<p>Ya puedes consultar nuestro especial de la Romer\u00eda del Roc\u00edo 2025, con todos los Hermanos y Hermanas Mayores de las 23 hermandades que participan en la romer\u00eda organizada por la FECAC, as\u00ed como m\u00e1s im\u00e1genes e informaci\u00f3n del mayor evento rociero fuera de Almonte.<\/p>\n\n\n<a href=\"https:\/\/raicesandaluzas.com\/revista\/wp-content\/uploads\/2025\/06\/Raices129.pdf\" class=\"pdfemb-viewer\" style=\"\" data-width=\"max\" data-height=\"max\" data-toolbar=\"bottom\" data-toolbar-fixed=\"on\">Raices129<\/a>","protected":false},"excerpt":{"rendered":"<p>Ya puedes consultar nuestro especial de la Romer\u00eda del Roc\u00edo 2025, con todos los Hermanos y Hermanas Mayores de las 23 hermandades que participan en la romer\u00eda organizada por la FECAC, as\u00ed como m\u00e1s im\u00e1genes e informaci\u00f3n del mayor evento rociero fuera de Almonte.<\/p>\n","protected":false},"author":1,"featured_media":2511,"comment_status":"closed","ping_status":"open","sticky":false,"template":"","format":"standard","meta":{"footnotes":""},"categories":[19,23],"tags":[],"class_list":{"0":"post-2512","1":"post","2":"type-post","3":"status-publish","4":"format-standard","5":"has-post-thumbnail","7":"category-actualidad","8":"category-edicion-impresa"},"_links":{"self":[{"href":"https:\/\/raicesandaluzas.com\/revista\/wp-json\/wp\/v2\/posts\/2512","targetHints":{"allow":["GET"]}}],"collection":[{"href":"https:\/\/raicesandaluzas.com\/revista\/wp-json\/wp\/v2\/posts"}],"about":[{"href":"https:\/\/raicesandaluzas.com\/revista\/wp-json\/wp\/v2\/types\/post"}],"author":[{"embeddable":true,"href":"https:\/\/raicesandaluzas.com\/revista\/wp-json\/wp\/v2\/users\/1"}],"replies":[{"embeddable":true,"href":"https:\/\/raicesandaluzas.com\/revista\/wp-json\/wp\/v2\/comments?post=2512"}],"version-history":[{"count":1,"href":"https:\/\/raicesandaluzas.com\/revista\/wp-json\/wp\/v2\/posts\/2512\/revisions"}],"predecessor-version":[{"id":2513,"href":"https:\/\/raicesandaluzas.com\/revista\/wp-json\/wp\/v2\/posts\/2512\/revisions\/2513"}],"wp:featuredmedia":[{"embeddable":true,"href":"https:\/\/raicesandaluzas.com\/revista\/wp-json\/wp\/v2\/media\/2511"}],"wp:attachment":[{"href":"https:\/\/raicesandaluzas.com\/revista\/wp-json\/wp\/v2\/media?parent=2512"}],"wp:term":[{"taxonomy":"category","embeddable":true,"href":"https:\/\/raicesandaluzas.com\/revista\/wp-json\/wp\/v2\/categories?post=2512"},{"taxonomy":"post_tag","embeddable":true,"href":"https:\/\/raicesandaluzas.com\/revista\/wp-json\/wp\/v2\/tags?post=2512"}],"curies":[{"name":"wp","href":"https:\/\/api.w.org\/{rel}","templated":true}]}}