{"id":2504,"date":"2025-06-02T11:30:41","date_gmt":"2025-06-02T11:30:41","guid":{"rendered":"https:\/\/raicesandaluzas.com\/revista\/?p=2504"},"modified":"2025-06-02T11:30:41","modified_gmt":"2025-06-02T11:30:41","slug":"la-hermandad-del-rocio-de-barcelona-realiza-su-salida-al-encuentro-con-la-blanca-paloma","status":"publish","type":"post","link":"https:\/\/raicesandaluzas.com\/revista\/2025\/06\/02\/la-hermandad-del-rocio-de-barcelona-realiza-su-salida-al-encuentro-con-la-blanca-paloma\/","title":{"rendered":"La Hermandad del Roc\u00edo de Barcelona realiza su salida al encuentro con la Blanca Paloma"},"content":{"rendered":"\n<p>Los caminos se llenan de Hermandades y peregrinos para asistir a la Romer\u00eda del Roc\u00edo que se celebra en la aldea almonte\u00f1a, y la Hermandad de Barcelona se suma a esos caminos.<br>Este domingo 1 de junio la hermandad catalana celebr\u00f3 su Misa de Romeros en la que ha sido su sede can\u00f3nica durante sus 55 a\u00f1os de historia, la Iglesia de Sant Jaume.<br>Despu\u00e9s ha iniciado su salida por las calles del \u201cBarri G\u00f3tic\u201d de Barcelona en la que al Bendito Simpecado le han acompa\u00f1ado las palmas, sevillanas y plegarias. Durante el recorrido los vivas y las petaladas se hac\u00edan presentes para despedir al Sinelabe de la hermandad barcelonesa.<br>Durante el recorrido se ha rezado el \u00c1ngelus en la Catedral, se ha visitado Capitan\u00eda General, como es tradici\u00f3n, y finalmente ha recibido la bendici\u00f3n en la Bas\u00edlica de la Mare de D\u00e9u de la Merc\u00e8 donde ha emprendido su camino hac\u00eda Andaluc\u00eda.<\/p>\n\n\n\n<figure class=\"wp-block-gallery has-nested-images columns-default is-cropped td-modal-on-gallery wp-block-gallery-1 is-layout-flex wp-block-gallery-is-layout-flex\">\n<figure class=\"wp-block-image size-large\"><img loading=\"lazy\" decoding=\"async\" width=\"1024\" height=\"576\" data-id=\"2505\" src=\"https:\/\/raicesandaluzas.com\/revista\/wp-content\/uploads\/2025\/06\/RocioBCN2025_03-1024x576.jpg\" alt=\"\" class=\"wp-image-2505\" srcset=\"https:\/\/raicesandaluzas.com\/revista\/wp-content\/uploads\/2025\/06\/RocioBCN2025_03-1024x576.jpg 1024w, https:\/\/raicesandaluzas.com\/revista\/wp-content\/uploads\/2025\/06\/RocioBCN2025_03-300x169.jpg 300w, https:\/\/raicesandaluzas.com\/revista\/wp-content\/uploads\/2025\/06\/RocioBCN2025_03-768x432.jpg 768w, https:\/\/raicesandaluzas.com\/revista\/wp-content\/uploads\/2025\/06\/RocioBCN2025_03-747x420.jpg 747w, https:\/\/raicesandaluzas.com\/revista\/wp-content\/uploads\/2025\/06\/RocioBCN2025_03-696x392.jpg 696w, https:\/\/raicesandaluzas.com\/revista\/wp-content\/uploads\/2025\/06\/RocioBCN2025_03-1068x601.jpg 1068w, https:\/\/raicesandaluzas.com\/revista\/wp-content\/uploads\/2025\/06\/RocioBCN2025_03.jpg 1200w\" sizes=\"auto, (max-width: 1024px) 100vw, 1024px\" \/><\/figure>\n\n\n\n<figure class=\"wp-block-image size-large\"><img loading=\"lazy\" decoding=\"async\" width=\"899\" height=\"1024\" data-id=\"2506\" src=\"https:\/\/raicesandaluzas.com\/revista\/wp-content\/uploads\/2025\/06\/RocioBCN2025_02-899x1024.jpg\" alt=\"\" class=\"wp-image-2506\" srcset=\"https:\/\/raicesandaluzas.com\/revista\/wp-content\/uploads\/2025\/06\/RocioBCN2025_02-899x1024.jpg 899w, https:\/\/raicesandaluzas.com\/revista\/wp-content\/uploads\/2025\/06\/RocioBCN2025_02-263x300.jpg 263w, https:\/\/raicesandaluzas.com\/revista\/wp-content\/uploads\/2025\/06\/RocioBCN2025_02-768x875.jpg 768w, https:\/\/raicesandaluzas.com\/revista\/wp-content\/uploads\/2025\/06\/RocioBCN2025_02-369x420.jpg 369w, https:\/\/raicesandaluzas.com\/revista\/wp-content\/uploads\/2025\/06\/RocioBCN2025_02-696x793.jpg 696w, https:\/\/raicesandaluzas.com\/revista\/wp-content\/uploads\/2025\/06\/RocioBCN2025_02.jpg 1053w\" sizes=\"auto, (max-width: 899px) 100vw, 899px\" \/><\/figure>\n<\/figure>\n","protected":false},"excerpt":{"rendered":"<p>Los caminos se llenan de Hermandades y peregrinos para asistir a la Romer\u00eda del Roc\u00edo que se celebra en la aldea almonte\u00f1a, y la Hermandad de Barcelona se suma a esos caminos.Este domingo 1 de junio la hermandad catalana celebr\u00f3 su Misa de Romeros en la que ha sido su sede can\u00f3nica durante sus 55 [&hellip;]<\/p>\n","protected":false},"author":2,"featured_media":2507,"comment_status":"closed","ping_status":"open","sticky":false,"template":"","format":"standard","meta":{"footnotes":""},"categories":[19,21],"tags":[],"class_list":{"0":"post-2504","1":"post","2":"type-post","3":"status-publish","4":"format-standard","5":"has-post-thumbnail","7":"category-actualidad","8":"category-raices-rocieras"},"_links":{"self":[{"href":"https:\/\/raicesandaluzas.com\/revista\/wp-json\/wp\/v2\/posts\/2504","targetHints":{"allow":["GET"]}}],"collection":[{"href":"https:\/\/raicesandaluzas.com\/revista\/wp-json\/wp\/v2\/posts"}],"about":[{"href":"https:\/\/raicesandaluzas.com\/revista\/wp-json\/wp\/v2\/types\/post"}],"author":[{"embeddable":true,"href":"https:\/\/raicesandaluzas.com\/revista\/wp-json\/wp\/v2\/users\/2"}],"replies":[{"embeddable":true,"href":"https:\/\/raicesandaluzas.com\/revista\/wp-json\/wp\/v2\/comments?post=2504"}],"version-history":[{"count":1,"href":"https:\/\/raicesandaluzas.com\/revista\/wp-json\/wp\/v2\/posts\/2504\/revisions"}],"predecessor-version":[{"id":2508,"href":"https:\/\/raicesandaluzas.com\/revista\/wp-json\/wp\/v2\/posts\/2504\/revisions\/2508"}],"wp:featuredmedia":[{"embeddable":true,"href":"https:\/\/raicesandaluzas.com\/revista\/wp-json\/wp\/v2\/media\/2507"}],"wp:attachment":[{"href":"https:\/\/raicesandaluzas.com\/revista\/wp-json\/wp\/v2\/media?parent=2504"}],"wp:term":[{"taxonomy":"category","embeddable":true,"href":"https:\/\/raicesandaluzas.com\/revista\/wp-json\/wp\/v2\/categories?post=2504"},{"taxonomy":"post_tag","embeddable":true,"href":"https:\/\/raicesandaluzas.com\/revista\/wp-json\/wp\/v2\/tags?post=2504"}],"curies":[{"name":"wp","href":"https:\/\/api.w.org\/{rel}","templated":true}]}}