{"id":2499,"date":"2025-06-05T10:52:07","date_gmt":"2025-06-05T10:52:07","guid":{"rendered":"https:\/\/raicesandaluzas.com\/revista\/?p=2499"},"modified":"2025-06-05T10:52:08","modified_gmt":"2025-06-05T10:52:08","slug":"la-fecac-celebrara-la-52-edicio-de-la-romeria-del-rocio-el-proper-cap-de-setmana-a-terrassa","status":"publish","type":"post","link":"https:\/\/raicesandaluzas.com\/revista\/2025\/06\/05\/la-fecac-celebrara-la-52-edicio-de-la-romeria-del-rocio-el-proper-cap-de-setmana-a-terrassa\/","title":{"rendered":"La FECAC celebra desde hoy la 52 edici\u00f3n de la Romer\u00eda del\u00a0Roc\u00edo en Terrassa"},"content":{"rendered":"\n<p>La Federaci\u00f3n de Entidades Culturales Andaluzas en Catalunya (FECAC) celebrar\u00e1 el pr\u00f3ximo fin de semana la 52\u00aa Romer\u00eda del Roc\u00edo de Catalu\u00f1a en Terrassa por octava edici\u00f3n consecutiva. Participan en este evento religioso y cultural hermandades y asociaciones rocieras, entidades no rocieras socias de FECAC y otros grupos rocieros no adscritos a la Federaci\u00f3n hasta totalizar m\u00e1s de cien carpas y tiendas de campa\u00f1a en los dos espacios habilitados al efecto -zona de entidades y zona de  acampada-.<br>Los actos se iniciar\u00e1n el jueves d\u00eda 5 a las siete de la tarde con una misa en la iglesia de Sant Mart\u00ed de Cerdanyola del Valles, oficiada por su rector, moss\u00e9n Juan Carlos Montserrat, a la que seguir\u00e1 el traslado de la imagen de la Virgen del Roc\u00edo hasta la capilla habilitada en el recinto de Can Petit, en Terrassa, donde llegar\u00e1 al anochecer.<br>Las diversas hermandades rocieras llegar\u00e1n a su destino escalonadamente entre el viernes a la tarde y el s\u00e1bado al mediod\u00eda. A las seis de la tarde del s\u00e1bado desfilar\u00e1n por la capilla para presentar sus respetos a la Virgen, con sus simpecados, varas y dem\u00e1s ornamentos, todas las hermandades presentes encabezadas por sus presidentes y hermanos mayores. En esta edici\u00f3n se trata de las hermandades rocieras de Santa Coloma de Gramenet, los Romeros de Barcelona, Pineda de Mar, l\u2019Hospitalet de Llobregat, Rocieros de Carmona de l\u2019Hospitalet de Llobregat, Pastora Almonte\u00f1a de l\u2019Hospitalet, Virgen de la Rocina de Sant Adri\u00e0 del Bes\u00f3s, las Marismas, Cerdanyola del Vall\u00e8s, Los Varales, Matar\u00f3, Pastorcillo Divino de l\u2019Hospitalet, San Rafael Arc\u00e1ngel, Santo \u00c1ngel de Barcelona, Rub\u00ed, Bad\u00eda del Vall\u00e8s, la Blanca Paloma de Ma\u00e7anet, Divina Pastora de Matar\u00f3, Pastora del Alba de Sant Adri\u00e0 del Bes\u00f3s, Terrassa, la Pau, Badalona y Santa Maria de Las Arenas de Terrassa.<br>Los romeros ser\u00e1n recibidos por moss\u00e9n Juan Carlos Montserrat, rector de la iglesia de Sant Mart\u00ed; Daniel Salinero, presidente de la FECAC, y otras autoridades y miembros de la junta.<br><strong>El domingo, misa pontifical, rosario de la aurora y procesi\u00f3n de madrugada<br><\/strong>Los actos centrales tendr\u00e1n lugar el 8 de junio, Domingo de Pentecost\u00e9s, a las diez de la ma\u00f1ana,<br>con la misa pontifical que oficiar\u00e1 el obispo de Terrassa, monse\u00f1or Salvador Cristau Coll, y en la<br>que cantar\u00e1 el coro de la Hermandad Nuestra Se\u00f1ora del Roc\u00edo de Badia del Vall\u00e8s.<br>A las doce de la noche se celebrar\u00e1 el tradicional Rosario de la Aurora, con todo el recinto apagado y la \u00fanica lumbre que ofrecen las antorchas y velas de los romeros que, encabezados por sus simpecados, desfilar\u00e1n ante el altar. El rezo de las diversas estaciones del rosario correr\u00e1<br>a cargo del rector de la iglesia de Sant Mart\u00ed, Juan Carlos Montserrat, e ir\u00e1 acompa\u00f1ado por el<br>coro de la Hermandad Nuestra Se\u00f1ora del Roc\u00edo Virgen de la Rocina de Sant Adri\u00e0 de Bes\u00f3s. A la una y media de la madrugada del domingo al lunes se realizar\u00e1 la procesi\u00f3n de la Virgen, durante la cual visitar\u00e1 todas y cada una de las hermandades.<br>Finalmente, a las nueve y media de la ma\u00f1ana del lunes d\u00eda 9 de junio tendr\u00e1 lugar la misa del Alba cantada por el coro de la Hermandad Nuestra Se\u00f1ora del Roc\u00edo Los Romeros, de Barcelona. Ser\u00e1 oficiada por moss\u00e9n Juan Carlos Montserrat, rector de la iglesia de sant Mart\u00ed de Cerdanyola del Vall\u00e8s.<br>El cartel de esta edici\u00f3n es obra de Noelia Hormigo, de 27 a\u00f1os, miembro del Centro Cultural<br>Andaluz de Mollet del Vall\u00e8s.<\/p>\n","protected":false},"excerpt":{"rendered":"<p>La Federaci\u00f3n de Entidades Culturales Andaluzas en Catalunya (FECAC) celebrar\u00e1 el pr\u00f3ximo fin de semana la 52\u00aa Romer\u00eda del Roc\u00edo de Catalu\u00f1a en Terrassa por octava edici\u00f3n consecutiva. Participan en este evento religioso y cultural hermandades y asociaciones rocieras, entidades no rocieras socias de FECAC y otros grupos rocieros no adscritos a la Federaci\u00f3n hasta [&hellip;]<\/p>\n","protected":false},"author":2,"featured_media":2500,"comment_status":"closed","ping_status":"open","sticky":false,"template":"","format":"standard","meta":{"footnotes":""},"categories":[19,21],"tags":[],"class_list":{"0":"post-2499","1":"post","2":"type-post","3":"status-publish","4":"format-standard","5":"has-post-thumbnail","7":"category-actualidad","8":"category-raices-rocieras"},"_links":{"self":[{"href":"https:\/\/raicesandaluzas.com\/revista\/wp-json\/wp\/v2\/posts\/2499","targetHints":{"allow":["GET"]}}],"collection":[{"href":"https:\/\/raicesandaluzas.com\/revista\/wp-json\/wp\/v2\/posts"}],"about":[{"href":"https:\/\/raicesandaluzas.com\/revista\/wp-json\/wp\/v2\/types\/post"}],"author":[{"embeddable":true,"href":"https:\/\/raicesandaluzas.com\/revista\/wp-json\/wp\/v2\/users\/2"}],"replies":[{"embeddable":true,"href":"https:\/\/raicesandaluzas.com\/revista\/wp-json\/wp\/v2\/comments?post=2499"}],"version-history":[{"count":3,"href":"https:\/\/raicesandaluzas.com\/revista\/wp-json\/wp\/v2\/posts\/2499\/revisions"}],"predecessor-version":[{"id":2509,"href":"https:\/\/raicesandaluzas.com\/revista\/wp-json\/wp\/v2\/posts\/2499\/revisions\/2509"}],"wp:featuredmedia":[{"embeddable":true,"href":"https:\/\/raicesandaluzas.com\/revista\/wp-json\/wp\/v2\/media\/2500"}],"wp:attachment":[{"href":"https:\/\/raicesandaluzas.com\/revista\/wp-json\/wp\/v2\/media?parent=2499"}],"wp:term":[{"taxonomy":"category","embeddable":true,"href":"https:\/\/raicesandaluzas.com\/revista\/wp-json\/wp\/v2\/categories?post=2499"},{"taxonomy":"post_tag","embeddable":true,"href":"https:\/\/raicesandaluzas.com\/revista\/wp-json\/wp\/v2\/tags?post=2499"}],"curies":[{"name":"wp","href":"https:\/\/api.w.org\/{rel}","templated":true}]}}