{"id":2495,"date":"2025-05-29T11:11:37","date_gmt":"2025-05-29T11:11:37","guid":{"rendered":"https:\/\/raicesandaluzas.com\/revista\/?p=2495"},"modified":"2025-05-29T11:11:38","modified_gmt":"2025-05-29T11:11:38","slug":"la-aca-de-torello-celebra-una-nueva-edicion-de-su-romeria-este-fin-de-semana","status":"publish","type":"post","link":"https:\/\/raicesandaluzas.com\/revista\/2025\/05\/29\/la-aca-de-torello-celebra-una-nueva-edicion-de-su-romeria-este-fin-de-semana\/","title":{"rendered":"La ACA de Torell\u00f3 celebra una nueva edici\u00f3n de su Romer\u00eda este fin de semana"},"content":{"rendered":"\n<p>La Asociaci\u00f3n Cultural Andaluza de Torell\u00f3 organiza del 31 de mayo al 1 de junio su acto m\u00e1s destacado, su Romer\u00eda en honor a la Virgen del Roc\u00edo. Los actos comenzar\u00e1n el s\u00e1bado, 31 de mayo, a las 19 horas, en el local de la entidad (c\/ Rocaprevera) con el preg\u00f3n de Romer\u00eda a cargo de Isabel Dom\u00ednguez, acompa\u00f1ado por los cantos a la Blanca Paloma a cargo del Coro Rociero de la ACAT y la guitarra de David Caro. A las 20 horas comenzar\u00e1n las actuaciones, que ir\u00e1n a cargo de la Asociaci\u00f3n Cultural Andaluza de Tona y Baleny\u00e0, la ACA Pe\u00f1a Flamenca de Manlleu, la Asociaci\u00f3n Cultural \u00abMi Tierra y el Sur\u00bb de Vic, la Casa Cultural Andaluc\u00eda de la Garrotxa, y la Asociaci\u00f3n Cultural Andaluza de Torell\u00f3 con su grupo de baile \u201cEntre dos aguas\u201d. A continuaci\u00f3n, se rezar\u00e1 el Rosario.<br>Al d\u00eda siguiente, 1 de junio, los actos se trasladar\u00e1n a la zona polideportiva, donde se desayunar\u00e1 a las 8 de la ma\u00f1ana, y donde dar\u00e1 comienzo el Camino rociero con la Blanca Paloma hacia la parroquia del barrio de Montserrat. All\u00ed, a las 10 horas, se llevar\u00e1 a cabo la Misa rociera, cantada por el Coro Rociero de la Asociaci\u00f3n Cultural Andaluza de Torell\u00f3. Una vez concluida la misa, regreso al recinto de la Romer\u00eda donde la imagen de la Virgen del Roc\u00edo visitar\u00e1 a las entidades asistentes. A las 17 horas, actuar\u00e1 el grupo de cante, rumbas y sevillanas \u00abSevillan\u00eda\u00bb. Al acabar, los romeros acompa\u00f1ar\u00e1n a la Virgen hasta la sede de la ACAT.<\/p>\n\n\n\n<p>M\u00e1s informaci\u00f3n: <a href=\"https:\/\/www.facebook.com\/story.php?story_fbid=1128883999284848&amp;id=100064897742247&amp;rdid=DgEbLBUkZsNVOwzC#\">Ya queda muy&#8230; &#8211; Asociaci\u00f3n Cultural Andaluza de Torell\u00f3 | Facebook<\/a><\/p>\n","protected":false},"excerpt":{"rendered":"<p>La Asociaci\u00f3n Cultural Andaluza de Torell\u00f3 organiza del 31 de mayo al 1 de junio su acto m\u00e1s destacado, su Romer\u00eda en honor a la Virgen del Roc\u00edo. Los actos comenzar\u00e1n el s\u00e1bado, 31 de mayo, a las 19 horas, en el local de la entidad (c\/ Rocaprevera) con el preg\u00f3n de Romer\u00eda a cargo [&hellip;]<\/p>\n","protected":false},"author":1,"featured_media":2496,"comment_status":"closed","ping_status":"open","sticky":false,"template":"","format":"standard","meta":{"footnotes":""},"categories":[19,21],"tags":[],"class_list":{"0":"post-2495","1":"post","2":"type-post","3":"status-publish","4":"format-standard","5":"has-post-thumbnail","7":"category-actualidad","8":"category-raices-rocieras"},"_links":{"self":[{"href":"https:\/\/raicesandaluzas.com\/revista\/wp-json\/wp\/v2\/posts\/2495","targetHints":{"allow":["GET"]}}],"collection":[{"href":"https:\/\/raicesandaluzas.com\/revista\/wp-json\/wp\/v2\/posts"}],"about":[{"href":"https:\/\/raicesandaluzas.com\/revista\/wp-json\/wp\/v2\/types\/post"}],"author":[{"embeddable":true,"href":"https:\/\/raicesandaluzas.com\/revista\/wp-json\/wp\/v2\/users\/1"}],"replies":[{"embeddable":true,"href":"https:\/\/raicesandaluzas.com\/revista\/wp-json\/wp\/v2\/comments?post=2495"}],"version-history":[{"count":1,"href":"https:\/\/raicesandaluzas.com\/revista\/wp-json\/wp\/v2\/posts\/2495\/revisions"}],"predecessor-version":[{"id":2497,"href":"https:\/\/raicesandaluzas.com\/revista\/wp-json\/wp\/v2\/posts\/2495\/revisions\/2497"}],"wp:featuredmedia":[{"embeddable":true,"href":"https:\/\/raicesandaluzas.com\/revista\/wp-json\/wp\/v2\/media\/2496"}],"wp:attachment":[{"href":"https:\/\/raicesandaluzas.com\/revista\/wp-json\/wp\/v2\/media?parent=2495"}],"wp:term":[{"taxonomy":"category","embeddable":true,"href":"https:\/\/raicesandaluzas.com\/revista\/wp-json\/wp\/v2\/categories?post=2495"},{"taxonomy":"post_tag","embeddable":true,"href":"https:\/\/raicesandaluzas.com\/revista\/wp-json\/wp\/v2\/tags?post=2495"}],"curies":[{"name":"wp","href":"https:\/\/api.w.org\/{rel}","templated":true}]}}