{"id":2436,"date":"2025-05-15T09:45:35","date_gmt":"2025-05-15T09:45:35","guid":{"rendered":"https:\/\/raicesandaluzas.com\/revista\/?p=2436"},"modified":"2025-05-15T09:45:36","modified_gmt":"2025-05-15T09:45:36","slug":"el-simpecado-de-la-hermandad-del-rocio-de-barcelona-saldra-hacia-el-rocio-el-1-de-junio","status":"publish","type":"post","link":"https:\/\/raicesandaluzas.com\/revista\/2025\/05\/15\/el-simpecado-de-la-hermandad-del-rocio-de-barcelona-saldra-hacia-el-rocio-el-1-de-junio\/","title":{"rendered":"El Simpecado de la Hermandad del Roc\u00edo de Barcelona saldr\u00e1 hacia El Roc\u00edo el 1 de junio"},"content":{"rendered":"\n<p>El domingo 1 de junio, una semana antes de Pentecost\u00e9s, la Hermandad del Roc\u00edo de Barcelona celebrar\u00e1 la Santa Misa de Romeros a las 9.00 h de la ma\u00f1ana en la Iglesia de Sant Jaume i recorrer\u00e1 las calles del \u00abBarri G\u00f2tic\u00bb de la capital catalana para realizar su salida hacia la aldea del Roc\u00edo con motivo de la Romer\u00eda almonte\u00f1a en honor a la Sant\u00edsima Virgen del Roc\u00edo.<br>Este a\u00f1o a causa de las obras que se est\u00e1n realizando en el centro de Barcelona, la Junta de Gobierno de la Hermandad ha tenido que tomar la decisi\u00f3n de realizar su salida desde la Iglesia de Sant Jaume, antigua sede can\u00f3nica de la Hermandad, y ha modificado su recorrido.<br>El Sinelabe de la Hermandad de Barcelona pasar\u00e1 por C\/Ferran- Pl. Sant Jaume-C\/Llibreteria-C\/Veguer-Pla\u00e7a Del Rei-Baixada Santa Clara-C\/Comtes-CATEDRAL-C\/Sta.Ll\u00facia-C\/Bisbe-Plaza.st Jaume-C\/Ciutat-C\/Regomir-C\/Ample-C\/Plata-Passeig de Col\u00f3n-Capitan\u00eda-C\/Boltres i acabando en la Bas\u00edlica de la Merc\u00e8 donde recibir\u00e1 la bendici\u00f3n para iniciar el camino hacia la aldea almonte\u00f1a.<\/p>\n","protected":false},"excerpt":{"rendered":"<p>El domingo 1 de junio, una semana antes de Pentecost\u00e9s, la Hermandad del Roc\u00edo de Barcelona celebrar\u00e1 la Santa Misa de Romeros a las 9.00 h de la ma\u00f1ana en la Iglesia de Sant Jaume i recorrer\u00e1 las calles del \u00abBarri G\u00f2tic\u00bb de la capital catalana para realizar su salida hacia la aldea del Roc\u00edo [&hellip;]<\/p>\n","protected":false},"author":2,"featured_media":2437,"comment_status":"closed","ping_status":"open","sticky":false,"template":"","format":"standard","meta":{"footnotes":""},"categories":[19,21],"tags":[],"class_list":{"0":"post-2436","1":"post","2":"type-post","3":"status-publish","4":"format-standard","5":"has-post-thumbnail","7":"category-actualidad","8":"category-raices-rocieras"},"_links":{"self":[{"href":"https:\/\/raicesandaluzas.com\/revista\/wp-json\/wp\/v2\/posts\/2436","targetHints":{"allow":["GET"]}}],"collection":[{"href":"https:\/\/raicesandaluzas.com\/revista\/wp-json\/wp\/v2\/posts"}],"about":[{"href":"https:\/\/raicesandaluzas.com\/revista\/wp-json\/wp\/v2\/types\/post"}],"author":[{"embeddable":true,"href":"https:\/\/raicesandaluzas.com\/revista\/wp-json\/wp\/v2\/users\/2"}],"replies":[{"embeddable":true,"href":"https:\/\/raicesandaluzas.com\/revista\/wp-json\/wp\/v2\/comments?post=2436"}],"version-history":[{"count":1,"href":"https:\/\/raicesandaluzas.com\/revista\/wp-json\/wp\/v2\/posts\/2436\/revisions"}],"predecessor-version":[{"id":2438,"href":"https:\/\/raicesandaluzas.com\/revista\/wp-json\/wp\/v2\/posts\/2436\/revisions\/2438"}],"wp:featuredmedia":[{"embeddable":true,"href":"https:\/\/raicesandaluzas.com\/revista\/wp-json\/wp\/v2\/media\/2437"}],"wp:attachment":[{"href":"https:\/\/raicesandaluzas.com\/revista\/wp-json\/wp\/v2\/media?parent=2436"}],"wp:term":[{"taxonomy":"category","embeddable":true,"href":"https:\/\/raicesandaluzas.com\/revista\/wp-json\/wp\/v2\/categories?post=2436"},{"taxonomy":"post_tag","embeddable":true,"href":"https:\/\/raicesandaluzas.com\/revista\/wp-json\/wp\/v2\/tags?post=2436"}],"curies":[{"name":"wp","href":"https:\/\/api.w.org\/{rel}","templated":true}]}}