{"id":2432,"date":"2025-05-12T11:18:34","date_gmt":"2025-05-12T11:18:34","guid":{"rendered":"https:\/\/raicesandaluzas.com\/revista\/?p=2432"},"modified":"2025-05-12T11:18:34","modified_gmt":"2025-05-12T11:18:34","slug":"nueva-edicion-de-la-romeria-en-honor-a-maria-santisima-de-la-sierra","status":"publish","type":"post","link":"https:\/\/raicesandaluzas.com\/revista\/2025\/05\/12\/nueva-edicion-de-la-romeria-en-honor-a-maria-santisima-de-la-sierra\/","title":{"rendered":"Nueva edici\u00f3n de la Romer\u00eda en Honor a Mar\u00eda Sant\u00edsima de la Sierra"},"content":{"rendered":"\n<p>La Asociaci\u00f3n Cultural Andaluza Colonia Egabrense \u2013 Hermandad Filial de Santa Coloma de Gramenet lo tiene todo listo para celebrar su XLIV Gran Romer\u00eda de la Sierra. Del 23 al 25 de mayo, los fieles regresan de nuevo al recinto de Sant Jeroni de la Murtra con un programa en el que destacan sus actos tradicionales, como la cena del viernes, la ofrenda floral, nombramiento de Madrina y preg\u00f3n el s\u00e1bado, y la Romer\u00eda en s\u00ed el domingo.<br>La junta de la entidad ha decidido nombrar Madrina de la XLIV Gran Romer\u00eda a Sara Mart\u00ednez Zapata. El preg\u00f3n correr\u00e1 a cargo de la Real Archicofrad\u00eda de Mar\u00eds Sant\u00edsima de la Sierra, Patrona de Cabra (C\u00f3rdoba). El domingo ser\u00e1 el d\u00eda grande de la Romer\u00eda, con la salida de la imagen desde la Iglesia Mayor y la llegada al recinto de Sant Jeroni de la Murtra al mediod\u00eda.<\/p>\n","protected":false},"excerpt":{"rendered":"<p>La Asociaci\u00f3n Cultural Andaluza Colonia Egabrense \u2013 Hermandad Filial de Santa Coloma de Gramenet lo tiene todo listo para celebrar su XLIV Gran Romer\u00eda de la Sierra. Del 23 al 25 de mayo, los fieles regresan de nuevo al recinto de Sant Jeroni de la Murtra con un programa en el que destacan sus actos [&hellip;]<\/p>\n","protected":false},"author":1,"featured_media":2433,"comment_status":"closed","ping_status":"open","sticky":false,"template":"","format":"standard","meta":{"footnotes":""},"categories":[19],"tags":[],"class_list":{"0":"post-2432","1":"post","2":"type-post","3":"status-publish","4":"format-standard","5":"has-post-thumbnail","7":"category-actualidad"},"_links":{"self":[{"href":"https:\/\/raicesandaluzas.com\/revista\/wp-json\/wp\/v2\/posts\/2432","targetHints":{"allow":["GET"]}}],"collection":[{"href":"https:\/\/raicesandaluzas.com\/revista\/wp-json\/wp\/v2\/posts"}],"about":[{"href":"https:\/\/raicesandaluzas.com\/revista\/wp-json\/wp\/v2\/types\/post"}],"author":[{"embeddable":true,"href":"https:\/\/raicesandaluzas.com\/revista\/wp-json\/wp\/v2\/users\/1"}],"replies":[{"embeddable":true,"href":"https:\/\/raicesandaluzas.com\/revista\/wp-json\/wp\/v2\/comments?post=2432"}],"version-history":[{"count":1,"href":"https:\/\/raicesandaluzas.com\/revista\/wp-json\/wp\/v2\/posts\/2432\/revisions"}],"predecessor-version":[{"id":2434,"href":"https:\/\/raicesandaluzas.com\/revista\/wp-json\/wp\/v2\/posts\/2432\/revisions\/2434"}],"wp:featuredmedia":[{"embeddable":true,"href":"https:\/\/raicesandaluzas.com\/revista\/wp-json\/wp\/v2\/media\/2433"}],"wp:attachment":[{"href":"https:\/\/raicesandaluzas.com\/revista\/wp-json\/wp\/v2\/media?parent=2432"}],"wp:term":[{"taxonomy":"category","embeddable":true,"href":"https:\/\/raicesandaluzas.com\/revista\/wp-json\/wp\/v2\/categories?post=2432"},{"taxonomy":"post_tag","embeddable":true,"href":"https:\/\/raicesandaluzas.com\/revista\/wp-json\/wp\/v2\/tags?post=2432"}],"curies":[{"name":"wp","href":"https:\/\/api.w.org\/{rel}","templated":true}]}}